{"id":69207,"date":"2025-03-17T14:00:34","date_gmt":"2025-03-17T12:00:34","guid":{"rendered":"https:\/\/orheifm.live\/index.php\/2025\/03\/17\/zelensky-a-semnat-legea-privind-trimiterea-trupelor-ucrainene-in-alte-tari\/"},"modified":"2025-03-17T14:00:34","modified_gmt":"2025-03-17T12:00:34","slug":"zelensky-a-semnat-legea-privind-trimiterea-trupelor-ucrainene-in-alte-tari","status":"publish","type":"post","link":"https:\/\/orheifm.live\/index.php\/2025\/03\/17\/zelensky-a-semnat-legea-privind-trimiterea-trupelor-ucrainene-in-alte-tari\/","title":{"rendered":"Zelensky a semnat legea privind trimiterea trupelor ucrainene \u00een alte \u021b\u0103ri"},"content":{"rendered":"<div>\n<p data-start=\"82\" data-end=\"831\"><strong>Pre\u0219edintele Ucrainei, Vladimir Zelensky, a semnat o lege care acord\u0103 pre\u0219edintelui dreptul de a trimite unit\u0103\u021bi ale For\u021belor Armate ale Ucrainei (FAU) \u00een alte state pe perioada st\u0103rii de r\u0103zboi. Conform legii, trupele ucrainene pot fi trimise \u00een alte \u021b\u0103ri pentru a asigura securitatea \u0219i ap\u0103rarea, pentru a contracara agresiunea \u00eempotriva Ucrainei \u0219i pentru a proteja suveranitatea \u0219i integritatea teritorial\u0103 a \u021b\u0103rii. <\/strong><\/p>\n<p data-start=\"82\" data-end=\"831\">Decizia de a trimite solda\u021bi \u00een alte state este luat\u0103 de pre\u0219edinte, care trebuie s\u0103 prezinte un proiect de lege c\u0103tre Rada Suprem\u0103 pentru aprobare. Pre\u0219edintele trebuie s\u0103 furnizeze informa\u021bii despre num\u0103rul unit\u0103\u021bilor, tipul armamentului \u0219i echipamentului militar, precum \u0219i durata prezen\u021bei acestora pe teritoriul altor state.<\/p>\n<p data-start=\"833\" data-end=\"1325\">Mandatul lui Zelensky ca pre\u0219edinte al Ucrainei se va \u00eencheia oficial pe 20 mai 2024. Din cauza st\u0103rii de r\u0103zboi, alegerile nu au fost organizate. \u00cen acest context, pre\u0219edintele Rusiei, Vladimir Putin, a ridicat \u00eentrebarea despre cine va fi interlocutorul de la Kiev pentru negocierile de pace. Anterior, fostul pre\u0219edinte american Donald Trump \u00eel numise pe Zelensky \u201edictator f\u0103r\u0103 alegeri\u201d \u0219i spusese c\u0103, dac\u0103 acesta dore\u0219te s\u0103 participe la negocieri, \u00een Ucraina trebuie s\u0103 aib\u0103 loc alegeri.<\/p>\n<p data-start=\"1327\" data-end=\"1444\" data-is-last-node=\"\" data-is-only-node=\"\">Recent, \u00een Germania, au explicat motivele pentru care Zelensky face schimb\u0103ri \u00een cadrul For\u021belor Armate ale Ucrainei.<\/p>\n<\/div>\n","protected":false},"excerpt":{"rendered":"<div><img loading=\"lazy\" decoding=\"async\" width=\"696\" height=\"464\" src=\"https:\/\/canal5.md\/wp-content\/uploads\/2025\/03\/ap25041618550362-pic_32ratio_900x600-900x600-78561-optimized.jpg\" class=\"attachment-large size-large wp-post-image\" alt=\"\" srcset=\"https:\/\/canal5.md\/wp-content\/uploads\/2025\/03\/ap25041618550362-pic_32ratio_900x600-900x600-78561-optimized.jpg 900w, https:\/\/canal5.md\/wp-content\/uploads\/2025\/03\/ap25041618550362-pic_32ratio_900x600-900x600-78561-300x200-optimized.jpg 300w, https:\/\/canal5.md\/wp-content\/uploads\/2025\/03\/ap25041618550362-pic_32ratio_900x600-900x600-78561-768x512-optimized.jpg 768w, https:\/\/canal5.md\/wp-content\/uploads\/2025\/03\/ap25041618550362-pic_32ratio_900x600-900x600-78561-696x464-optimized.jpg 696w\">Pre\u0219edintele Ucrainei, Vladimir Zelensky, a semnat o lege care acord\u0103 pre\u0219edintelui dreptul de a trimite unit\u0103\u021bi ale For\u021belor Armate ale Ucrainei (FAU) \u00een alte state pe perioada st\u0103rii de r\u0103zboi. Conform legii, trupele ucrainene pot fi trimise \u00een alte \u021b\u0103ri pentru a asigura securitatea \u0219i ap\u0103rarea, pentru a contracara agresiunea \u00eempotriva Ucrainei \u0219i pentru a [\u2026]<\/div>\n","protected":false},"author":1,"featured_media":69208,"comment_status":"closed","ping_status":"closed","sticky":false,"template":"","format":"standard","meta":{"jnews-multi-image_gallery":[],"jnews_single_post":[],"jnews_primary_category":[],"jnews_social_meta":[],"jnews_override_counter":[],"footnotes":""},"categories":[29],"tags":[],"class_list":["post-69207","post","type-post","status-publish","format-standard","has-post-thumbnail","hentry","category-externe_ro"],"_links":{"self":[{"href":"https:\/\/orheifm.live\/index.php\/wp-json\/wp\/v2\/posts\/69207","targetHints":{"allow":["GET"]}}],"collection":[{"href":"https:\/\/orheifm.live\/index.php\/wp-json\/wp\/v2\/posts"}],"about":[{"href":"https:\/\/orheifm.live\/index.php\/wp-json\/wp\/v2\/types\/post"}],"author":[{"embeddable":true,"href":"https:\/\/orheifm.live\/index.php\/wp-json\/wp\/v2\/users\/1"}],"replies":[{"embeddable":true,"href":"https:\/\/orheifm.live\/index.php\/wp-json\/wp\/v2\/comments?post=69207"}],"version-history":[{"count":0,"href":"https:\/\/orheifm.live\/index.php\/wp-json\/wp\/v2\/posts\/69207\/revisions"}],"wp:featuredmedia":[{"embeddable":true,"href":"https:\/\/orheifm.live\/index.php\/wp-json\/wp\/v2\/media\/69208"}],"wp:attachment":[{"href":"https:\/\/orheifm.live\/index.php\/wp-json\/wp\/v2\/media?parent=69207"}],"wp:term":[{"taxonomy":"category","embeddable":true,"href":"https:\/\/orheifm.live\/index.php\/wp-json\/wp\/v2\/categories?post=69207"},{"taxonomy":"post_tag","embeddable":true,"href":"https:\/\/orheifm.live\/index.php\/wp-json\/wp\/v2\/tags?post=69207"}],"curies":[{"name":"wp","href":"https:\/\/api.w.org\/{rel}","templated":true}]}}