{"id":69089,"date":"2025-03-14T22:04:11","date_gmt":"2025-03-14T20:04:11","guid":{"rendered":"https:\/\/orheifm.live\/index.php\/2025\/03\/14\/a-fost-publicata-poza-killerului-care-a-ucis-un-barbat-la-o-terasa-din-chisinau-intr-un-asasinat-la-comanda-video\/"},"modified":"2025-03-14T22:04:11","modified_gmt":"2025-03-14T20:04:11","slug":"a-fost-publicata-poza-killerului-care-a-ucis-un-barbat-la-o-terasa-din-chisinau-intr-un-asasinat-la-comanda-video","status":"publish","type":"post","link":"https:\/\/orheifm.live\/index.php\/2025\/03\/14\/a-fost-publicata-poza-killerului-care-a-ucis-un-barbat-la-o-terasa-din-chisinau-intr-un-asasinat-la-comanda-video\/","title":{"rendered":"A fost publicat\u0103 poza killerului care a ucis un b\u0103rbat la o teras\u0103 din Chi\u0219in\u0103u, \u00eentr-un asasinat la comand\u0103 |VIDEO"},"content":{"rendered":"<div>\n<p><strong>Se \u0219tie cum arat\u0103 killerul care, acum opt luni, a comis un asasinat la comand\u0103 la o teras\u0103 din sectorul R\u00ee\u0219cani al Capitalei. Unele canale de Telegram au afi\u0219at recent fotografia acestuia. Killerul de 43 de an se nume\u0219te Kemal Arma\u011fan.<\/strong><br \/>\n<iframe loading=\"lazy\" title=\"YouTube video player\" src=\"https:\/\/www.youtube.com\/embed\/OCxTuboyPQs?si=xcUedAQmhWgSq_S7\" width=\"560\" height=\"315\" frameborder=\"0\" allowfullscreen=\"allowfullscreen\"><\/iframe><br \/>\n\u00cen Turcia, el se afla sub identitate fals\u0103 \u0219i era c\u0103utat de Interpol de 10 ani pentru, aten\u021bie!, 3 crime comise \u00een Moldova \u0219i \u00eentr-un ora\u0219 din Turcia, a\u0219a cum scriu unele portaluri de \u0219tiri. Re\u021binerea acestuia a fost confirmat\u0103 de c\u0103tre Inspectoratul General al Poli\u021biei.<\/p>\n<p>\u00cen comunicatul oficial, se precizeaz\u0103 c\u0103, pe parcursul acestei perioade, autorit\u0103\u021bile din Republica Moldova au colaborat cu Europol \u0219i Interpol.<\/p>\n<p>Amintim c\u0103, pe 10 iulie 2024, \u00een sectorul R\u00ee\u0219cani al Chi\u0219in\u0103ului, o persoan\u0103 necunoscut\u0103, aflat\u0103 pe o trotinet\u0103 \u0219i cu fa\u021ba acoperit\u0103, l-a \u00eempu\u0219cat mortal pe un membru al unei grup\u0103ri criminale, care se afla \u00een c\u0103utare interna\u021bional\u0103. Dup\u0103 comiterea crimei, autorul a reu\u0219it, f\u0103r\u0103 probleme, s\u0103 fug\u0103 din Republica Moldova prin vama Sculeni.<\/p>\n<p>Oamenii legii au re\u021binut dou\u0103 persoane suspectate de complicitate la comiterea crimei. Anterior, avocatul Dorin Podlisnic a declarat la emisiunea PULS de la Canal 5 c\u0103 acest caz trebuie s\u0103 se finalizeze nu doar cu demisii, dar \u0219i cu atragerea la r\u0103spundere a responsabililor. Potrivit lui, \u00een ultimii ani, moldovenii devin sclavii \u0219i robi ai unei guvern\u0103ri care habar nu are ce se \u00eent\u00e2mpl\u0103 \u00een \u021bara pe care o conduc.<\/p>\n<\/div>\n","protected":false},"excerpt":{"rendered":"<div><img decoding=\"async\" width=\"696\" height=\"392\" src=\"https:\/\/canal5.md\/wp-content\/uploads\/2025\/03\/1-94-1024x576-optimized.jpg\" class=\"attachment-large size-large wp-post-image\" alt=\"\" loading=\"lazy\" srcset=\"https:\/\/canal5.md\/wp-content\/uploads\/2025\/03\/1-94-1024x576-optimized.jpg 1024w, https:\/\/canal5.md\/wp-content\/uploads\/2025\/03\/1-94-300x169-optimized.jpg 300w, https:\/\/canal5.md\/wp-content\/uploads\/2025\/03\/1-94-768x432-optimized.jpg 768w, https:\/\/canal5.md\/wp-content\/uploads\/2025\/03\/1-94-696x392-optimized.jpg 696w, https:\/\/canal5.md\/wp-content\/uploads\/2025\/03\/1-94-1068x601-optimized.jpg 1068w, https:\/\/canal5.md\/wp-content\/uploads\/2025\/03\/1-94-optimized.jpg 1200w\">Se \u0219tie cum arat\u0103 killerul care, acum opt luni, a comis un asasinat la comand\u0103 la o teras\u0103 din sectorul R\u00ee\u0219cani al Capitalei. Unele canale de Telegram au afi\u0219at recent fotografia acestuia. Killerul de 43 de an se nume\u0219te Kemal Arma\u011fan. \u00cen Turcia, el se afla sub identitate fals\u0103 \u0219i era c\u0103utat de Interpol de [\u2026]<\/div>\n","protected":false},"author":1,"featured_media":69090,"comment_status":"closed","ping_status":"closed","sticky":false,"template":"","format":"standard","meta":{"jnews-multi-image_gallery":[],"jnews_single_post":[],"jnews_primary_category":[],"jnews_social_meta":[],"jnews_override_counter":[],"footnotes":""},"categories":[30],"tags":[],"class_list":["post-69089","post","type-post","status-publish","format-standard","has-post-thumbnail","hentry","category-social_ro"],"_links":{"self":[{"href":"https:\/\/orheifm.live\/index.php\/wp-json\/wp\/v2\/posts\/69089","targetHints":{"allow":["GET"]}}],"collection":[{"href":"https:\/\/orheifm.live\/index.php\/wp-json\/wp\/v2\/posts"}],"about":[{"href":"https:\/\/orheifm.live\/index.php\/wp-json\/wp\/v2\/types\/post"}],"author":[{"embeddable":true,"href":"https:\/\/orheifm.live\/index.php\/wp-json\/wp\/v2\/users\/1"}],"replies":[{"embeddable":true,"href":"https:\/\/orheifm.live\/index.php\/wp-json\/wp\/v2\/comments?post=69089"}],"version-history":[{"count":0,"href":"https:\/\/orheifm.live\/index.php\/wp-json\/wp\/v2\/posts\/69089\/revisions"}],"wp:featuredmedia":[{"embeddable":true,"href":"https:\/\/orheifm.live\/index.php\/wp-json\/wp\/v2\/media\/69090"}],"wp:attachment":[{"href":"https:\/\/orheifm.live\/index.php\/wp-json\/wp\/v2\/media?parent=69089"}],"wp:term":[{"taxonomy":"category","embeddable":true,"href":"https:\/\/orheifm.live\/index.php\/wp-json\/wp\/v2\/categories?post=69089"},{"taxonomy":"post_tag","embeddable":true,"href":"https:\/\/orheifm.live\/index.php\/wp-json\/wp\/v2\/tags?post=69089"}],"curies":[{"name":"wp","href":"https:\/\/api.w.org\/{rel}","templated":true}]}}