{"id":69087,"date":"2025-03-14T22:12:21","date_gmt":"2025-03-14T20:12:21","guid":{"rendered":"https:\/\/orheifm.live\/index.php\/2025\/03\/14\/de-unde-atata-dispret-fata-de-jurnalisti-domnule-popsoi-majoritatea-chisinauienilor-nu-stiu-nici-macar-numele-dumneavoastra-video\/"},"modified":"2025-03-14T22:12:21","modified_gmt":"2025-03-14T20:12:21","slug":"de-unde-atata-dispret-fata-de-jurnalisti-domnule-popsoi-majoritatea-chisinauienilor-nu-stiu-nici-macar-numele-dumneavoastra-video","status":"publish","type":"post","link":"https:\/\/orheifm.live\/index.php\/2025\/03\/14\/de-unde-atata-dispret-fata-de-jurnalisti-domnule-popsoi-majoritatea-chisinauienilor-nu-stiu-nici-macar-numele-dumneavoastra-video\/","title":{"rendered":"De unde at\u00e2ta dispre\u021b fa\u021b\u0103 de jurnali\u0219ti, domnule Pop\u0219oi? Majoritatea chi\u0219in\u0103uienilor nu \u0219tiu nici m\u0103car numele dumneavoastr\u0103 |VIDEO"},"content":{"rendered":"<div>\n<p><strong>Are probleme cu auzul sau \u0219i-a \u00eenghi\u021bit limba? Mihai Pop\u0219oi a afi\u0219at un comportament sfid\u0103tor fa\u021b\u0103 de o jurnalist\u0103 Canal 5 care, numai a diplomat nu miroase. Ministrul de Externe a trecut arogant pe l\u00e2ng\u0103 reporterul nostru care a vrut s\u0103 afle informa\u021bii oficiale despre rechemarea ambasadorului Moldovei \u00een Statele Unite ale Americii. <\/strong><br \/>\n<iframe loading=\"lazy\" title=\"YouTube video player\" src=\"https:\/\/www.youtube.com\/embed\/RfD78PxXhfY?si=QdUp7trPNk87Y5He\" width=\"560\" height=\"315\" frameborder=\"0\" allowfullscreen=\"allowfullscreen\"><\/iframe><br \/>\nDar, exist\u0103 vreun motiv ca ministrul s\u0103 se comporte at\u00e2t de arogant, cu ce realiz\u0103ri se poate l\u0103uda \u0219i ce cunosc cet\u0103\u021benii despre ele? Noi am vorbit cu chi\u0219in\u0103uienii \u0219i \u00eei recomand\u0103m insistent lui Mihai Popsoi s\u0103-i aud\u0103. Sunt contribuabilii din buzunarele c\u0103rora ministrul prime\u0219te salariul \u0219i care nici m\u0103car nu \u0219tiu numele lui.<\/p>\n<p>Mini\u0219trii galbeni afi\u0219eaz\u0103 un comportament din ce \u00een ce mai suburban. De aceast\u0103 dat\u0103, diplomatul Mihai Pop\u0219oi \u0219i-a uitat acas\u0103 diploma\u021bia \u0219i polite\u021bea. Mai mult, \u00eenv\u0103luit de arogan\u021b\u0103 ministrul de Externe a trecut pe l\u00e2ng\u0103 echipa Canal 5, afi\u0219\u00e2nd o atitudine plin\u0103 de ignoran\u021b\u0103 care este departe de statutul profesional pe care \u00eel de\u021bine.<\/p>\n<p>Reporterul nostru a vrut s\u0103 afle dac\u0103 este adev\u0103rat\u0103 informa\u021bia lansat\u0103 de Tudor Ulianovschi potrivit c\u0103ruia administra\u021bia pre\u0219edintelui american ar fi cerut Moldovei s\u0103 recheme ambasadorul din SUA \u00een leg\u0103rur\u0103 cu declara\u021biile anti-Trump ale conducerii \u021b\u0103rii sau cu orientarea sexual\u0103 netradi\u021bional\u0103 a diplomatului.<\/p>\n<p>JURNALIST Canal 5<\/p>\n<p>Bun\u0103 diminea\u021ba, dle Pop\u0219oi! Spune\u021bi-ne v\u0103 rog, este adev\u0103rat c\u0103 SUA a cerut rechemarea ambasadorului Viorel Ursu?<\/p>\n<p>Aerele de demnitar important cu mandat de diplomat \u00eel ajut\u0103 pe Mihai Pop\u0219oi, cel ma probabil peste hotare, acolo unde se plimb\u0103 mai des dec\u00e2t acas\u0103.<\/p>\n<p>Prin Moldova, ministrul a fost v\u0103zut regulat cu gazetele galbene sub bra\u021b \u00een timpul campaniilor electorale, acum \u00eens\u0103, majoritatea moldovenilor spun c\u0103 habar nu au cine este ministrul de externe, cum arat\u0103 \u0219i ce a realizat timp de un an de c\u00e2nd este \u0219eful diploma\u021biei moldovene\u0219ti.<\/p>\n<p>\u2013 Cine \u00een Republica Moldova este ministru al Afacerilor Externe?<\/p>\n<p>\u2013 Nu \u0219tiu.<\/p>\n<p>\u2013 Dar acum arat\u0103 el?<\/p>\n<p>\u2013 Nu, dac\u0103 sincer nu m\u0103 uit la politic\u0103.<\/p>\n<p>\u2013 Dar, de domnul Mihai Pop\u0219oi a\u021bi auzit?<\/p>\n<p>\u2013 Nu.<\/p>\n<p>\u2013 De dl Pop\u0219oi cunoa\u0219te\u021bi?<\/p>\n<p>\u2013 Nu. \u2013<\/p>\n<p>Nu a\u021bi auzit de dumnealui, nu?<\/p>\n<p>\u2013 Nu.<\/p>\n<p>\u2013 Dar cum arat\u0103 el, \u0219ti\u021bi?<\/p>\n<p>\u2013 Nu \u0219tiu.<\/p>\n<p>\u2013 O femeie<\/p>\n<p>\u2013 Nu, este un b\u0103rbat.<\/p>\n<p>\u2013 O s\u0103 st\u0103m s\u0103 ghicim.<\/p>\n<p>\u2013 Ministrul Afacerilor Externe? Sincer nu am idee.<\/p>\n<p>\u2013 Despre Mihai Pop\u0219oi a\u0219i auzit? \u2013 A, da. \u2013 \u0218ti\u021bi cum arat\u0103?<\/p>\n<p>\u2013 Da, totul e corect, el de c\u00e2teva luni e ministru.<\/p>\n<p>\u2013 Dar, cunoa\u0219te\u021bi ce a f\u0103cut \u00een toat\u0103 aceast\u0103 perioad\u0103 de c\u00e2nd a ajuns ministru?<\/p>\n<p>\u2013 Nu, nu \u0219tiu nimic.<\/p>\n<p>\u2013 Nu prea sunt la curent, am uitat, mai ales c\u0103 se schimb\u0103 foarte des mini\u0219trii \u0219i nu mai duc cont.<\/p>\n<p>\u2013 De dl Pop\u0219oi a\u021bi auzit?<\/p>\n<p>\u2013 Da, el nu demult a fost numit \u0219i de asta.<\/p>\n<p>\u2013 Dar cunoa\u0219te\u021bi cum arat\u0103, l-a\u021bi v\u0103zut la televizor.<\/p>\n<p>\u2013 La fa\u021b\u0103 desigur c\u0103 \u00eel cunoa\u0219tem, \u00eenc\u0103 din Parlament \u00eel \u0219tim.<\/p>\n<p>\u2013 Ce a f\u0103cut el pentru \u021bara noastr\u0103 de c\u00e2nd a devenit ministru?<\/p>\n<p>\u2013 Nu v\u0103 pot spune pentru c\u0103 noi nu prea urm\u0103rim politica.<\/p>\n<p>\u2013 M\u0103 uit pe Tiktok, dar am uitat.<\/p>\n<p>\u2013 De dl Pop\u0219oi v\u0103 este cunoscut? \u2013 Da, eu m\u0103 uit pe Tiktok \u0219i \u00eel v\u0103d.<\/p>\n<p>\u2013 \u0218ti\u021bi cum arat\u0103?<\/p>\n<p>\u2013 \u0218i, ce a f\u0103cut pentru \u021bara noastr\u0103?<\/p>\n<p>\u2013 Nimic, v\u0103 spun cinstit. To\u021bi \u00eel critic\u0103 pe Tiktok, to\u021bi.<\/p>\n<p>Devine deja tradi\u021bie, \u00een stilul celor mai ur\u00e2te maniere ca demnitarii PAS s\u0103 refuze \u00een mod grosolan s\u0103 r\u0103spund\u0103 la \u00eentreb\u0103rile jurnali\u0219tilor Canal 5. Obstacole ne-au fost puse p\u00e2n\u0103 \u0219i de c\u0103tre agen\u021bii de securitate a pre\u0219edintelui \u021b\u0103rii.<\/p>\n<p>Recent, bodygarzii Maiei Sandu au bruscat colega noastr\u0103, \u00eembr\u00e2ncind-o \u0219i apuc\u00e2nd-o violent de bra\u021b atunci c\u00e2nd ea a \u00eencercat s\u0103-i pun\u0103 pre\u0219edintelui c\u00e2teva \u00eentreb\u0103ri. Iar, Ala Nimerenco a amenin\u021bat jurnalista Canal 5 pentru c\u0103 aceasta \u00eei punea \u00eentreb\u0103ri. Postul nostru de televiziune are interzis \u00een cl\u0103direa Guvernului, la fel ca \u00een cea a Parlamentului sau a Pre\u0219edin\u021biei.<\/p>\n<\/div>\n","protected":false},"excerpt":{"rendered":"<div><img loading=\"lazy\" decoding=\"async\" width=\"696\" height=\"393\" src=\"https:\/\/canal5.md\/wp-content\/uploads\/2025\/03\/rwdm6bvcthqc3zwc8rxmpsutf4dlf3nwaavag5ahkq7mxqccab1wlna0ahsjxjxpb0rjuxeuhh2h4dzhwu_onveo-optimized.jpg\" class=\"attachment-large size-large wp-post-image\" alt=\"\" srcset=\"https:\/\/canal5.md\/wp-content\/uploads\/2025\/03\/rwdm6bvcthqc3zwc8rxmpsutf4dlf3nwaavag5ahkq7mxqccab1wlna0ahsjxjxpb0rjuxeuhh2h4dzhwu_onveo-optimized.jpg 1000w, https:\/\/canal5.md\/wp-content\/uploads\/2025\/03\/rwdm6bvcthqc3zwc8rxmpsutf4dlf3nwaavag5ahkq7mxqccab1wlna0ahsjxjxpb0rjuxeuhh2h4dzhwu_onveo-300x169-optimized.jpg 300w, https:\/\/canal5.md\/wp-content\/uploads\/2025\/03\/rwdm6bvcthqc3zwc8rxmpsutf4dlf3nwaavag5ahkq7mxqccab1wlna0ahsjxjxpb0rjuxeuhh2h4dzhwu_onveo-768x433-optimized.jpg 768w, https:\/\/canal5.md\/wp-content\/uploads\/2025\/03\/rwdm6bvcthqc3zwc8rxmpsutf4dlf3nwaavag5ahkq7mxqccab1wlna0ahsjxjxpb0rjuxeuhh2h4dzhwu_onveo-696x393-optimized.jpg 696w\">Are probleme cu auzul sau \u0219i-a \u00eenghi\u021bit limba? Mihai Pop\u0219oi a afi\u0219at un comportament sfid\u0103tor fa\u021b\u0103 de o jurnalist\u0103 Canal 5 care, numai a diplomat nu miroase. Ministrul de Externe a trecut arogant pe l\u00e2ng\u0103 reporterul nostru care a vrut s\u0103 afle informa\u021bii oficiale despre rechemarea ambasadorului Moldovei \u00een Statele Unite ale Americii. Dar, exist\u0103 [\u2026]<\/div>\n","protected":false},"author":1,"featured_media":69088,"comment_status":"closed","ping_status":"closed","sticky":false,"template":"","format":"standard","meta":{"jnews-multi-image_gallery":[],"jnews_single_post":[],"jnews_primary_category":[],"jnews_social_meta":[],"jnews_override_counter":[],"footnotes":""},"categories":[23],"tags":[],"class_list":["post-69087","post","type-post","status-publish","format-standard","has-post-thumbnail","hentry","category-politica_ro"],"_links":{"self":[{"href":"https:\/\/orheifm.live\/index.php\/wp-json\/wp\/v2\/posts\/69087","targetHints":{"allow":["GET"]}}],"collection":[{"href":"https:\/\/orheifm.live\/index.php\/wp-json\/wp\/v2\/posts"}],"about":[{"href":"https:\/\/orheifm.live\/index.php\/wp-json\/wp\/v2\/types\/post"}],"author":[{"embeddable":true,"href":"https:\/\/orheifm.live\/index.php\/wp-json\/wp\/v2\/users\/1"}],"replies":[{"embeddable":true,"href":"https:\/\/orheifm.live\/index.php\/wp-json\/wp\/v2\/comments?post=69087"}],"version-history":[{"count":0,"href":"https:\/\/orheifm.live\/index.php\/wp-json\/wp\/v2\/posts\/69087\/revisions"}],"wp:featuredmedia":[{"embeddable":true,"href":"https:\/\/orheifm.live\/index.php\/wp-json\/wp\/v2\/media\/69088"}],"wp:attachment":[{"href":"https:\/\/orheifm.live\/index.php\/wp-json\/wp\/v2\/media?parent=69087"}],"wp:term":[{"taxonomy":"category","embeddable":true,"href":"https:\/\/orheifm.live\/index.php\/wp-json\/wp\/v2\/categories?post=69087"},{"taxonomy":"post_tag","embeddable":true,"href":"https:\/\/orheifm.live\/index.php\/wp-json\/wp\/v2\/tags?post=69087"}],"curies":[{"name":"wp","href":"https:\/\/api.w.org\/{rel}","templated":true}]}}