{"id":69085,"date":"2025-03-14T22:02:03","date_gmt":"2025-03-14T20:02:03","guid":{"rendered":"https:\/\/orheifm.live\/index.php\/2025\/03\/14\/extradarea-lui-veaceslav-platon-din-londra-o-miscare-politica-in-pragul-alegerilor-sau-un-proces-legal-video\/"},"modified":"2025-03-14T22:02:03","modified_gmt":"2025-03-14T20:02:03","slug":"extradarea-lui-veaceslav-platon-din-londra-o-miscare-politica-in-pragul-alegerilor-sau-un-proces-legal-video","status":"publish","type":"post","link":"https:\/\/orheifm.live\/index.php\/2025\/03\/14\/extradarea-lui-veaceslav-platon-din-londra-o-miscare-politica-in-pragul-alegerilor-sau-un-proces-legal-video\/","title":{"rendered":"Extr\u0103darea lui Veaceslav Platon din Londra: O mi\u0219care politic\u0103 \u00een pragul alegerilor sau un proces legal? |VIDEO"},"content":{"rendered":"<div>\n<p><strong>O nou\u0103 mi\u0219care pentru cur\u0103\u021barea terenului politic \u00eenainte de alegerile parlamentare? PAS a reu\u0219it s\u0103 ob\u021bin\u0103 extr\u0103darea din Londra a omului de afaceri Veaceslav Platon, unul dintre criticii s\u0103i vehemen\u021bi. <\/strong><br \/>\n<iframe loading=\"lazy\" title=\"YouTube video player\" src=\"https:\/\/www.youtube.com\/embed\/Ow_Ndou3kbk?si=KTCW1B6yXlAjVMgl\" width=\"560\" height=\"315\" frameborder=\"0\" allowfullscreen=\"allowfullscreen\"><\/iframe><br \/>\nCiudat este c\u0103 acest lucru se \u00eent\u00e2mpl\u0103 an electoral, av\u00e2nd \u00een vedere c\u0103 p\u00e2n\u0103 acum nu s-au v\u0103zut mi\u0219c\u0103ri \u00een acest sens. Maia Sandu a dat vina pe institu\u021biile specializate, subordonate tot guvern\u0103rii PAS, men\u021bion\u00e2nd c\u0103 toate c\u0103ut\u0103rile erau formale.<\/p>\n<p>Procuratura General\u0103 a anun\u021bat c\u0103 autorit\u0103\u021bile britanice au informat Moldova despre re\u021binerea pentru extr\u0103dare a lui Platon, dup\u0103 o cerere depus\u0103, aten\u021bie, la sf\u00e2r\u0219itul anului trecut. Jurnalista Natalia Morari, care are un copil cu Platon, a comentat c\u0103 unii se bucur\u0103 prea devreme.<\/p>\n<p>\u201eProcedura de extr\u0103dare prevede \u0219i etapa de apel, \u021bin\u00e2nd cont de faptul c\u0103 dosarul lui Veaceslav Platon pentru azil politic \u00een Marea Britanie e \u00eenc\u0103 pe rol. Sunt sigur\u0103 c\u0103 \u00een Marea Britanie el va avea parte de un proces echitabil spre deosebire de Republica Moldova\u201d,\u00a0 a scris Morari pe canalul s\u0103u de Telegram. Amintim c\u0103, Platon a p\u0103r\u0103sit Moldova \u00een vara anului 2021.<\/p>\n<p>Atunci, dup\u0103 o scurt\u0103 perioad\u0103 de deten\u021bie din cauza condamn\u0103rii sale \u00eentr-un dosar legat de \u201efurtul miliardului\u201d, a reu\u0219it s\u0103 ob\u021bin\u0103 anularea sentin\u021bei \u0219i s\u0103 ias\u0103 la libertate cu ajutorul fostului procuror general, Alexandr Stoianoglo, fost candidat la preziden\u021biale, \u00een prezent membru al blocului politic \u201eAlternativa\u201d.<\/p>\n<p>La doi ani dup\u0103 ce a depus cerere de azil politic \u00een Marea Britanie, omul de afaceri a fost condamnat la 20 de ani de \u00eenchisoare \u00een Moscova, \u00een dosarul \u201dLaundromat\u201d. Atunci, el a spus c\u0103 sentin\u021ba este ilegal\u0103.<\/p>\n<p>Acum, Platon este \u00eenvinuit \u00een trei dosare penale aflate pe rol \u00een instan\u021b\u0103, dou\u0103 \u2013 pentru escrocherii \u00een propor\u021bii deosebit de mari \u0219i unul \u2013 pentru falsificarea cardurilor bancare. Acesta, care mai este cet\u0103\u021bean rus \u0219i ucrainean, se afl\u0103 pe lista de sanc\u021biuni a Canadei, dar \u0219i pe lista persoanelor sanc\u021bionate de autorit\u0103\u021bile moldovene.<\/p>\n<\/div>\n","protected":false},"excerpt":{"rendered":"<div><img decoding=\"async\" width=\"696\" height=\"393\" src=\"https:\/\/canal5.md\/wp-content\/uploads\/2025\/03\/b995c6bd85573866330bfa6af938436d-1-optimized.jpg\" class=\"attachment-large size-large wp-post-image\" alt=\"\" loading=\"lazy\" srcset=\"https:\/\/canal5.md\/wp-content\/uploads\/2025\/03\/b995c6bd85573866330bfa6af938436d-1-optimized.jpg 808w, https:\/\/canal5.md\/wp-content\/uploads\/2025\/03\/b995c6bd85573866330bfa6af938436d-1-300x169-optimized.jpg 300w, https:\/\/canal5.md\/wp-content\/uploads\/2025\/03\/b995c6bd85573866330bfa6af938436d-1-768x433-optimized.jpg 768w, https:\/\/canal5.md\/wp-content\/uploads\/2025\/03\/b995c6bd85573866330bfa6af938436d-1-696x393-optimized.jpg 696w\">O nou\u0103 mi\u0219care pentru cur\u0103\u021barea terenului politic \u00eenainte de alegerile parlamentare? PAS a reu\u0219it s\u0103 ob\u021bin\u0103 extr\u0103darea din Londra a omului de afaceri Veaceslav Platon, unul dintre criticii s\u0103i vehemen\u021bi. Ciudat este c\u0103 acest lucru se \u00eent\u00e2mpl\u0103 an electoral, av\u00e2nd \u00een vedere c\u0103 p\u00e2n\u0103 acum nu s-au v\u0103zut mi\u0219c\u0103ri \u00een acest sens. Maia Sandu a [\u2026]<\/div>\n","protected":false},"author":1,"featured_media":69086,"comment_status":"closed","ping_status":"closed","sticky":false,"template":"","format":"standard","meta":{"jnews-multi-image_gallery":[],"jnews_single_post":[],"jnews_primary_category":[],"jnews_social_meta":[],"jnews_override_counter":[],"footnotes":""},"categories":[23],"tags":[],"class_list":["post-69085","post","type-post","status-publish","format-standard","has-post-thumbnail","hentry","category-politica_ro"],"_links":{"self":[{"href":"https:\/\/orheifm.live\/index.php\/wp-json\/wp\/v2\/posts\/69085","targetHints":{"allow":["GET"]}}],"collection":[{"href":"https:\/\/orheifm.live\/index.php\/wp-json\/wp\/v2\/posts"}],"about":[{"href":"https:\/\/orheifm.live\/index.php\/wp-json\/wp\/v2\/types\/post"}],"author":[{"embeddable":true,"href":"https:\/\/orheifm.live\/index.php\/wp-json\/wp\/v2\/users\/1"}],"replies":[{"embeddable":true,"href":"https:\/\/orheifm.live\/index.php\/wp-json\/wp\/v2\/comments?post=69085"}],"version-history":[{"count":0,"href":"https:\/\/orheifm.live\/index.php\/wp-json\/wp\/v2\/posts\/69085\/revisions"}],"wp:featuredmedia":[{"embeddable":true,"href":"https:\/\/orheifm.live\/index.php\/wp-json\/wp\/v2\/media\/69086"}],"wp:attachment":[{"href":"https:\/\/orheifm.live\/index.php\/wp-json\/wp\/v2\/media?parent=69085"}],"wp:term":[{"taxonomy":"category","embeddable":true,"href":"https:\/\/orheifm.live\/index.php\/wp-json\/wp\/v2\/categories?post=69085"},{"taxonomy":"post_tag","embeddable":true,"href":"https:\/\/orheifm.live\/index.php\/wp-json\/wp\/v2\/tags?post=69085"}],"curies":[{"name":"wp","href":"https:\/\/api.w.org\/{rel}","templated":true}]}}