{"id":69083,"date":"2025-03-14T21:54:43","date_gmt":"2025-03-14T19:54:43","guid":{"rendered":"https:\/\/orheifm.live\/index.php\/2025\/03\/14\/mai-mult-nu-este-de-spus-ca-raspuns-la-citatele-despre-crimele-holocaustului-deputatul-staris-a-permis-sa-l-insulte-si-sa-l-jigneasca-pe-dan-perciun-video\/"},"modified":"2025-03-14T21:54:43","modified_gmt":"2025-03-14T19:54:43","slug":"mai-mult-nu-este-de-spus-ca-raspuns-la-citatele-despre-crimele-holocaustului-deputatul-staris-a-permis-sa-l-insulte-si-sa-l-jigneasca-pe-dan-perciun-video","status":"publish","type":"post","link":"https:\/\/orheifm.live\/index.php\/2025\/03\/14\/mai-mult-nu-este-de-spus-ca-raspuns-la-citatele-despre-crimele-holocaustului-deputatul-staris-a-permis-sa-l-insulte-si-sa-l-jigneasca-pe-dan-perciun-video\/","title":{"rendered":"Mai mult nu este de spus? Ca r\u0103spuns la citatele despre crimele Holocaustului, deputatul Star\u00ee\u0219 a permis s\u0103-l insulte \u0219i s\u0103-l jigneasc\u0103 pe Dan Perciun |VIDEO"},"content":{"rendered":"<div>\n<p><strong>R\u0103spuns grosolan \u0219i atacuri la persoan\u0103 din partea ministrului Educa\u021biei. Dup\u0103 ce, cu o zi \u00eenainte, deputatul din Blocul Comuni\u0219tilor \u0219i Sociali\u0219tilor, Constantin Star\u00ee\u0219, a citit fragmente din cartea \u201eSpuma ro\u0219ie\u201d, care adun\u0103 m\u0103rturii ale supravie\u021buitorilor din timpul ocupa\u021biei naziste a Basarabiei \u0219i ale atrocit\u0103\u021bilor comise asupra popula\u021biei civile sub regimul lui Antonescu, ministrul educa\u021biei, Dan Perciun, l-a numit pe parlamentar \u201ealcoolic \u0219ovinist\u201d \u0219i l-a comparat cu un \u021b\u00e2nc care alearg\u0103 la Moscova. <\/strong><br \/>\n<iframe loading=\"lazy\" title=\"YouTube video player\" src=\"https:\/\/www.youtube.com\/embed\/aBDlAhKrYOI?si=FrDEVXUcp823N-yd\" width=\"560\" height=\"315\" frameborder=\"0\" allowfullscreen=\"allowfullscreen\"><\/iframe><br \/>\nAceasta a fost tot ce a putut s\u0103 r\u0103spund\u0103 ministrul Educa\u021biei la critica adus\u0103 manualului de istorie, \u00een care se justific\u0103 \u00een mod deschis Holocaustul \u0219i alte crime din timpul celui de-al Doilea R\u0103zboi Mondial pe teritoriul Moldovei \u0219i rolul lui Antonescu \u00een aceste ac\u021biuni.<\/p>\n<p>De altfel, Dan Perciun nu vede nimic critic \u00een noul manual de istorie pentru clasa a 12-a, care, \u00een esen\u021b\u0103, \u00eel reabiliteaz\u0103 pe mare\u0219alul Ion Antonescu, responsabil pentru Holocaustul din Basarabia. Ministrul a declarat c\u0103 manualul a fost elaborat de unul dintre cei mai respecta\u021bi istorici ai \u021b\u0103rii \u0219i c\u0103 elevii trebuie s\u0103 aib\u0103 acces la materiale din diverse surse pentru a putea discuta despre orice tem\u0103.<\/p>\n<p>Joi, parlamentul a dezb\u0103tut mo\u021biunea de cenzur\u0103 \u00eempotriva ministrului Educa\u021biei, Dan Perciun, depus\u0103 de frac\u021biunea BCS. Era evident c\u0103 mo\u021biunea nu avea \u0219anse de reu\u0219it\u0103 \u0219i c\u0103 majoritatea parlamentar\u0103 PAS nu \u00eel va l\u0103sa pe ministru s\u0103 fie demis. Acest lucru era clar \u0219i pentru Perciun, motiv pentru care nu s-a ferit de insulte \u0219i a avut un comportament extrem de grosolan. Chiar a provocat aplauze din partea deputa\u021bilor PAS atunci c\u00e2nd l-a jignit pe deputatul BCS, Constantin Star\u00ee\u0219.<\/p>\n<p>Totul a \u00eenceput \u00een cadrul discu\u021biei despre noul manual de istorie pentru clasa a 12-a, c\u00e2nd Star\u00ee\u0219 a citit fragmente din cartea publicistului \u0219i istoricului Anatolii Kogan, \u201eSpuma ro\u0219ie: genocidul basarabean\u201d, o colec\u021bie de m\u0103rturii ale supravie\u021buitorilor \u0219i martorilor despre crimele comise \u00een Basarabia \u00een timpul celui de-al Doilea R\u0103zboi Mondial, \u00een cadrul unor anchete penale.<\/p>\n<p>CONSTANTIN STAR\u00c2\u0218, deputat BCS<\/p>\n<p>\u00cen raionul Cimi\u0219lia, c\u0103l\u0103ii vindeau din\u021bii de aur ai victimelor lor la bazar. Un martor din Cepeleu\u021bi spune c\u0103 evreilor r\u0103ni\u021bi le erau dezb\u0103tu\u021bi din\u021bii \u0219i t\u0103iate m\u00e2inile pe care aveau inele. \u00cen satul Ghirovo, \u00eenainte de a \u00eempu\u0219ca 48 de femei \u0219i copii, uciga\u0219ii \u0219i-au scos pantofii \u0219i lenjeria.<\/p>\n<p>Pute\u021bi continua at\u00e2t timp c\u00e2t dori\u021bi. Ultimul citat din mare\u0219alul Antonescu: \u201eTr\u0103im un moment excep\u021bional de favorabil pentru eliberarea \u0219i cur\u0103\u021barea neamului nostru de toate elementele str\u0103ine sufletului s\u0103u. Pentru a ne asigura c\u0103 acest moment unic nu este pierdut, trebuie s\u0103 fim nemilo\u0219i. V\u0103 cer s\u0103 fi\u021bi nemilo\u0219i. Nu exist\u0103 acum loc pentru umanismul dulce \u0219i bl\u00e2nd. Dac\u0103 este necesar, trage cu mitraliera\u2026<\/p>\n<p>Discursul lui Constantin Star\u00ee\u0219 a st\u00e2rnit nemul\u021bumirea ministrului Educa\u021biei.<br \/>\nFrac\u021biunea PAS a manifestat indiferen\u021b\u0103 total\u0103 la discursul lui Star\u00e2\u0219, iar mul\u021bi dintre deputa\u021bii partidului de guvern\u0103m\u00e2nt au p\u0103r\u0103sit sala.<\/p>\n<p>Pe de alt\u0103 parte, citarea m\u0103rturiilor despre cruzimea celor considera\u021bi \u201eeliberatori\u201d \u00een manualul de istorie a st\u00e2rnit o reac\u021bie cu adev\u0103rat furioas\u0103 din partea ministrului Educa\u021biei.<\/p>\n<p>De\u0219i dup\u0103 Star\u00ee\u0219 au urmat \u0219i al\u021bi deputa\u021bi la tribuna central\u0103 a parlamentului, Dan Perciun a re\u021binut tocmai ACEST discurs \u0219i, dup\u0103 ce a primit cuv\u00e2ntul, l-a t\u0103b\u0103r\u00e2t pe Star\u00ee\u0219 cu insulte.<\/p>\n<p>DAN PERCIUN, ministrul Educa\u021biei<\/p>\n<p>Am ascultat cu mare aten\u021bie toate discursurile \u0219i am o singur\u0103 cerere c\u0103tre colegii no\u0219tri din opozi\u021bie: data viitoare c\u00e2nd ve\u021bi citi memoriile supravie\u021buitorilor Holocaustului \u00eentr-o \u0219edin\u021b\u0103 plenar\u0103 \u0219i ne-am dori s\u0103 le citim mai des, nu alege\u021bi un propagandist \u0219ovin, alcoolic, care de fiecare dat\u0103 alearg\u0103 ca un c\u0103\u021belu\u0219 la Moscova pentru a citi \u00eentreb\u0103ri la Valdai.<\/p>\n<p>Internau\u021bii au atras aten\u021bie la expresia facial\u0103 a ministrului \u00een momentul \u00een care a jignit deputatul.<\/p>\n<p>\u0218i, mai important, Dan Perciun nu vede nimic critic \u00een noul manual de istorie pentru clasa a 12-a, care, practic, \u00eel reabiliteaz\u0103 pe mare\u0219alul Ion Antonescu. La acest lucru a atras aten\u021bia deputata Blocului Comuni\u0219tilor \u0219i Sociali\u0219tilor, Diana Caraman, pe care Perciun nu a ezitat, la fel, s\u0103 o jigneasc\u0103.<\/p>\n<p>DIANA CARAMAN, deputat PAS<\/p>\n<p>\u2013 \u00cen manual este o fotografie \u00een care sunt reprezenta\u021bi\u2026 Cred c\u0103 o s\u0103 v\u0103 ar\u0103t mai aproape c\u00e2nd m\u0103 voi apropia\u2026 \u2013 Nu e nevoie s\u0103 te apropii, nu m\u0103 speria\u2026 \u2013 Pe fotografie sunt solda\u021bi \u0219i este scris: \u201eArmatele rom\u00e2ne \u0219i germane trec Prutul pentru a elibera Basarabia. Vreau s\u0103 reamintesc c\u0103 este iulie 1941, iar dup\u0103 aceast\u0103 \u201eeliberare\u201d au fost construite 189 de lag\u0103re de concentrare \u00een Transnistria, \u00een ghetoul din Chi\u0219in\u0103u au fost ucise mai mult de 11.500 de persoane, 18.000 de persoane au fost distruse la Dub\u0103sari.<\/p>\n<p>\u00cen contextul \u00een care aceasta a provocat un mare ecou, iar dup\u0103 acest ecou a\u021bi trimis acest manual la expertiz\u0103, adic\u0103 voi singuri a\u021bi realizat c\u0103 exist\u0103 \u00eentreb\u0103ri legate de con\u021binutul s\u0103u, de ce manualul nu a fost retras din procesul de \u00eenv\u0103\u021b\u0103m\u00e2nt ast\u0103zi?<\/p>\n<p>Dan Perciun a declarat c\u0103 a\u0219teapt\u0103 expertiza solicitat\u0103 cu privire la manualul de istorie pentru clasa a 12-a \u0219i exist\u0103 patru scenarii posibile, \u00een func\u021bie de rezultatele acesteia. Printre ele, se num\u0103r\u0103 \u0219i faptul c\u0103 manualul scandalos va r\u0103m\u00e2ne neschimbat.<\/p>\n<p>DAN PERCIUN, ministrul Educa\u021biei<\/p>\n<p>Eu v\u0103d patru scenarii posibile. Primul- avizele sunt ok, nu schimb\u0103m nimic. Scenariul doi \u2013 avizele sunt foarte dramatice \u0219i atunci facem alt manual. Al treilea \u2013 ar fi s\u0103 revizuim anumite pagini \u00een manual, discut\u0103m cu editura dac\u0103 asta este posibil.<\/p>\n<p>Dar ce cred eu c\u0103 cel mai posibil, noi o s\u0103 mai edit\u0103m suplimentar un capitol, material adi\u021bional pentru anumite subiecte unde de exemplu am fi putut s\u0103 oferim mai mult\u0103 informa\u021bie, de exemplu despre holocaust. Cu siguran\u021b\u0103 \u0219i autorii au fost restr\u00e2n\u0219i de num\u0103rul de pagini.<\/p>\n<p>Ministrul \u00eens\u0103 consider\u0103 c\u0103 elevii ar trebui s\u0103 aib\u0103 materiale din surse diferite pentru a putea discuta despre diferite subiecte.<\/p>\n<p>Coment\u00e2nd aceast\u0103 pozi\u021bie a ministrului Educa\u021biei, liderul Blocului politic \u201eVictoria\u201d, Ilan \u0218or, a declarat c\u0103 \u00eencercarea de a \u201esp\u0103la\u201d imaginea lui Antonescu este la fel ca \u0219i justificarea canibalismului.<\/p>\n<p>\u201eMinistrului analfabet Perciun \u00eei reamintesc: \u00een timpul domniei dictatorului rom\u00e2n, aproximativ 400 de mii de evrei au fost asasina\u021bi \u00een teritoriile aflate sub controlul s\u0103u. \u00cenc\u0103 o dat\u0103 \u2014 400 de mii de tortura\u021bi \u00een lag\u0103rele de concentrare, ghetouri \u0219i \u00een timpul str\u0103mut\u0103rii. Un astfel de manual poate fi promovat fie de un nazist, fie de un idiot\u201d, \u2013\u00a0 a scris Ilan \u0218or pe canalul s\u0103u de Telegram.<\/p>\n<p>ILAN \u0218OR, liderul Blocului \u201cVictorie\u201d<\/p>\n<p>\u201eMinistrului analfabet Perciun \u00eei reamintesc: \u00een timpul domniei dictatorului rom\u00e2n, aproximativ 400 de mii de evrei au fost asasina\u021bi \u00een teritoriile aflate sub controlul s\u0103u. \u00cenc\u0103 o dat\u0103 \u2014 400 de mii de tortura\u021bi \u00een lag\u0103rele de concentrare, ghetouri \u0219i \u00een timpul str\u0103mut\u0103rii. Un astfel de manual poate fi promovat fie de un nazist, fie de un idiot\u201d.<\/p>\n<p>Amintim c\u0103, dup\u0103 scandalul legat de noul manual de istorie pentru clasa a 12-a, ai c\u0103rui autori au fost acuza\u021bi de distorsionarea faptelor istorice despre Holocaust \u0219i regimul Antonescu, Ministerul Educa\u021biei a declarat c\u0103 va solicita o recenzie a manualului la Yad Vashem \u2013 Memorialul Holocaustului. De\u0219i Comunitatea Evreiasc\u0103 din Moldova a cerut retragerea manualului scandalos, Ministerul Educa\u021biei a refuzat s\u0103 fac\u0103 acest lucru.<\/p>\n<p>Comunitatea evreiasc\u0103 din Moldova a efectuat deja o expertiz\u0103 a manualului de istorie pentru clasa a 12-a la Institutul Na\u021bional pentru Studierea Holocaustului \u201eElie Wiesel\u201d din Bucure\u0219ti. Conform concluziilor prezentate, regimul mare\u0219alului Antonescu, pe care autorii manualului moldovean \u00eel justific\u0103, a desf\u0103\u0219urat activ un genocid al evreilor \u0219i romilor cu mult \u00eenainte ca nazi\u0219tii s\u0103 adopte a\u0219a-zisa \u201esolu\u021bie final\u0103\u201d pentru distrugerea popula\u021biei evreie\u0219ti din Europa.<\/p>\n<p>Mai mult, a subliniat pre\u0219edintele Comunit\u0103\u021bii Evreie\u0219ti, Alexandr Bilinkis, conducerea rom\u00e2n\u0103 din acea perioad\u0103 a participat la genocid de bun\u0103 voie, \u0219i nu sub presiunea nazi\u0219tilor, a\u0219a cum este indicat \u00een noul manual.<\/p>\n<\/div>\n","protected":false},"excerpt":{"rendered":"<div><img loading=\"lazy\" decoding=\"async\" width=\"480\" height=\"270\" src=\"https:\/\/canal5.md\/wp-content\/uploads\/2025\/03\/i-6-optimized.webp\" class=\"attachment-large size-large wp-post-image\" alt=\"\" srcset=\"https:\/\/canal5.md\/wp-content\/uploads\/2025\/03\/i-6-optimized.webp 480w, https:\/\/canal5.md\/wp-content\/uploads\/2025\/03\/i-6-300x169-optimized.webp 300w\">R\u0103spuns grosolan \u0219i atacuri la persoan\u0103 din partea ministrului Educa\u021biei. Dup\u0103 ce, cu o zi \u00eenainte, deputatul din Blocul Comuni\u0219tilor \u0219i Sociali\u0219tilor, Constantin Star\u00ee\u0219, a citit fragmente din cartea \u201eSpuma ro\u0219ie\u201d, care adun\u0103 m\u0103rturii ale supravie\u021buitorilor din timpul ocupa\u021biei naziste a Basarabiei \u0219i ale atrocit\u0103\u021bilor comise asupra popula\u021biei civile sub regimul lui Antonescu, ministrul educa\u021biei, [\u2026]<\/div>\n","protected":false},"author":1,"featured_media":69084,"comment_status":"closed","ping_status":"closed","sticky":false,"template":"","format":"standard","meta":{"jnews-multi-image_gallery":[],"jnews_single_post":[],"jnews_primary_category":[],"jnews_social_meta":[],"jnews_override_counter":[],"footnotes":""},"categories":[30],"tags":[],"class_list":["post-69083","post","type-post","status-publish","format-standard","has-post-thumbnail","hentry","category-social_ro"],"_links":{"self":[{"href":"https:\/\/orheifm.live\/index.php\/wp-json\/wp\/v2\/posts\/69083","targetHints":{"allow":["GET"]}}],"collection":[{"href":"https:\/\/orheifm.live\/index.php\/wp-json\/wp\/v2\/posts"}],"about":[{"href":"https:\/\/orheifm.live\/index.php\/wp-json\/wp\/v2\/types\/post"}],"author":[{"embeddable":true,"href":"https:\/\/orheifm.live\/index.php\/wp-json\/wp\/v2\/users\/1"}],"replies":[{"embeddable":true,"href":"https:\/\/orheifm.live\/index.php\/wp-json\/wp\/v2\/comments?post=69083"}],"version-history":[{"count":0,"href":"https:\/\/orheifm.live\/index.php\/wp-json\/wp\/v2\/posts\/69083\/revisions"}],"wp:featuredmedia":[{"embeddable":true,"href":"https:\/\/orheifm.live\/index.php\/wp-json\/wp\/v2\/media\/69084"}],"wp:attachment":[{"href":"https:\/\/orheifm.live\/index.php\/wp-json\/wp\/v2\/media?parent=69083"}],"wp:term":[{"taxonomy":"category","embeddable":true,"href":"https:\/\/orheifm.live\/index.php\/wp-json\/wp\/v2\/categories?post=69083"},{"taxonomy":"post_tag","embeddable":true,"href":"https:\/\/orheifm.live\/index.php\/wp-json\/wp\/v2\/tags?post=69083"}],"curies":[{"name":"wp","href":"https:\/\/api.w.org\/{rel}","templated":true}]}}