{"id":69082,"date":"2025-03-14T21:58:01","date_gmt":"2025-03-14T19:58:01","guid":{"rendered":"https:\/\/orheifm.live\/index.php\/2025\/03\/14\/moldova-risca-sa-devina-un-regim-autoritar-caderea-in-clasamentul-indexul-democratiei-video\/"},"modified":"2025-03-14T21:58:01","modified_gmt":"2025-03-14T19:58:01","slug":"moldova-risca-sa-devina-un-regim-autoritar-caderea-in-clasamentul-indexul-democratiei-video","status":"publish","type":"post","link":"https:\/\/orheifm.live\/index.php\/2025\/03\/14\/moldova-risca-sa-devina-un-regim-autoritar-caderea-in-clasamentul-indexul-democratiei-video\/","title":{"rendered":"Moldova risc\u0103 s\u0103 devin\u0103 un regim autoritar: c\u0103derea \u00een clasamentul Indexul democra\u021biei |VIDEO"},"content":{"rendered":"<div>\n<p><strong>Indexul democra\u021biei \u00een Moldova a sc\u0103zut cu trei pozi\u021bii, ajung\u00e2nd pe locul 71 \u00een clasamentul din 2024, fa\u021b\u0103 de locul 68 pe care era \u00een anul precedent, dintr-un total de 167 de \u021b\u0103ri. Aceste date sunt prezentate \u00een Indexul Global al Democra\u021biei pentru 2024, realizat de compania britanic\u0103 Economist Intelligence Unit. <\/strong><br \/>\n<iframe loading=\"lazy\" title=\"YouTube video player\" src=\"https:\/\/www.youtube.com\/embed\/S1jYFCrrnEA?si=boMCa-gFxUhXYE3A\" width=\"560\" height=\"315\" frameborder=\"0\" allowfullscreen=\"allowfullscreen\"><\/iframe><br \/>\nIndexul evalueaz\u0103 cinci aspecte esen\u021biale: procesele electorale \u0219i pluralismul, participarea politic\u0103, func\u021bionarea guvernului, cultura politic\u0103 \u0219i libert\u0103\u021bile civile. Sub regimul Sandu-PAS, Moldova a \u00eenregistrat un regres \u00een toate aceste domenii.<\/p>\n<p>Ei bine, iat\u0103-ne ajun\u0219i aici. Adic\u0103 \u2013 ceea ce trebuia de demonstrat. Indexul democra\u021biei \u00een Moldova a sc\u0103zut de la 6,23 la 6 puncte. Exper\u021bii companiei britanice de analiz\u0103 Economist Intelligence Unit s-au ghidat de cinci indicatori principali. \u00centre ace\u0219tia \u2013 pluralismul de opinie, adic\u0103 libertatea de exprimare \u0219i drepturile civile. Este greu de suspectat c\u0103 aceast\u0103 companie ar fi favorizat opozan\u021bii regimului Sandu-PAS din Moldova, av\u00e2nd \u00een vedere c\u0103 mai mult de 51% din popula\u021bie a votat \u00eempotriva Maiei Sandu la alegerile preziden\u021biale.<\/p>\n<p>Totu\u0219i, se pare c\u0103 \u00eenc\u0103lc\u0103rile principiilor democra\u021biei, sau mai bine spus ceea ce a mai r\u0103mas din ea \u00een Moldova sub actuala guvernare, nu au putut fi ascunse sub pre\u0219, chiar \u0219i cu a\u0219a-zisa sus\u021binere a partenerilor externi din Occident \u0219i Europa.<\/p>\n<p>Iat\u0103 acum, datorit\u0103 eforturilor Maiei Sandu, care, pe toat\u0103 durata mandatului s\u0103u, a vorbit constant despre democra\u021bie \u0219i lupta \u00eempotriva corup\u021biei de la toate tribunele interna\u021bionale, \u021bara noastr\u0103, care aspir\u0103 s\u0103 adere la UE \u0219i care, potrivit sus\u021bin\u0103torilor PAS, face mari progrese pe calea integr\u0103rii europene, a fost inclus\u0103 \u00een categoria \u201edemocra\u021biilor viciate\u201d.<\/p>\n<p>Al\u0103turi de Moldova, conform Indexului Global al Democra\u021biei britanic, se afl\u0103 \u00eenc\u0103 46 de \u021b\u0103ri, cu o popula\u021bie total\u0103 de 38,4% din \u00eentreaga popula\u021bie mondial\u0103. Cel pu\u021bin, ne putem consola c\u0103 nu suntem singuri.<\/p>\n<p>\u021aara noastr\u0103 vecin\u0103, Rom\u00e2nia, a pierdut \u00een pozi\u021bii, ajung\u00e2nd pe locul 72 \u0219i fiind clasificat\u0103 drept \u201eregim hibrid\u201d, iar Ucraina se afl\u0103 pe cea mai joas\u0103 pozi\u021bie, cu un index de 4,9 puncte. \u0218i acolo regimul sus\u021bine c\u0103 democra\u021bia \u00eenflore\u0219te \u0219i este un succes.<\/p>\n<p>\u00cen ansamblu, autorii studiului au ajuns la concluzia c\u0103 mai mult de o treime din popula\u021bia lumii tr\u0103ie\u0219te sub regimuri autoritare. \u0218i aici, intervine un aspect interesant: cauzele acestei tendin\u021be. Acestea sunt, de fapt, caracteristice pentru aproape toate \u021b\u0103rile \u2013 Moldova, vecinii no\u0219tri \u0219i chiar UE.<\/p>\n<p>De exemplu, portalul \u201efox44news\u201d a citat directorul Indexului Democra\u021biei, John Howie, care subliniaz\u0103 c\u0103, ast\u0103zi, \u00een multe \u021b\u0103ri, inclusiv \u00een Europa, cet\u0103\u021benii sunt dezam\u0103gi\u021bi de elitele politice.<\/p>\n<p>JOHN HOWIE, directorul Indexului Democra\u021biei<\/p>\n<p>\u00ab\u00cen acela\u0219i timp, autocra\u021biile par s\u0103 c\u00e2\u0219tige putere, conform dinamicii indexului din 2006, iar democra\u021biile din \u00eentreaga lume se confrunt\u0103 cu dificult\u0103\u021bi. Cauzele declinului prelungit al democra\u021biei sunt complexe.<\/p>\n<p>\u00cen raportul din acest an, sunt lua\u021bi \u00een calcul factorii care, \u00een ultimele dou\u0103 decenii, au alimentat nemul\u021bumirea popula\u021biei fa\u021b\u0103 de sistemele politice democratice, ceea ce a dus la apari\u021bia unor lideri politici precum Donald Trump, Nigel Farage, Javier Milei \u0219i Marine Le Pen.<\/p>\n<p>Dac\u0103 ace\u0219tia ajung la putere \u0219i nu reu\u0219esc s\u0103 \u00eembun\u0103t\u0103\u021beasc\u0103 guvernarea \u0219i s\u0103 aduc\u0103 \u00eembun\u0103t\u0103\u021biri semnificative pentru cet\u0103\u021beni, exist\u0103 riscul ca nemul\u021bumirea \u0219i polarizarea politic\u0103 s\u0103 creasc\u0103 \u0219i mai mult\u00bb.<\/p>\n<p>De altfel, \u00een prezent se observ\u0103 o nemul\u021bumire fa\u021b\u0103 de elitele politice existente, \u00een special \u00een \u021b\u0103rile UE, unde rezultatele alegerilor nu sunt luate \u00een considerare, iar guvernele de coali\u021bie \u00eencearc\u0103 s\u0103 se men\u021bin\u0103 la putere prin orice mijloace, fie ele corecte sau nu.<\/p>\n<p>\u00cen acest context, Rom\u00e2nia reprezint\u0103 un precedent semnificativ al amenin\u021b\u0103rii la adresa democra\u021biei, iar politologii sus\u021bin c\u0103 o situa\u021bie similar\u0103 ar putea ap\u0103rea \u0219i \u00een Moldova la viitoarele alegeri parlamentare.<\/p>\n<p>Un alt test important pentru democra\u021bie, sub actuala guvernare din Moldova, va avea loc anul acesta \u2013 la alegerile parlamentare. Analistul politic Dumitru Ciuba\u0219enco consider\u0103 c\u0103 alegerile din Rom\u00e2nia vor clarifica situa\u021bia.<\/p>\n<p>DUMITRU CIUBA\u0218ENCO, analist<\/p>\n<p>Dac\u0103 \u201ehaosul european\u201d devine norm\u0103 \u00een Rom\u00e2nia, Moldova va urma acela\u0219i drum. Viitoarele alegeri parlamentare, pe care opozi\u021bia din Moldova le a\u0219teapt\u0103 cu mari speran\u021be, se vor transforma \u00eentr-o formalitate.<\/p>\n<p>Candida\u021bii incomozi nu vor fi accepta\u021bi, iar rezultatele vor fi falsificate, inclusiv prin manipularea sec\u021biilor de votare din str\u0103in\u0103tate. Teama c\u0103 un pre\u0219edinte nesistemic, anti-liberal \u0219i anti- UE ar putea fi ales \u00een Rom\u00e2nia a speriat at\u00e2t birocra\u021bia bruxellez\u0103 liberal-globalist\u0103, c\u00e2t \u0219i partenerii lor din Bucure\u0219ti, care au decis s\u0103 anuleze alegerile preziden\u021biale, \u00een urma primului tur c\u00e2\u0219tigat de C\u0103lin Georgescu, \u0219i s\u0103 nu-l \u00eenregistreze ca \u0219i candidat \u00een noile alegeri.<\/p>\n<p>Mai mult, C\u0103lin Georgescu a acuzat-o public pe Maia Sandu de implicare \u00een alegerile din Rom\u00e2nia, sus\u021bin\u00e2nd contracandidatul s\u0103u \u00een timpul campaniei electorale. O acuza\u021bie grav\u0103 pentru conducerea unei \u021b\u0103ri care aspir\u0103 la aderarea \u00een Uniunea European\u0103. De asemenea, \u00een fa\u021ba Maiei Sandu se adun\u0103 \u0219i presiuni din afacerea extern\u0103.<\/p>\n<p>Echipa lui Trump, care investigheaz\u0103 cheltuielile abuzive ale fondurilor USAID, a men\u021bionat Moldova de mai multe ori. Totodat\u0103, administra\u021bia Casei Albe nu pare s\u0103 aib\u0103 inten\u021bia de a \u00eembun\u0103t\u0103\u021bi rela\u021biile cu Maia Sandu, care s- a al\u0103turat coali\u021biei anti-Trump condus\u0103 de Ursula von der Leyen.<\/p>\n<p>A\u0219adar, Sandu nu se poate baza pe sprijinul partenerilor occidentali \u00een alegerile parlamentare. Europa, \u00eens\u0103, \u00ee\u0219i schimb\u0103 pozi\u021biile \u00een func\u021bie de direc\u021bia \u00een care bate v\u00e2ntul politic al lui Trump.<\/p>\n<p>\u00cen 2021, Maia Sandu declara la ONU c\u0103 \u201ecorup\u021bia este principala amenin\u021bare la adresa democra\u021biei\u201d. Totodat\u0103, sublinia c\u0103 \u201edemocra\u021bia este principala valoare a guvern\u0103rii sale, care consider\u0103 c\u0103 restabilirea \u00eencrederii \u00een institu\u021biile statului \u0219i oferirea de servicii publice adecvate sunt esen\u021biale pentru progres \u0219i modernizare\u201d.<\/p>\n<p>\u0218i ce s-a \u00eent\u00e2mplat cu corup\u021bia, dup\u0103 patru ani de \u201elupt\u0103\u201d a Maiei Sandu \u00eempotriva ei? Guvernul, condus de oamenii din PAS, este implicat \u00een scheme opace de achizi\u021bionare a gazului natural pe pia\u021ba energetic\u0103, nu exist\u0103 niciun raport despre cheltuielile din bugetul public al Moldovei, iar fondurile externe primite, majoritatea sub form\u0103 de \u00eemprumuturi, nu sunt raportate.<\/p>\n<p>Toate evalu\u0103rile exper\u021bilor, inclusiv cele ale Comisiei de la Vene\u021bia, cu privire la modific\u0103rile legislative favorabile PAS, sunt ignorate. \u0218i, pe l\u00e2ng\u0103 asta, mai exist\u0103 \u0219i problema finan\u021b\u0103rii regimului Sandu-PAS prin intermediul USAID, organiza\u021bie declarat\u0103 criminal\u0103 \u00een SUA.<\/p>\n<p>Sute de milioane de dolari au fost cheltuite prin mass-media proguvernamentale \u0219i ONG-uri din Moldova pentru a sus\u021bine regimul Sandu-PAS \u0219i campania electoral\u0103 a Maiei Sandu pentru alegerile preziden\u021biale din 2024.<\/p>\n<p>A\u0219adar, cet\u0103\u021benii Moldovei ar trebui s\u0103-i mul\u021bumeasc\u0103 lui Trump \u0219i echipei sale, pentru c\u0103, f\u0103r\u0103 ei, probabil nu am fi aflat niciodat\u0103 despre amploarea schemelor desf\u0103\u0219urate de Sandu-PAS sub pretextul democra\u021biei.<\/p>\n<\/div>\n","protected":false},"excerpt":{"rendered":"<div>Indexul democra\u021biei \u00een Moldova a sc\u0103zut cu trei pozi\u021bii, ajung\u00e2nd pe locul 71 \u00een clasamentul din 2024, fa\u021b\u0103 de locul 68 pe care era \u00een anul precedent, dintr-un total de 167 de \u021b\u0103ri. Aceste date sunt prezentate \u00een Indexul Global al Democra\u021biei pentru 2024, realizat de compania britanic\u0103 Economist Intelligence Unit. Indexul evalueaz\u0103 cinci aspecte [\u2026]<\/div>\n","protected":false},"author":1,"featured_media":0,"comment_status":"closed","ping_status":"closed","sticky":false,"template":"","format":"standard","meta":{"jnews-multi-image_gallery":[],"jnews_single_post":[],"jnews_primary_category":[],"jnews_social_meta":[],"jnews_override_counter":[],"footnotes":""},"categories":[23],"tags":[],"class_list":["post-69082","post","type-post","status-publish","format-standard","hentry","category-politica_ro"],"_links":{"self":[{"href":"https:\/\/orheifm.live\/index.php\/wp-json\/wp\/v2\/posts\/69082","targetHints":{"allow":["GET"]}}],"collection":[{"href":"https:\/\/orheifm.live\/index.php\/wp-json\/wp\/v2\/posts"}],"about":[{"href":"https:\/\/orheifm.live\/index.php\/wp-json\/wp\/v2\/types\/post"}],"author":[{"embeddable":true,"href":"https:\/\/orheifm.live\/index.php\/wp-json\/wp\/v2\/users\/1"}],"replies":[{"embeddable":true,"href":"https:\/\/orheifm.live\/index.php\/wp-json\/wp\/v2\/comments?post=69082"}],"version-history":[{"count":0,"href":"https:\/\/orheifm.live\/index.php\/wp-json\/wp\/v2\/posts\/69082\/revisions"}],"wp:attachment":[{"href":"https:\/\/orheifm.live\/index.php\/wp-json\/wp\/v2\/media?parent=69082"}],"wp:term":[{"taxonomy":"category","embeddable":true,"href":"https:\/\/orheifm.live\/index.php\/wp-json\/wp\/v2\/categories?post=69082"},{"taxonomy":"post_tag","embeddable":true,"href":"https:\/\/orheifm.live\/index.php\/wp-json\/wp\/v2\/tags?post=69082"}],"curies":[{"name":"wp","href":"https:\/\/api.w.org\/{rel}","templated":true}]}}