{"id":69080,"date":"2025-03-14T21:52:30","date_gmt":"2025-03-14T19:52:30","guid":{"rendered":"https:\/\/orheifm.live\/index.php\/2025\/03\/14\/critici-dure-la-adresa-ministrului-educatiei-dan-perciun-pentru-politica-lingvistica-in-gagauzia-video\/"},"modified":"2025-03-14T21:52:30","modified_gmt":"2025-03-14T19:52:30","slug":"critici-dure-la-adresa-ministrului-educatiei-dan-perciun-pentru-politica-lingvistica-in-gagauzia-video","status":"publish","type":"post","link":"https:\/\/orheifm.live\/index.php\/2025\/03\/14\/critici-dure-la-adresa-ministrului-educatiei-dan-perciun-pentru-politica-lingvistica-in-gagauzia-video\/","title":{"rendered":"Critici dure la adresa ministrului Educa\u021biei, Dan Perciun, pentru politica lingvistic\u0103 \u00een G\u0103g\u0103uzia |VIDEO"},"content":{"rendered":"<div>\n<p><strong>Ministrul Educa\u021biei, Dan Perciun, \u0219i guvernul PAS sunt critica\u021bi pentru agravarea situa\u021biei limbii g\u0103g\u0103uze \u0219i ruse \u00een Moldova. \u00cen ultimii trei ani, num\u0103rul orelor de limba rus\u0103 \u00een \u0219colile din autonomie a sc\u0103zut considerabil, iar Perciun a cerut autorit\u0103\u021bilor locale s\u0103 finan\u021beze predarea limbii b\u0103\u0219tina\u0219ilor, ocolind responsabilit\u0103\u021bile guvernului. <\/strong><br \/>\n<iframe loading=\"lazy\" title=\"YouTube video player\" src=\"https:\/\/www.youtube.com\/embed\/YhuNlo3ehdA?si=cFWSsyoUo0FkJUjG\" width=\"560\" height=\"315\" frameborder=\"0\" allowfullscreen=\"allowfullscreen\"><\/iframe><br \/>\nAceste acuza\u021bii au fost f\u0103cute de deputatul Blocului \u201eVictorie\u201d, Alexandr Suhodolski, \u00een cadrul audierilor ministrului \u00een Parlament, c\u00e2nd era dezb\u0103tut\u0103 mo\u021biunea de cenzur\u0103 depus\u0103 \u00eempotriva sa. Perciun a evitat s\u0103 comenteze despre limba rus\u0103, ceea ce a fost perceput ca o confirmare tacit\u0103 a inten\u021biei regimului PAS de a marginaliza utilizarea acesteia \u00een via\u021ba public\u0103.<\/p>\n<p>Potrivit deputatului Blocului \u201dVictorie\u201d, Alexandr Suhodolski \u00een licee \u0219i \u0219colile g\u0103g\u0103uze, \u00een ultimii trei ani, \u00een total elevii au pierdut mai mult de 200 de ore de \u00eenv\u0103t\u0103m\u00e2nt de limba rus\u0103, iar atunci c\u00e2nd vorbim despre limba rus\u0103, observ\u0103m o anumit\u0103 lupt\u0103 \u00eempotriva uneia dintre limbile oficiale ale autonomiei g\u0103g\u0103uze.<\/p>\n<p>Astfel, Suhodolski i-a propus ministrului Educa\u021biei, Dan Perciun s\u0103 studieze detaliat problema, dac\u0103 obiectivul s\u0103u este \u00eentr-adev\u0103r sprijinirea diversit\u0103\u021bii lingvistice \u00een G\u0103g\u0103uzia.<\/p>\n<p>ALEXADR SUHODOLSKI, deputat Blocul \u201eVictorie\u201d<\/p>\n<p>Vorbind de limba g\u0103g\u0103uz\u0103, observ\u0103m \u00een prezent o tendin\u021b\u0103 \u00een activitatea ministerului dumneavoastr\u0103 \u00een ceea ce prive\u0219te gr\u0103dini\u021bele, unde face\u021bi tot posibilul pentru a transfera responsabilitatea financiar\u0103 pentru predarea limbii g\u0103g\u0103uze asupra autorit\u0103\u021bilor locale din autonomie. \u00cens\u0103 noi \u00een\u021belegem foarte bine c\u0103 aceasta este o sarcin\u0103 direct\u0103 \u0219i nemijlocit\u0103 a autorit\u0103\u021bilor centrale, \u00een special a ministerului.<\/p>\n<p>Pentru c\u0103, dac\u0103 analiza\u021bi cu aten\u021bie legea privind statutul juridic de baz\u0103 \u0219i modul \u00een care a fost adoptat\u0103 aceast\u0103 lege, ve\u021bi vedea c\u0103 aceste obliga\u021bii au fost asumate, inclusiv prin negocieri \u0219i alte proceduri, de c\u0103tre autorit\u0103\u021bile centrale ale republicii.<\/p>\n<p>\u0218i v-a\u0219 sf\u0103tui, domnule ministru, s\u0103 studia\u021bi foarte atent aceste aspecte legate de consolidarea pozi\u021biei dumneavoastr\u0103 \u00een ceea ce prive\u0219te predarea limbilor \u00een autonomia noastr\u0103.<\/p>\n<p>Ce a r\u0103spuns ministrul Educa\u021biei, Dan Perciun? El a declarat c\u0103, din 1999, \u00een ceea ce prive\u0219te predarea limbii gagauze, \u201enu s-a schimbat nimic\u201d.<\/p>\n<p>DAN PERCIUN, ministrul Educa\u021biei<\/p>\n<p>A\u0219a cum \u0219i anterior autorit\u0103\u021bile publice locale din G\u0103g\u0103uzia, care sunt fondatoarele gr\u0103dini\u021belor aprobau state cu profesori de g\u0103g\u0103uz\u0103 pot \u00een continuare s-o fac\u0103 \u0219i pot bine mersi s\u0103 le finan\u021beze din bugetele pe care le-o primit \u0219i care le primesc \u00een continuare \u0219i care la fel nu sunt cu nimic diferite de cele care au fost anterior.<\/p>\n<p>C\u00e2t despre limba rus\u0103, Perciun a preferat s\u0103 tac\u0103, confirm\u00e2nd de fapt c\u0103 regimul PAS inten\u021bioneaz\u0103 s\u0103 elimine complet limba unic\u0103 a comunic\u0103rii interetnice din via\u021ba public\u0103, care este limb\u0103 matern\u0103 pentru sute de mii de cet\u0103\u021beni.<\/p>\n<\/div>\n","protected":false},"excerpt":{"rendered":"<div><img loading=\"lazy\" decoding=\"async\" width=\"696\" height=\"464\" src=\"https:\/\/canal5.md\/wp-content\/uploads\/2025\/03\/7918db131c58267e93a986b73b3e7764-1024x683-optimized.webp\" class=\"attachment-large size-large wp-post-image\" alt=\"\" srcset=\"https:\/\/canal5.md\/wp-content\/uploads\/2025\/03\/7918db131c58267e93a986b73b3e7764-1024x683-optimized.webp 1024w, https:\/\/canal5.md\/wp-content\/uploads\/2025\/03\/7918db131c58267e93a986b73b3e7764-300x200-optimized.webp 300w, https:\/\/canal5.md\/wp-content\/uploads\/2025\/03\/7918db131c58267e93a986b73b3e7764-768x512-optimized.webp 768w, https:\/\/canal5.md\/wp-content\/uploads\/2025\/03\/7918db131c58267e93a986b73b3e7764-696x464-optimized.webp 696w, https:\/\/canal5.md\/wp-content\/uploads\/2025\/03\/7918db131c58267e93a986b73b3e7764-1068x712-optimized.webp 1068w, https:\/\/canal5.md\/wp-content\/uploads\/2025\/03\/7918db131c58267e93a986b73b3e7764-optimized.webp 1095w\">Ministrul Educa\u021biei, Dan Perciun, \u0219i guvernul PAS sunt critica\u021bi pentru agravarea situa\u021biei limbii g\u0103g\u0103uze \u0219i ruse \u00een Moldova. \u00cen ultimii trei ani, num\u0103rul orelor de limba rus\u0103 \u00een \u0219colile din autonomie a sc\u0103zut considerabil, iar Perciun a cerut autorit\u0103\u021bilor locale s\u0103 finan\u021beze predarea limbii b\u0103\u0219tina\u0219ilor, ocolind responsabilit\u0103\u021bile guvernului. Aceste acuza\u021bii au fost f\u0103cute de deputatul [\u2026]<\/div>\n","protected":false},"author":1,"featured_media":69081,"comment_status":"closed","ping_status":"closed","sticky":false,"template":"","format":"standard","meta":{"jnews-multi-image_gallery":[],"jnews_single_post":[],"jnews_primary_category":[],"jnews_social_meta":[],"jnews_override_counter":[],"footnotes":""},"categories":[23],"tags":[],"class_list":["post-69080","post","type-post","status-publish","format-standard","has-post-thumbnail","hentry","category-politica_ro"],"_links":{"self":[{"href":"https:\/\/orheifm.live\/index.php\/wp-json\/wp\/v2\/posts\/69080","targetHints":{"allow":["GET"]}}],"collection":[{"href":"https:\/\/orheifm.live\/index.php\/wp-json\/wp\/v2\/posts"}],"about":[{"href":"https:\/\/orheifm.live\/index.php\/wp-json\/wp\/v2\/types\/post"}],"author":[{"embeddable":true,"href":"https:\/\/orheifm.live\/index.php\/wp-json\/wp\/v2\/users\/1"}],"replies":[{"embeddable":true,"href":"https:\/\/orheifm.live\/index.php\/wp-json\/wp\/v2\/comments?post=69080"}],"version-history":[{"count":0,"href":"https:\/\/orheifm.live\/index.php\/wp-json\/wp\/v2\/posts\/69080\/revisions"}],"wp:featuredmedia":[{"embeddable":true,"href":"https:\/\/orheifm.live\/index.php\/wp-json\/wp\/v2\/media\/69081"}],"wp:attachment":[{"href":"https:\/\/orheifm.live\/index.php\/wp-json\/wp\/v2\/media?parent=69080"}],"wp:term":[{"taxonomy":"category","embeddable":true,"href":"https:\/\/orheifm.live\/index.php\/wp-json\/wp\/v2\/categories?post=69080"},{"taxonomy":"post_tag","embeddable":true,"href":"https:\/\/orheifm.live\/index.php\/wp-json\/wp\/v2\/tags?post=69080"}],"curies":[{"name":"wp","href":"https:\/\/api.w.org\/{rel}","templated":true}]}}