{"id":69078,"date":"2025-03-14T21:49:15","date_gmt":"2025-03-14T19:49:15","guid":{"rendered":"https:\/\/orheifm.live\/index.php\/2025\/03\/14\/feroviarii-nu-cred-promisiunilor-autoritatilor-si-cer-plata-datoriilor-nu-mai-avem-nici-pentru-mancare-ajutati-ne-inainte-sa-ajungem-la-capatul-puterilor-video\/"},"modified":"2025-03-14T21:49:15","modified_gmt":"2025-03-14T19:49:15","slug":"feroviarii-nu-cred-promisiunilor-autoritatilor-si-cer-plata-datoriilor-nu-mai-avem-nici-pentru-mancare-ajutati-ne-inainte-sa-ajungem-la-capatul-puterilor-video","status":"publish","type":"post","link":"https:\/\/orheifm.live\/index.php\/2025\/03\/14\/feroviarii-nu-cred-promisiunilor-autoritatilor-si-cer-plata-datoriilor-nu-mai-avem-nici-pentru-mancare-ajutati-ne-inainte-sa-ajungem-la-capatul-puterilor-video\/","title":{"rendered":"Feroviarii nu cred promisiunilor autorit\u0103\u021bilor \u0219i cer plata datoriilor: \u201eNu mai avem nici pentru m\u00e2ncare, ajuta\u021bi-ne \u00eenainte s\u0103 ajungem la cap\u0103tul puterilor |VIDEO"},"content":{"rendered":"<div>\n<p><strong>Moldova este din nou cuprins\u0103 de un val de proteste ale feroviarilor. Angaja\u021bii C\u0103ii Ferate din toate nodurile feroviare au ie\u0219it \u00een strad\u0103, cer\u00e2nd repetat solu\u021bionarea urgent\u0103 a restan\u021belor salariale care se ridic\u0103 la sume considerabile \u0219i pun \u00een pericol existen\u021ba zilnic\u0103 a acestora. <\/strong><br \/>\n<iframe loading=\"lazy\" title=\"YouTube video player\" src=\"https:\/\/www.youtube.com\/embed\/BBgqLtr0-G8?si=LRL_dhn8tIH2cWCn\" width=\"560\" height=\"315\" frameborder=\"0\" allowfullscreen=\"allowfullscreen\"><\/iframe><br \/>\nOamenii sus\u021bin c\u0103 situa\u021bia devine din ce \u00een ce mai dramatic\u0103, deoarece nu mai au cu ce-\u0219i \u00eentre\u021bine familiile \u0219i hr\u0103ni copii, mul\u021bi fiind la limita supravie\u021buirii.<\/p>\n<p>Moldova este din nou cuprins\u0103 de un val de proteste ale feroviarilor. Angaja\u021bii C\u0103ii Ferate din toate nodurile feroviare au ie\u0219it \u00een strad\u0103, cer\u00e2nd repetat solu\u021bionarea urgent\u0103 a restan\u021belor salariale care se ridic\u0103 la sume considerabile \u0219i pun \u00een pericol existen\u021ba zilnic\u0103 a acestora. Oamenii sus\u021bin c\u0103 situa\u021bia devine din ce \u00een ce mai dramatic\u0103, deoarece nu mai au cu ce-\u0219i \u00eentre\u021bine familiile \u0219i hr\u0103ni copii, mul\u021bi fiind la limita supravie\u021buirii.<\/p>\n<p>\u201dNu mai avem bani pentru m\u00e2ncare, pentru plata facturilor, pentru nimic. Ne-am r\u0103t\u0103cit \u00een aceast\u0103 mare de promisiuni ne\u00eemplinite.<\/p>\n<p>Dac\u0103 nu vom primi urgent salariile restante, nu \u0219tim cum vom mai putea tr\u0103i. Salariile noastre sunt un drept, nu o favoare\u201d \u2013 acestea sunt mesajele pe care le scandeaz\u0103 protestatarii \u00een fa\u021ba cl\u0103dirii Guvernului, acolo unde cer o via\u021b\u0103 decent\u0103. F\u0103r\u0103 solu\u021bii imediate \u0219i f\u0103r\u0103 interven\u021bia autorit\u0103\u021bilor, criza ar putea escalada, pun\u00e2nd \u00een pericol nu doar stabilitatea sectorului feroviar, dar \u0219i siguran\u021ba social\u0103 a \u00eentregii popula\u021bii afectate, spun angaja\u021bii CFM.<\/p>\n<p>Ajuta\u021bi-ne ca ace\u0219ti oameni s\u0103 nu stea aici, dac\u0103 a\u0219a nu dori\u021bi aresta\u021bi-ne \u00een mama naibii \u00een pu\u0219c\u0103rie, poate acolo ne va da ni\u0219te l\u0103turi s\u0103 m\u00e2nc\u0103. Da\u021bi-mi salariul meu de 6000 de lei.<\/p>\n<p>IURIE IACUBOVSCHI, angajat al depoului de locomotive B\u0103l\u021bi<\/p>\n<p>Ini\u021bial ni s-a promis c\u0103 ne vor pl\u0103ti salariile, dar acum spun c\u0103 nu sunt bani. Iat\u0103-ne aici \u2013 deja de jum\u0103tate de an f\u0103r\u0103 salariu, \u00een\u021belege\u021bi ce \u00eenseamn\u0103. Vrem s\u0103 muncim, c\u0103ile ferate trebuie s\u0103 existe, dar nimeni nu ne ascult\u0103. De aceea am venit din nou. Este a doua oar\u0103 pentru mine. \u2013 Cum face\u021bi fa\u021b\u0103 f\u0103r\u0103 salariu? \u2013 So\u021bia lucreaz\u0103. Dac\u0103 nu ar fi ea, am fi pierdu\u021bi.<\/p>\n<p>NICOLAI SUFRAI, economist la depozitul de vagoane din B\u0103l\u021bi<\/p>\n<p>Am primit \u00een luna martie pentru anul trecut, luna decembrie. \u00cen acest perioad\u0103 am primit doar nou\u0103 salarii, dou\u0103 dintre ele pentru anul 2023. De fapt, pl\u0103\u021bile se fac o dat\u0103 la dou\u0103 luni.<\/p>\n<p>De ce nu ne-au sus\u021binut. Ast\u0103zi, conturile noastre sunt blocate, nu putem cump\u0103ra combustibil, vagoanele cu \u00eenc\u0103rc\u0103turi sunt blocate, stau \u00een B\u0103l\u021bi, Ocni\u021ba, Moghiliov, dar nu putem cump\u0103ra combustibil pentru c\u0103 conturile sunt blocate de c\u0103tre Ministerul Justi\u021biei. Ministerul<\/p>\n<p>Justi\u021biei are o datorie de 90 de milioane de lei, fa\u021b\u0103 de Calea Ferat\u0103, pe care nimeni nu o achit\u0103.<\/p>\n<p>Oamenii spun c\u0103, efectiv, au ajuns s\u0103 supravie\u021buiasc\u0103, a\u0219a c\u0103 liderii sindicali sunt deci\u0219i s\u0103 continue presiunile p\u00e2n\u0103 c\u00e2nd autorit\u0103\u021bile vor g\u0103si solu\u021bii pentru plata restan\u021belor salariale.\u00centr-adev\u0103r, este foarte greu, oamenii nu au cu ce achita utilit\u0103\u021bile, creditele, nu avem pe ce cump\u0103ra m\u00e2ncare. Este foarte greu.<\/p>\n<p>Pe\u0219tele se stric\u0103 de la cap. A\u0219a se stric\u0103 i la noi totul, totul \u00eencepe de la conducere, dac\u0103 conducerea este corupt\u0103, \u00eenseamn\u0103 c\u0103 toat\u0103 \u021bara este corupt\u0103. Dac\u0103 ar fi o conducere normal\u0103 \u0219i noi am fi tr\u0103it foarte bine, c\u0103 suntem ni\u0219te oameni muncitori, avem de toate, doar c\u0103 suntem condu\u0219i ca ni\u0219te turme de oi, ei nu se socot pe noi ca oameni, suntem ca ni\u0219te robo\u021bi.<\/p>\n<p>Noi suntem cu salarii mizere, care Europ\u0103, ei vor \u021bar\u0103 European\u0103, noi avem 5000 de lei \u0219i nici pe ace\u0219tia nu-i primim. Ei ridic\u0103 doar pre\u021burile, ei nu \u0219tiu altceva. Conducerea noastr\u0103, unde voi v\u0103 uita\u021bi, \u00eentoarce\u021bi-v\u0103 la oameni, nu doar c\u00e2nd ave\u021bi nevoie de voturi veni\u021bi pe la casele oamenilor \u0219i vota\u021bi-ne c\u0103 noi v\u0103 promitem.<\/p>\n<p>Pentru prima dat\u0103 de la declan\u0219area protestelor, s\u0103 stea de vorb\u0103 cu oamenii au ie\u0219it ministrul Infrastructurii \u0219i noul \u0219ef al CFM, care au f\u0103cut noi promisiuni \u0219i din care reiese c\u0103 \u00eentreprinderea trebuie s\u0103 se descurce singur\u0103 cu plata lefurilor.<\/p>\n<p>VLADIMIR BOLEA, ministrul Infrastructurii<\/p>\n<p>noi am luat de pe CFM pentru urm\u0103toarele 4 luni presiunea de a pl\u0103ti motorina care-i foarte costisitoare, to\u021bi banii trebuie direc\u021bina\u021bi la plata salariilor, pentru urm\u0103toarea perioad\u0103. Din planul de transportare pentru martie, \u00eencas\u0103rile sunt \u00een cre\u0219tere \u2013 40- 45 mil, ceea ce o s\u0103 le permit\u0103 s\u0103 \u00eenchid\u0103 mai rapid lunile.<\/p>\n<p>SERGIU COTELNIC, \u0219ef CFM<\/p>\n<p>Aceasta este sarcina num\u0103rul unu, pe care o vom \u00eendeplini. \u0218i a\u0219a pas cu pas vom cre\u0219te constant \u0219i vom pl\u0103ti salariile. Deci, \u00een principiu, perspectiva este urm\u0103toarea: planific\u0103m, cel pu\u021bin, s\u0103 pl\u0103tim 3 salarii \u00een termen de 2 luni. Planific\u0103m.<\/p>\n<p>Deci, achitarea salariilor este deocamdat\u0103 la etapa de planificare, \u00een plus, demniatrii nici m\u0103car nu se \u00eentreab\u0103 cu ce vor tr\u0103i ace\u0219ti oameni timp de dou\u0103 luni. \u00cen principiu, obi\u0219nui\u021bi cu f\u0103g\u0103duin\u021be neacoperite, feroviarii s-au ar\u0103tat convin\u0219i c\u0103 \u0219i de aceast\u0103 dat\u0103 li se spun bra\u0219oave.<\/p>\n<p>SERGHEI MARTAZIN, pre\u0219edintele comitetului sindical al sta\u021biei Chi\u0219in\u0103u<\/p>\n<p>\u00cen unele familii, ambii p\u0103rin\u021bi lucreaz\u0103 pe calea ferat\u0103 \u0219i pur \u0219i simplu nu au de unde s\u0103 ia bani.<\/p>\n<p>Situa\u021bia este, \u00eentr-adev\u0103r, grav\u0103, vede\u021bi, nimeni din conducere nu a ie\u0219it, de la parlament nu a venit la noi. \u2013 Dar ave\u021bi \u00eencredere \u00een ministrul Bolea? \u2013 \u0218ti\u021bi, m\u0103 \u00eendoiesc c\u0103 ministrul Bolea se va ispr\u0103vi cu problemele noastre \u0219i noul \u0219ef al CFM. Vede\u021bi ce a vorbit, nu a spus nimic concret.<\/p>\n<p>A men\u021bionat doar c\u0103 ne vor da combustibil, dar despre salarii \u2013 niciun cuv\u00e2nt. De aceea, suntem sceptici c\u0103 el va putea rezolva problemele noastre. P\u00e2n\u0103 nu ne va ajuta guvernul, nu vom reu\u0219i s\u0103 ne descurc\u0103m singuri.<\/p>\n<p>La momentul actual sunt acelea\u0219i promisiuni goale, adic\u0103 se toarn\u0103 ap\u0103 la iarb\u0103, nu suntem auzi\u021bi, nu se \u00eendeplinesc cerin\u021bele noastre. Noi suntem cet\u0103\u021benii RM care tr\u0103im \u00een sclavie, mai r\u0103u ca sclavii c\u0103 ei sunt hr\u0103ni\u021bi pentru munca lor.<\/p>\n<p>Acesta este un lucru extrem de dificil, de care nici nu \u00ee\u0219i pot imagina. Dac\u0103 am lua, de exemplu, un ministru \u0219i i-am pune un salariu de 7000 de lei, iar 4000 nu sunt pl\u0103ti\u021bi nici m\u0103car to\u021bi, cum po\u021bi s\u0103 tr\u0103ie\u0219ti cu 7000 de lei? Cum ai putea s\u0103 supravie\u021buie\u0219ti azi cu un astfel de salariu, care nu a fost pl\u0103tit de 7 luni? Este mai mult dec\u00e2t un genocid. Este imposibil de descris.<\/p>\n<p>LARISA BUJAC, angajat al c\u0103ii ferate din Ocni\u021ba<\/p>\n<p>Oricum nu ar suna, dar acum v\u0103 spun ceea ce cred eu, s\u0103 m\u0103 ierte parlamentarii no\u0219tri, dar Bolea este boal\u0103, pentru c\u0103 eu urm\u0103resc situa\u021bia \u00een \u021bar\u0103. -De ce? -Pentru c\u0103 eu tr\u0103iesc \u00een aceast\u0103 \u021bar\u0103, copilul tr\u0103ie\u0219te \u00een Chi\u0219in\u0103u \u0219i \u00eemi doresc ca \u0219i copiii mei s\u0103 creasc\u0103 aici,\u00a0 ca Moldova s\u0103 \u00eenfloreasc\u0103, la fel ca \u00eenainte.<\/p>\n<p>Angaja\u021bii au protestat \u0219i \u00een fa\u021ba cl\u0103dirii Pre\u0219edin\u021biei \u0219i Parlamentului. Tot pentru prima dat\u0103 de la declan\u0219area protestelor, la manifestan\u021bi a ie\u0219it un deputat al partidului de guvern\u0103m\u00e2nt, vicepre\u0219edintele Comisiei Economie, Buget \u0219i Finan\u021be, Dorian Istratii. Acesta, \u00eens\u0103, practic, a recunoscut impoten\u021ba guvern\u0103rii \u0219i a pus problema pe seama \u00eentreprinderii, men\u021bion\u00e2nd c\u0103 solu\u021bia autorit\u0103\u021bilor a fost:<\/p>\n<p>DORIAN ISTRATII, deputat PAS<\/p>\n<p>Noi am numit un director, am numit alt director pentru a \u00eembun\u0103t\u0103\u021bi situa\u021bia, din p\u0103cate chiar fiecare candidat la func\u021bia de director venea \u0219i spunea c\u0103 el o s\u0103 poat\u0103 s\u0103 rezolve aceast\u0103 problem\u0103 \u0219i p\u00e2n\u0103 la urm\u0103 nu realiza ceea ce spunea.<\/p>\n<p>ION ZAPOROJAN, pre\u015fedintele Federa\u0163iei Sindicale a Feroviarilor din Moldova<\/p>\n<p>\u00cenainte veneau venitici, eu a\u0219a le spun celor care nici nu \u0219tiu ce \u00eenseamn\u0103 calea ferat\u0103, \u00een 2009, p\u00e2n\u0103 chiar nu demult \u00een 2023, vorbeau frumos, discutau, l\u0103mureau, aduceau echipele lor, le majorau salariile cu 100-150%, cum domnul Tofilat a adus echipa lui, se ocupau ce vrei numai nu cu optimiz\u0103rile la Calea Ferat\u0103.<\/p>\n<p>\u00cen plus, de solu\u021bionarea problemei nu s-a interesat niciodat\u0103 nici \u0219eful statului, spune dezam\u0103git liderul sindicatelor.<\/p>\n<p>ION ZAPOROJAN, pre\u015fedintele Federa\u0163iei Sindicale a Feroviarilor din Moldova<\/p>\n<p>V\u0103 spun sincer, din 2019 p\u00e2n\u0103 acum nu am v\u0103zut nicio reac\u021bie din partea pre\u0219edintelui nostru, cel care ar trebui s\u0103 fie garan\u021bia Constitu\u021biei noastre.<\/p>\n<p>Unde este ap\u0103rarea, doamn\u0103 pre\u0219edinte? De ce merge\u021bi prin \u021b\u0103rile europene \u0219i \u00eentinde\u021bi m\u00e2na, cer\u00e2nd ajutor, c\u00e2nd nici m\u0103car un procent din acel ajutor nu ajunge la noi? Noi, lucr\u0103torii C\u0103ilor Ferate, \u00eentindem m\u00e2na \u0219i nu primim nimic.<\/p>\n<p>Extrem de sup\u0103ra\u021bi \u0219i indigna\u021bi, unii protestatari au spus c\u0103, f\u0103r\u0103 m\u0103suri, Calea Ferat\u0103 moare, iar acest lucru deja se \u00eent\u00e2mpl\u0103, sub ochii tuturor. Ace\u0219tia au acuzat PAS-ul de ipocrizie \u0219i gestionare defectuoas\u0103 a resurselor financiare.<\/p>\n<p>ALEXANDRU VICOL, angajat al c\u0103ii ferate din Ocni\u021ba<\/p>\n<p>M\u0103 adresez poporului Republicii Moldova, mass-media \u0219i societ\u0103\u021bii civile:<br \/>\nCalea Ferat\u0103 moare sub ochii no\u0219tri! Dac\u0103 cei din fa\u021b\u0103, din spate \u0219i din partea dreapt\u0103 nu \u00ee\u0219i vor sufleca m\u00e2necile \u0219i nu se vor apuca serios de lucru\u2026 Domnu Grpsu, m\u0103 adresez dumneavoastr\u0103. A\u021bi spus c\u0103 din bugetul de stat nu pute\u021bi achita salariile, dar a\u021bi g\u0103sit 62 de milioane din acela\u0219i buget pentru partide? Dintre care 29 de milioane pentru partidul PAS? Ru\u0219ine! Demisia!<\/p>\n<p>Eu cred c\u0103 ei, nu la 99% sunt vinova\u021bi, dar la toate 100% sunt vinova\u021bi pentru faptul c\u0103 noi ne afl\u0103m ast\u0103zi aici. \u0218i uita\u021bi- v\u0103 nici unul dintre ei nu g\u0103se\u0219te putere \u0219i voin\u021b\u0103 s\u0103 ias\u0103 \u0219i s\u0103 se uite la noi, cei s\u0103raci, fl\u0103m\u00e2nzi, \u00eenghe\u021ba\u021bi \u0219i a\u0219a mai departe. Nimeni nu este, ei stau s\u0103tui \u0219i m\u00e2nca\u021bi.<\/p>\n<p>Proteste au mai avut loc la Ocni\u021ba, Bender, Basarabeasca \u0219i Giurgiule\u0219ti.<\/p>\n<p>Noi vrem s\u0103 tr\u0103im bine, nu s\u0103 supravie\u021buim. Di\u021bi-ne salariul nostru. Nu a\u0219tepta\u021bi p\u00e2n\u0103 vom lua \u0219i \u00eel vom ob\u021bine singuri.<\/p>\n<p>IURI UZUN, pre\u0219edintele comitetului sindical Basarabeasca<\/p>\n<p>Propun la to\u021bi, v\u0103d c\u0103 nu este ie\u0219ire din situa\u021bie, dac\u0103 a mers a\u0219a \u0219i nimeni nu ne aude, scrie\u021bi cerere cereri pentru suspendarea activit\u0103\u021bii timp de o s\u0103pt\u0103m\u00e2n\u0103, conform articolului 78 din Codul Muncii.<\/p>\n<p>Preciz\u0103m c\u0103 \u00eentreprinderea de stat Calea Ferat\u0103 din Moldova se confrunt\u0103 cu dificult\u0103\u021bi financiare, \u00eenregistr\u00e2nd restan\u021be salariale de circa 191 de milioane de lei fa\u021b\u0103 de aproape 5000 de angaja\u021bi.<\/p>\n<p>Feroviarii au organizat mai multe proteste pentru a cere plata salariilor. Ace\u0219tia \u00ee\u0219i manifest\u0103 indignarea fa\u021b\u0103 de inac\u021biunile autorit\u0103\u021bilor \u0219i spun c\u0103 vor continua s\u0103 manifeste p\u00e2n\u0103 la achitarea total\u0103 a restan\u021belor. Men\u021bion\u0103m c\u0103 sute de angaja\u021bi ai nodului feroviar din B\u0103l\u021bi \u0219i-au sistat activitatea \u00een semn de protest, iar unii dintre ei au depus cereri de demisie.<\/p>\n<p>Probleme similare au fost semnalate \u0219i la nodul feroviar din Ocni\u021ba, unde to\u021bi angaja\u021bii \u00ee\u0219i vor suspenda activitatea, \u00eencep\u00e2nd cu 17 martie, dac\u0103 nu li se vor achita salariile restante.<\/p>\n<\/div>\n","protected":false},"excerpt":{"rendered":"<div><img loading=\"lazy\" decoding=\"async\" width=\"696\" height=\"288\" src=\"https:\/\/canal5.md\/wp-content\/uploads\/2025\/03\/snimok-ekrana-2025-03-14-160024-1024x424-optimized.png\" class=\"attachment-large size-large wp-post-image\" alt=\"\" srcset=\"https:\/\/canal5.md\/wp-content\/uploads\/2025\/03\/snimok-ekrana-2025-03-14-160024-1024x424-optimized.png 1024w, https:\/\/canal5.md\/wp-content\/uploads\/2025\/03\/snimok-ekrana-2025-03-14-160024-300x124-optimized.png 300w, https:\/\/canal5.md\/wp-content\/uploads\/2025\/03\/snimok-ekrana-2025-03-14-160024-768x318-optimized.png 768w, https:\/\/canal5.md\/wp-content\/uploads\/2025\/03\/snimok-ekrana-2025-03-14-160024-696x288-optimized.png 696w, https:\/\/canal5.md\/wp-content\/uploads\/2025\/03\/snimok-ekrana-2025-03-14-160024-optimized.png 1057w\">Moldova este din nou cuprins\u0103 de un val de proteste ale feroviarilor. Angaja\u021bii C\u0103ii Ferate din toate nodurile feroviare au ie\u0219it \u00een strad\u0103, cer\u00e2nd repetat solu\u021bionarea urgent\u0103 a restan\u021belor salariale care se ridic\u0103 la sume considerabile \u0219i pun \u00een pericol existen\u021ba zilnic\u0103 a acestora. Oamenii sus\u021bin c\u0103 situa\u021bia devine din ce \u00een ce mai dramatic\u0103, [\u2026]<\/div>\n","protected":false},"author":1,"featured_media":69079,"comment_status":"closed","ping_status":"closed","sticky":false,"template":"","format":"standard","meta":{"jnews-multi-image_gallery":[],"jnews_single_post":[],"jnews_primary_category":[],"jnews_social_meta":[],"jnews_override_counter":[],"footnotes":""},"categories":[30],"tags":[],"class_list":["post-69078","post","type-post","status-publish","format-standard","has-post-thumbnail","hentry","category-social_ro"],"_links":{"self":[{"href":"https:\/\/orheifm.live\/index.php\/wp-json\/wp\/v2\/posts\/69078","targetHints":{"allow":["GET"]}}],"collection":[{"href":"https:\/\/orheifm.live\/index.php\/wp-json\/wp\/v2\/posts"}],"about":[{"href":"https:\/\/orheifm.live\/index.php\/wp-json\/wp\/v2\/types\/post"}],"author":[{"embeddable":true,"href":"https:\/\/orheifm.live\/index.php\/wp-json\/wp\/v2\/users\/1"}],"replies":[{"embeddable":true,"href":"https:\/\/orheifm.live\/index.php\/wp-json\/wp\/v2\/comments?post=69078"}],"version-history":[{"count":0,"href":"https:\/\/orheifm.live\/index.php\/wp-json\/wp\/v2\/posts\/69078\/revisions"}],"wp:featuredmedia":[{"embeddable":true,"href":"https:\/\/orheifm.live\/index.php\/wp-json\/wp\/v2\/media\/69079"}],"wp:attachment":[{"href":"https:\/\/orheifm.live\/index.php\/wp-json\/wp\/v2\/media?parent=69078"}],"wp:term":[{"taxonomy":"category","embeddable":true,"href":"https:\/\/orheifm.live\/index.php\/wp-json\/wp\/v2\/categories?post=69078"},{"taxonomy":"post_tag","embeddable":true,"href":"https:\/\/orheifm.live\/index.php\/wp-json\/wp\/v2\/tags?post=69078"}],"curies":[{"name":"wp","href":"https:\/\/api.w.org\/{rel}","templated":true}]}}