{"id":69076,"date":"2025-03-14T21:45:34","date_gmt":"2025-03-14T19:45:34","guid":{"rendered":"https:\/\/orheifm.live\/index.php\/2025\/03\/14\/economia-tarii-in-colaps-iar-maia-sandu-ii-multumeste-lui-dumitru-alaiba-pentru-efort-si-munca-video\/"},"modified":"2025-03-14T21:45:34","modified_gmt":"2025-03-14T19:45:34","slug":"economia-tarii-in-colaps-iar-maia-sandu-ii-multumeste-lui-dumitru-alaiba-pentru-efort-si-munca-video","status":"publish","type":"post","link":"https:\/\/orheifm.live\/index.php\/2025\/03\/14\/economia-tarii-in-colaps-iar-maia-sandu-ii-multumeste-lui-dumitru-alaiba-pentru-efort-si-munca-video\/","title":{"rendered":"Economia \u021b\u0103rii \u00een colaps, iar Maia Sandu \u00eei mul\u021bume\u0219te lui Dumitru Alaiba pentru \u201eefort \u0219i munc\u0103\u201d |VIDEO"},"content":{"rendered":"<div>\n<p><strong>\u00cen timp ce mul\u021bi \u00eel critic\u0103 \u0219i \u00eel numesc \u201eministrul \u0219tampilelor, h\u00e2r\u021boajelor \u0219i al usturoiului\u201d, Maia Sandu i-a adresat cuvinte de mul\u021bumire lui Dumitru Alaiba, numai c\u0103 nu-i clar pentru ce, probabil pentru falimentul complet al economiei. \u0218efa statului a numit \u00eens\u0103 asta munc\u0103 \u0219i efort. <\/strong><br \/>\n<iframe loading=\"lazy\" title=\"YouTube video player\" src=\"https:\/\/www.youtube.com\/embed\/aAxr-sugTKE?si=keGib9fiXe6LV_5u\" width=\"560\" height=\"315\" frameborder=\"0\" allowfullscreen=\"allowfullscreen\"><\/iframe><br \/>\nAmintim c\u0103, joi, vicepremierul Dumitru Alaiba \u0219i fostul ministru al Dezvolt\u0103rii Economice \u0219i Digitaliz\u0103rii \u0219i-a anun\u021bat demisia \u00eentr-o postare pe re\u021belele de socializare, men\u021bion\u00e2nd c\u0103 merge la ultima \u0219edin\u021b\u0103 de guvern.<\/p>\n<p>Ulterior, postarea a generat un val de comentarii critice, iar unii internau\u021bi au scris c\u0103 \u201enimeni nu poate face mai mult r\u0103u dec\u00e2t el\u201d, ad\u0103ug\u00e2nd c\u0103 dosarele \u00eel vor ajunge rapid din urm\u0103.<\/p>\n<p>MAIA SANDU, pre\u0219edintele Republicii Moldovei<\/p>\n<p>\u00cen primul r\u00e2nd vreau s\u0103-i mul\u021bumesc domnului Dumitru Alaiba pentru efort, pentru munc\u0103, pentru faptul c\u0103 a schimbat paradigma rela\u021biilor dintre stat \u0219i mediul de afaceri. Ast\u0103zi statul este deschis, prietenos \u00een raport cu mediul de afaceri. Domnul Alaiba \u00eempreun\u0103 cu echipa a pornit multe reforme importante.<\/p>\n<\/div>\n","protected":false},"excerpt":{"rendered":"<div><img loading=\"lazy\" decoding=\"async\" width=\"300\" height=\"169\" src=\"https:\/\/canal5.md\/wp-content\/uploads\/2024\/11\/maia-sandu-300x169-1-optimized.webp\" class=\"attachment-large size-large wp-post-image\" alt=\"\">\u00cen timp ce mul\u021bi \u00eel critic\u0103 \u0219i \u00eel numesc \u201eministrul \u0219tampilelor, h\u00e2r\u021boajelor \u0219i al usturoiului\u201d, Maia Sandu i-a adresat cuvinte de mul\u021bumire lui Dumitru Alaiba, numai c\u0103 nu-i clar pentru ce, probabil pentru falimentul complet al economiei. \u0218efa statului a numit \u00eens\u0103 asta munc\u0103 \u0219i efort. Amintim c\u0103, joi, vicepremierul Dumitru Alaiba \u0219i fostul ministru [\u2026]<\/div>\n","protected":false},"author":1,"featured_media":69077,"comment_status":"closed","ping_status":"closed","sticky":false,"template":"","format":"standard","meta":{"jnews-multi-image_gallery":[],"jnews_single_post":[],"jnews_primary_category":[],"jnews_social_meta":[],"jnews_override_counter":[],"footnotes":""},"categories":[23],"tags":[],"class_list":["post-69076","post","type-post","status-publish","format-standard","has-post-thumbnail","hentry","category-politica_ro"],"_links":{"self":[{"href":"https:\/\/orheifm.live\/index.php\/wp-json\/wp\/v2\/posts\/69076","targetHints":{"allow":["GET"]}}],"collection":[{"href":"https:\/\/orheifm.live\/index.php\/wp-json\/wp\/v2\/posts"}],"about":[{"href":"https:\/\/orheifm.live\/index.php\/wp-json\/wp\/v2\/types\/post"}],"author":[{"embeddable":true,"href":"https:\/\/orheifm.live\/index.php\/wp-json\/wp\/v2\/users\/1"}],"replies":[{"embeddable":true,"href":"https:\/\/orheifm.live\/index.php\/wp-json\/wp\/v2\/comments?post=69076"}],"version-history":[{"count":0,"href":"https:\/\/orheifm.live\/index.php\/wp-json\/wp\/v2\/posts\/69076\/revisions"}],"wp:featuredmedia":[{"embeddable":true,"href":"https:\/\/orheifm.live\/index.php\/wp-json\/wp\/v2\/media\/69077"}],"wp:attachment":[{"href":"https:\/\/orheifm.live\/index.php\/wp-json\/wp\/v2\/media?parent=69076"}],"wp:term":[{"taxonomy":"category","embeddable":true,"href":"https:\/\/orheifm.live\/index.php\/wp-json\/wp\/v2\/categories?post=69076"},{"taxonomy":"post_tag","embeddable":true,"href":"https:\/\/orheifm.live\/index.php\/wp-json\/wp\/v2\/tags?post=69076"}],"curies":[{"name":"wp","href":"https:\/\/api.w.org\/{rel}","templated":true}]}}