{"id":69074,"date":"2025-03-14T21:41:15","date_gmt":"2025-03-14T19:41:15","guid":{"rendered":"https:\/\/orheifm.live\/index.php\/2025\/03\/14\/guvernarea-pas-pregateste-reguli-stricte-pentru-vloggeri-si-podcasteri-risc-de-cenzura-online\/"},"modified":"2025-03-14T21:41:15","modified_gmt":"2025-03-14T19:41:15","slug":"guvernarea-pas-pregateste-reguli-stricte-pentru-vloggeri-si-podcasteri-risc-de-cenzura-online","status":"publish","type":"post","link":"https:\/\/orheifm.live\/index.php\/2025\/03\/14\/guvernarea-pas-pregateste-reguli-stricte-pentru-vloggeri-si-podcasteri-risc-de-cenzura-online\/","title":{"rendered":"Guvernarea PAS preg\u0103te\u0219te reguli stricte pentru vloggeri \u0219i podcasteri: risc de cenzur\u0103 online?"},"content":{"rendered":"<div>\n<p><strong>Cenzura continu\u0103. Guvernarea PAS, condus\u0103 de Maia Sandu, preg\u0103te\u0219te un proiect de lege controversat care vizeaz\u0103 reglementarea vlogurilor \u0219i podcasturilor video, impun\u00e2nd reguli stricte pentru creatorii de con\u021binut online. <\/strong><br \/>\n<iframe loading=\"lazy\" title=\"YouTube video player\" src=\"https:\/\/www.youtube.com\/embed\/wxW616hVqcA?si=f8SdezLJnugmycc-\" width=\"560\" height=\"315\" frameborder=\"0\" allowfullscreen=\"allowfullscreen\"><\/iframe><br \/>\nDespre aceasta anun\u021b\u0103 portalul telegraph.md, care a consultat acest proiect. Ini\u021biativa prevede modificarea Codului Serviciilor Media Audiovizuale \u0219i introducerea reglement\u0103rilor care ar putea permite cenzurarea materialelor distribuite pe internet. Deocamdat\u0103, proiectul de lege nu a fost f\u0103cut public.<\/p>\n<p>Potrivit portalului telegraph.md, una dintre modific\u0103rile principale ale Codului Serviciilor Media Audiovizuale vizeaz\u0103 defini\u021bia \u201eserviciului de platform\u0103 de partajare a materialelor video\u201d, incluz\u00e2nd aici \u0219i vlogurile sau podcasturile \u00eenc\u0103rcate pe platforme precum YouTube, TikTok, Facebook sau alte servicii similare.<\/p>\n<p>Acest lucru \u00eenseamn\u0103 c\u0103 autorit\u0103\u021bile vor putea impune restric\u021bii \u0219i sanc\u021biuni creatorilor de con\u021binut, iar ace\u0219tia vor trebui s\u0103 se conformeze reglement\u0103rilor.<\/p>\n<p>Noul proiect introduce \u0219i no\u021biunea de \u201econ\u021binut ilegal\u201d, definit ca orice material care nu respect\u0103 legisla\u021bia \u021b\u0103rii, f\u0103r\u0103 \u00eens\u0103 a specifica \u00een mod clar ce anume reprezint\u0103 con\u021binut ilegal, l\u0103s\u00e2nd loc pentru interpret\u0103ri \u0219i posibile abuzuri.<\/p>\n<p>O alt\u0103 prevedere controversat\u0103 este interzicerea difuz\u0103rii de con\u021binut care \u201eprejudiciaz\u0103 securitatea na\u021bional\u0103\u201d, f\u0103r\u0103 a preciza criteriile exacte care ar putea fi folosite pentru a decide ce con\u021binut intr\u0103 sub inciden\u021ba acestei reglement\u0103ri. Aceast\u0103 prevedere ar putea fi folosit\u0103 pentru cenzurarea con\u021binutului critic la adresa guvernului sau eliminarea materialelor care nu sunt convenabile politic, mai scrie telegraph.md<\/p>\n<p>Una dintre cele mai discutate m\u0103suri este introducerea conceptului de \u201enotificator de \u00eencredere\u201d, adic\u0103 persoan\u0103 care va avea dreptul de a raporta direct platformelor orice con\u021binut considerat ilegal.<\/p>\n<p>Conform noilor reglement\u0103ri, furnizorii de platforme de partajare a materialelor video vor fi obliga\u021bi s\u0103 elimine con\u021binutul semnalat de ace\u0219ti notificatori, f\u0103r\u0103 a fi necesar\u0103 o decizie judec\u0103toreasc\u0103, ceea ce ar putea duce la un control al libert\u0103\u021bii de exprimare \u00een mediul online, av\u00e2nd dreptul s\u0103 intervin\u0103 asupra con\u021binutului publicat de vloggeri sau podcasteri. \u00cen plus, proiectul de lege impune reguli stricte pentru publicitatea \u0219i plasarea produselor \u00een vloguri \u0219i podcasturi video.<\/p>\n<p>Orice form\u0103 de promovare a unui produs sau serviciu va trebui s\u0103 respecte reglement\u0103rile audiovizuale, iar vloggerii care produc con\u021binut destinat copiilor nu vor mai putea face publicitate pentru produse nes\u0103n\u0103toase.<\/p>\n<p>Astfel, portalul sus\u021bine c\u0103 toate aceste modific\u0103ri vor afecta direct activitatea creatorilor de con\u021binut din Republica Moldova. Dac\u0103 proiectul va fi adoptat, vloggerii \u0219i podcasterii vor trebui s\u0103 respecte reguli similare posturilor TV, s\u0103 fie aten\u021bi la con\u021binutul publicat pentru a evita sanc\u021biuni \u0219i s\u0103 accepte faptul c\u0103 anumite materiale ar putea fi eliminate la cererea autorit\u0103\u021bilor sau a a\u0219a-numi\u021bilor notificatori de \u00eencredere.<\/p>\n<p>\u00cen acest context, m\u0103surile propuse ar putea avea un impact negativ asupra libert\u0103\u021bii de exprimare \u00een mediul online, oferind statului un control excesiv asupra informa\u021biilor distribuite pe internet.<\/p>\n<p>De cealalt\u0103 parte, guvernarea PAS argumenteaz\u0103 c\u0103 aceste reglement\u0103ri sunt necesare pentru combaterea dezinform\u0103rii \u0219iprotejarea utilizatorilor, \u00een special a minorilor, mai scrie portalul. Totu\u0219i, criticii proiectului de lege consider\u0103 c\u0103 acesta ar putea afecta grav libertatea de exprimare \u0219i ar oferi statului prea mult control asupra informa\u021biilor distribuite pe internet.<\/p>\n<p>Proiectul de lege urmeaz\u0103 s\u0103 fie dezb\u0103tut \u00een Parlament, iar dac\u0103 va fi adoptat \u00een forma actual\u0103, Republica Moldova ar putea deveni una dintre pu\u021binele \u021b\u0103ri din regiune care impune un control strict asupra vlogurilor \u0219i podcasturilor video, transform\u00e2nd creatorii de con\u021binut online \u00een subiec\u021bi ai legisla\u021biei audiovizuale.<\/p>\n<p>Prin urmare, cenzurarea materialelor ar putea include eliminarea sau restric\u021bionarea con\u021binutului care este considerat de c\u0103tre guvernarea PAS \u201eilegal\u201d sau d\u0103un\u0103tor, de multe ori \u00een mod arbitrar sau f\u0103r\u0103 o evaluare transparent\u0103, ceea ce ar putea afecta libertatea de exprimare online. Noul proiect deocamdat\u0103 nu a fost f\u0103cut public de c\u0103tre puterea galben\u0103.<\/p>\n<p>Preciz\u0103m c\u0103, recent, \u0219efa Consiliului Audiovizualului, Liliana Vi\u021bu- E\u0219anu, \u0219i-a exprimat speran\u021ba c\u0103 activitatea vloggerilor \u0219i a autorilor de podcasturi va fi reglementat\u0103, av\u00e2nd \u00een vedere c\u0103 ace\u0219tia au dep\u0103\u0219it audien\u021bele TV, iar politicienii s-au mutat online pentru a-\u0219i promova ideile \u0219i campaniile.<\/p>\n<\/div>\n","protected":false},"excerpt":{"rendered":"<div><img loading=\"lazy\" decoding=\"async\" width=\"640\" height=\"360\" src=\"https:\/\/canal5.md\/wp-content\/uploads\/2025\/03\/251192-205868-optimized.png\" class=\"attachment-large size-large wp-post-image\" alt=\"\" srcset=\"https:\/\/canal5.md\/wp-content\/uploads\/2025\/03\/251192-205868-optimized.png 640w, https:\/\/canal5.md\/wp-content\/uploads\/2025\/03\/251192-205868-300x169-optimized.png 300w\">Cenzura continu\u0103. Guvernarea PAS, condus\u0103 de Maia Sandu, preg\u0103te\u0219te un proiect de lege controversat care vizeaz\u0103 reglementarea vlogurilor \u0219i podcasturilor video, impun\u00e2nd reguli stricte pentru creatorii de con\u021binut online. Despre aceasta anun\u021b\u0103 portalul telegraph.md, care a consultat acest proiect. Ini\u021biativa prevede modificarea Codului Serviciilor Media Audiovizuale \u0219i introducerea reglement\u0103rilor care ar putea permite cenzurarea materialelor [\u2026]<\/div>\n","protected":false},"author":1,"featured_media":69075,"comment_status":"closed","ping_status":"closed","sticky":false,"template":"","format":"standard","meta":{"jnews-multi-image_gallery":[],"jnews_single_post":[],"jnews_primary_category":[],"jnews_social_meta":[],"jnews_override_counter":[],"footnotes":""},"categories":[30],"tags":[],"class_list":["post-69074","post","type-post","status-publish","format-standard","has-post-thumbnail","hentry","category-social_ro"],"_links":{"self":[{"href":"https:\/\/orheifm.live\/index.php\/wp-json\/wp\/v2\/posts\/69074","targetHints":{"allow":["GET"]}}],"collection":[{"href":"https:\/\/orheifm.live\/index.php\/wp-json\/wp\/v2\/posts"}],"about":[{"href":"https:\/\/orheifm.live\/index.php\/wp-json\/wp\/v2\/types\/post"}],"author":[{"embeddable":true,"href":"https:\/\/orheifm.live\/index.php\/wp-json\/wp\/v2\/users\/1"}],"replies":[{"embeddable":true,"href":"https:\/\/orheifm.live\/index.php\/wp-json\/wp\/v2\/comments?post=69074"}],"version-history":[{"count":0,"href":"https:\/\/orheifm.live\/index.php\/wp-json\/wp\/v2\/posts\/69074\/revisions"}],"wp:featuredmedia":[{"embeddable":true,"href":"https:\/\/orheifm.live\/index.php\/wp-json\/wp\/v2\/media\/69075"}],"wp:attachment":[{"href":"https:\/\/orheifm.live\/index.php\/wp-json\/wp\/v2\/media?parent=69074"}],"wp:term":[{"taxonomy":"category","embeddable":true,"href":"https:\/\/orheifm.live\/index.php\/wp-json\/wp\/v2\/categories?post=69074"},{"taxonomy":"post_tag","embeddable":true,"href":"https:\/\/orheifm.live\/index.php\/wp-json\/wp\/v2\/tags?post=69074"}],"curies":[{"name":"wp","href":"https:\/\/api.w.org\/{rel}","templated":true}]}}