{"id":69072,"date":"2025-03-14T21:10:26","date_gmt":"2025-03-14T19:10:26","guid":{"rendered":"https:\/\/orheifm.live\/index.php\/2025\/03\/14\/un-focar-de-rujeola-a-fost-inregistrat-in-raionul-cimislia-cati-copii-s-a-imbolnavit\/"},"modified":"2025-03-14T21:10:26","modified_gmt":"2025-03-14T19:10:26","slug":"un-focar-de-rujeola-a-fost-inregistrat-in-raionul-cimislia-cati-copii-s-a-imbolnavit","status":"publish","type":"post","link":"https:\/\/orheifm.live\/index.php\/2025\/03\/14\/un-focar-de-rujeola-a-fost-inregistrat-in-raionul-cimislia-cati-copii-s-a-imbolnavit\/","title":{"rendered":"Un focar de rujeol\u0103 a fost \u00eenregistrat \u00een raionul Cimi\u0219lia. C\u00e2\u021bi copii s-a \u00eemboln\u0103vit"},"content":{"rendered":"<div>\n<p><strong>Opt copii din raionul Cimi\u0219lia, cu v\u00e2rste cuprinse \u00eentre 2 \u2013 17 ani, s-au \u00eemboln\u0103vit de rujeol\u0103. Anun\u021bul a fost f\u0103cut de Agen\u021bia Na\u021bional\u0103 pentru S\u0103n\u0103tate Public\u0103 (ANSP).<\/strong><\/p>\n<p>\u201e\u00cen perioada 7 februarie \u2013 14 martie 2025, \u00een raion au fost \u00eenregistrate 8 cazuri confirmate de rujeol\u0103 la copii din satele Porumbreni \u2013 3 cazuri, Zlo\u021bi \u2013 3 cazuri, Codreni \u0219i Sagaidacul-Nou \u2013 c\u00e2te un caz, alte 6 cazuri suspecte sunt \u00een proces de investigare epidemiologic\u0103\u201d, transmite ANSP.<\/p>\n<blockquote>\n<div class=\"margin-auto\">\n<div id=\"admixer-hb-216-637568592982450705\">Institu\u021bia precizeaz\u0103 c\u0103 monitorizeaz\u0103 situa\u021bia epidemiologic\u0103 prin rujeol\u0103 \u00een Republica Moldova, iar fiecare caz suspect la acest\u0103 boal\u0103 este raportat \u0219i supus investiga\u021biilor de laborator.<\/div>\n<\/div>\n<\/blockquote>\n<div class=\"margin-auto\">\n<div>\n<p>Preciz\u0103m c\u0103 \u00een perioada 1 ianuarie \u2013 14 martie 2025, \u00een \u021bara noastr\u0103 au fost \u00eenregistrate 20 de cazuri de rujeol\u0103, dintre care 5 de import (Rom\u00e2nia \u0219i Ucraina). Totodat\u0103, prin investiga\u021bii de laborator, au fost confirmate 14 cazuri (6 \u2013 Chi\u0219in\u0103u \u0219i 8 \u2013 Cimi\u0219lia), v\u00e2rsta persoanelor afectate fiind \u00eentre 8 luni \u0219i 17 ani.<\/p>\n<\/div>\n<\/div>\n<div class=\"margin-auto\">\n<div>\n<p>\u201eSunt afecta\u021bi copii de diferite v\u00e2rste, inclusiv un copil de p\u00e2n\u0103 la un an, care nu au \u00eenc\u0103 v\u00e2rsta potrivit\u0103 pentru imunizare \u00eempotriva rujeolei \u0219i organismul micu\u021bilor nu a reu\u0219it s\u0103 produc\u0103 anticorpi pentru a fi proteja\u021bi. Men\u021bion\u0103m c\u0103 \u00een anul 2024, au fost \u00eenregistrate 216 cazuri confirmate de rujeol\u0103, \u00een 2023 \u2013 3 cazuri de rujeol\u0103, iar pe parcursul anilor 2021 \u0219i 2022 nu au fost \u00eenregistrate cazuri\u201d, comunic\u0103 Agen\u021bia Na\u021bional\u0103 pentru S\u0103n\u0103tate Public\u0103.<\/p>\n<\/div>\n<\/div>\n<div class=\"margin-auto\">\n<div>\n<p>Rujeola este o infec\u021bie viral\u0103 extrem de contagioas\u0103 care poate duce la complica\u021bii grave. Aceasta este de 6 ori mai infec\u021bioas\u0103 dec\u00e2t gripa \u0219i poate dezvolta boli grave, sau complica\u021bii, cum ar fi: infec\u021bia urechii, pneumonie, surditate permanent\u0103, encefalit\u0103, sau deces. Aceasta se r\u0103sp\u00e2nde\u0219te foarte rapid, dac\u0103 nu este men\u021binut\u0103 imunitatea de grup ce poate fi ob\u021binut\u0103 prin vaccinare.<\/p>\n<\/div>\n<\/div>\n<div class=\"margin-auto\">\n<div>\n<p>\u00cen Republica Moldova, vaccinarea se efectueaz\u0103 gratuit, cu 3 doze de vaccin ROR, la v\u00e2rstele de 12 luni, 6 \u2013 7 ani \u0219i 15 \u2013 16 ani. \u00cen cazul \u00een care copiii nu au beneficiat de vaccin la v\u00e2rstele corespunz\u0103toare, ANSP \u00eendeamn\u0103 p\u0103rin\u021bii s\u0103 mearg\u0103 la institu\u021bia medical\u0103, unde medicul de familie va propune o schem\u0103 individual\u0103 de vaccinare.<\/p>\n<p><a href=\"https:\/\/realitatea.md\/un-focar-de-rujeola-a-fost-inregistrat-in-raionul-cimislia-cati-copii-s-a-imbolnavit\/\">realitate.md<\/a><\/p>\n<\/div>\n<\/div>\n<\/div>\n","protected":false},"excerpt":{"rendered":"<div><img loading=\"lazy\" decoding=\"async\" width=\"696\" height=\"391\" src=\"https:\/\/canal5.md\/wp-content\/uploads\/2025\/03\/rujeola-adult-900x505-1-optimized.jpg\" class=\"attachment-large size-large wp-post-image\" alt=\"\" srcset=\"https:\/\/canal5.md\/wp-content\/uploads\/2025\/03\/rujeola-adult-900x505-1-optimized.jpg 900w, https:\/\/canal5.md\/wp-content\/uploads\/2025\/03\/rujeola-adult-900x505-1-300x168-optimized.jpg 300w, https:\/\/canal5.md\/wp-content\/uploads\/2025\/03\/rujeola-adult-900x505-1-768x431-optimized.jpg 768w, https:\/\/canal5.md\/wp-content\/uploads\/2025\/03\/rujeola-adult-900x505-1-696x391-optimized.jpg 696w\">Opt copii din raionul Cimi\u0219lia, cu v\u00e2rste cuprinse \u00eentre 2 \u2013 17 ani, s-au \u00eemboln\u0103vit de rujeol\u0103. Anun\u021bul a fost f\u0103cut de Agen\u021bia Na\u021bional\u0103 pentru S\u0103n\u0103tate Public\u0103 (ANSP). \u201e\u00cen perioada 7 februarie \u2013 14 martie 2025, \u00een raion au fost \u00eenregistrate 8 cazuri confirmate de rujeol\u0103 la copii din satele Porumbreni \u2013 3 cazuri, Zlo\u021bi [\u2026]<\/div>\n","protected":false},"author":1,"featured_media":69073,"comment_status":"closed","ping_status":"closed","sticky":false,"template":"","format":"standard","meta":{"jnews-multi-image_gallery":[],"jnews_single_post":[],"jnews_primary_category":[],"jnews_social_meta":[],"jnews_override_counter":[],"footnotes":""},"categories":[30],"tags":[],"class_list":["post-69072","post","type-post","status-publish","format-standard","has-post-thumbnail","hentry","category-social_ro"],"_links":{"self":[{"href":"https:\/\/orheifm.live\/index.php\/wp-json\/wp\/v2\/posts\/69072","targetHints":{"allow":["GET"]}}],"collection":[{"href":"https:\/\/orheifm.live\/index.php\/wp-json\/wp\/v2\/posts"}],"about":[{"href":"https:\/\/orheifm.live\/index.php\/wp-json\/wp\/v2\/types\/post"}],"author":[{"embeddable":true,"href":"https:\/\/orheifm.live\/index.php\/wp-json\/wp\/v2\/users\/1"}],"replies":[{"embeddable":true,"href":"https:\/\/orheifm.live\/index.php\/wp-json\/wp\/v2\/comments?post=69072"}],"version-history":[{"count":0,"href":"https:\/\/orheifm.live\/index.php\/wp-json\/wp\/v2\/posts\/69072\/revisions"}],"wp:featuredmedia":[{"embeddable":true,"href":"https:\/\/orheifm.live\/index.php\/wp-json\/wp\/v2\/media\/69073"}],"wp:attachment":[{"href":"https:\/\/orheifm.live\/index.php\/wp-json\/wp\/v2\/media?parent=69072"}],"wp:term":[{"taxonomy":"category","embeddable":true,"href":"https:\/\/orheifm.live\/index.php\/wp-json\/wp\/v2\/categories?post=69072"},{"taxonomy":"post_tag","embeddable":true,"href":"https:\/\/orheifm.live\/index.php\/wp-json\/wp\/v2\/tags?post=69072"}],"curies":[{"name":"wp","href":"https:\/\/api.w.org\/{rel}","templated":true}]}}