{"id":69068,"date":"2025-03-14T20:19:37","date_gmt":"2025-03-14T18:19:37","guid":{"rendered":"https:\/\/orheifm.live\/index.php\/2025\/03\/14\/o-fetita-de-8-ani-blocata-in-masina-de-spalat-a-fost-salvata-de-pompieri-dupa-o-ora-in-spania-prima-data-cand-vad-asa-ceva-citeste-intreaga-stire-o-fetita-de-8-ani-blocata-in-masi\/"},"modified":"2025-03-14T20:19:37","modified_gmt":"2025-03-14T18:19:37","slug":"o-fetita-de-8-ani-blocata-in-masina-de-spalat-a-fost-salvata-de-pompieri-dupa-o-ora-in-spania-prima-data-cand-vad-asa-ceva-citeste-intreaga-stire-o-fetita-de-8-ani-blocata-in-masi","status":"publish","type":"post","link":"https:\/\/orheifm.live\/index.php\/2025\/03\/14\/o-fetita-de-8-ani-blocata-in-masina-de-spalat-a-fost-salvata-de-pompieri-dupa-o-ora-in-spania-prima-data-cand-vad-asa-ceva-citeste-intreaga-stire-o-fetita-de-8-ani-blocata-in-masi\/","title":{"rendered":"O feti\u021b\u0103 de 8 ani blocat\u0103 \u00een ma\u0219ina de sp\u0103lat a fost salvat\u0103 de pompieri dup\u0103 o or\u0103, \u00een Spania: \u201ePrima dat\u0103 c\u00e2nd v\u0103d a\u0219a ceva\u201d"},"content":{"rendered":"<div>\n<p><strong>O feti\u021b\u0103 de 8 ani a fost salvat\u0103 dup\u0103 ce a r\u0103mas blocat\u0103 \u00een ma\u0219in\u0103 de sp\u0103lat, \u00een timp ce se juca, \u00een Torre del Mar, sta\u021biunea pe coasta de sud a Spaniei (provincia M\u00e1laga). Incidentul a avut loc duminic\u0103, 9 martie, iar pompierii au intervenit pentru a elibera copila care \u00ee\u0219i prinsese picioarele \u00een interiorul ma\u0219inii oprite, relateaz\u0103 Diario Sur.<\/strong><\/p>\n<p>Feti\u021ba se juca \u0219i a intrat \u00een ma\u0219ina de sp\u0103lat oprit\u0103, \u00een care a r\u0103mas apoi blocat\u0103. Chema\u021bi la fa\u021ba locului de p\u0103rin\u021bii care au sunat dispera\u021bi la num\u0103rul de urgen\u021b\u0103, salvatorii din cadrul Consor\u021biului Provincial de Pompieri (CPB) au intervenit pentru a elibera copila. Opera\u021biunea de salvare a durat aproximativ 50 de minute.<\/p>\n<p>Pompierii au fost nevoi\u021bi s\u0103 demonteze electrocasnicul pentru a o elibera. \u00cen timpul opera\u021biunii, salvatorii \u0219i familia au \u00eencercat s\u0103 o lini\u0219teasc\u0103 pe feti\u021b\u0103, distr\u0103g\u00e2ndu-i aten\u021bia cu un telefon mobil.<\/p>\n<p>Antonio Buba, \u0219eful interven\u021biei, a explicat: \u201eA fost o situa\u021bie excep\u021bional\u0103. Am demontat mai multe piese ale ma\u0219inii de sp\u0103lat. P\u0103rin\u021bii au colaborat tot timpul, lini\u0219tind copila\u201d.<\/p>\n<p>\u00a0<\/p>\n<\/div>\n","protected":false},"excerpt":{"rendered":"<div><img loading=\"lazy\" decoding=\"async\" width=\"696\" height=\"391\" src=\"https:\/\/canal5.md\/wp-content\/uploads\/2025\/03\/fetita-salvata-din-masina-de-spalat-torre-del-mar-1024x575-optimized.webp\" class=\"attachment-large size-large wp-post-image\" alt=\"\" srcset=\"https:\/\/canal5.md\/wp-content\/uploads\/2025\/03\/fetita-salvata-din-masina-de-spalat-torre-del-mar-1024x575-optimized.webp 1024w, https:\/\/canal5.md\/wp-content\/uploads\/2025\/03\/fetita-salvata-din-masina-de-spalat-torre-del-mar-300x169-optimized.webp 300w, https:\/\/canal5.md\/wp-content\/uploads\/2025\/03\/fetita-salvata-din-masina-de-spalat-torre-del-mar-768x432-optimized.webp 768w, https:\/\/canal5.md\/wp-content\/uploads\/2025\/03\/fetita-salvata-din-masina-de-spalat-torre-del-mar-696x391-optimized.webp 696w, https:\/\/canal5.md\/wp-content\/uploads\/2025\/03\/fetita-salvata-din-masina-de-spalat-torre-del-mar-1068x600-optimized.webp 1068w, https:\/\/canal5.md\/wp-content\/uploads\/2025\/03\/fetita-salvata-din-masina-de-spalat-torre-del-mar-optimized.webp 1260w\">O feti\u021b\u0103 de 8 ani a fost salvat\u0103 dup\u0103 ce a r\u0103mas blocat\u0103 \u00een ma\u0219in\u0103 de sp\u0103lat, \u00een timp ce se juca, \u00een Torre del Mar, sta\u021biunea pe coasta de sud a Spaniei (provincia M\u00e1laga). Incidentul a avut loc duminic\u0103, 9 martie, iar pompierii au intervenit pentru a elibera copila care \u00ee\u0219i prinsese picioarele \u00een [\u2026]<\/div>\n","protected":false},"author":1,"featured_media":69069,"comment_status":"closed","ping_status":"closed","sticky":false,"template":"","format":"standard","meta":{"jnews-multi-image_gallery":[],"jnews_single_post":[],"jnews_primary_category":[],"jnews_social_meta":[],"jnews_override_counter":[],"footnotes":""},"categories":[29],"tags":[],"class_list":["post-69068","post","type-post","status-publish","format-standard","has-post-thumbnail","hentry","category-externe_ro"],"_links":{"self":[{"href":"https:\/\/orheifm.live\/index.php\/wp-json\/wp\/v2\/posts\/69068","targetHints":{"allow":["GET"]}}],"collection":[{"href":"https:\/\/orheifm.live\/index.php\/wp-json\/wp\/v2\/posts"}],"about":[{"href":"https:\/\/orheifm.live\/index.php\/wp-json\/wp\/v2\/types\/post"}],"author":[{"embeddable":true,"href":"https:\/\/orheifm.live\/index.php\/wp-json\/wp\/v2\/users\/1"}],"replies":[{"embeddable":true,"href":"https:\/\/orheifm.live\/index.php\/wp-json\/wp\/v2\/comments?post=69068"}],"version-history":[{"count":0,"href":"https:\/\/orheifm.live\/index.php\/wp-json\/wp\/v2\/posts\/69068\/revisions"}],"wp:featuredmedia":[{"embeddable":true,"href":"https:\/\/orheifm.live\/index.php\/wp-json\/wp\/v2\/media\/69069"}],"wp:attachment":[{"href":"https:\/\/orheifm.live\/index.php\/wp-json\/wp\/v2\/media?parent=69068"}],"wp:term":[{"taxonomy":"category","embeddable":true,"href":"https:\/\/orheifm.live\/index.php\/wp-json\/wp\/v2\/categories?post=69068"},{"taxonomy":"post_tag","embeddable":true,"href":"https:\/\/orheifm.live\/index.php\/wp-json\/wp\/v2\/tags?post=69068"}],"curies":[{"name":"wp","href":"https:\/\/api.w.org\/{rel}","templated":true}]}}