{"id":69066,"date":"2025-03-14T18:47:23","date_gmt":"2025-03-14T16:47:23","guid":{"rendered":"https:\/\/orheifm.live\/index.php\/2025\/03\/14\/alerta-de-calatorie-in-italia-vine-potopul-in-doua-regiuni-recomandarile-mae-pentru-moldoveni\/"},"modified":"2025-03-14T18:47:23","modified_gmt":"2025-03-14T16:47:23","slug":"alerta-de-calatorie-in-italia-vine-potopul-in-doua-regiuni-recomandarile-mae-pentru-moldoveni","status":"publish","type":"post","link":"https:\/\/orheifm.live\/index.php\/2025\/03\/14\/alerta-de-calatorie-in-italia-vine-potopul-in-doua-regiuni-recomandarile-mae-pentru-moldoveni\/","title":{"rendered":"Alert\u0103 de c\u0103l\u0103torie \u00een Italia! Vine potopul \u00een dou\u0103 regiuni. Recomand\u0103rile MAE pentru moldoveni"},"content":{"rendered":"<div>\n<p><strong>Ministerul Afacerilor Externe informeaz\u0103 cet\u0103\u021benii Republicii Moldova care se afl\u0103, tranziteaz\u0103 sau inten\u021bioneaz\u0103 s\u0103 c\u0103l\u0103toreasc\u0103 \u00een Republica Italian\u0103 c\u0103, potrivit datelor furnizate de autorit\u0103\u021bile locale, teritoriul italian va fi afectat de fenomene meteorologice nefavorabile.<\/strong><\/p>\n<p>\u201eAstfel, \u00een regiunile Emilia-Romagna \u0219i Toscana sunt prognozate precipita\u021bii abundente \u00een perioada 14-15 martie 2025, exist\u00e2nd riscul de inunda\u021bii \u0219i alunec\u0103ri de teren. De asemenea, se a\u0219teapt\u0103 furtuni \u0219i v\u00e2nt puternic \u00een zonele afectate.<\/p>\n<p>Recomand\u0103ri MAE:<\/p>\n<div class=\"margin-bottom-15 margin-top-15\">\n<div class=\"ad-block boxed\">\n<div id=\"div-gpt-ad-1694430606123-0\" data-google-query-id=\"CJzstuH9iYwDFXWCgwcdT6UHoQ\">\n<div id=\"admixer_async_1419134988\" data-zone=\"317fb7b2-bf6b-4c4b-8e87-3b9471291594\" data-sender=\"admixer\" data-parent-id=\"google_ads_iframe_\/22386669632\/UNI_Desk_Article_VIDEO_InArticle_640x480_0__container__\">\n<ul>\n<li>Am\u00e2na\u021bi deplas\u0103rile neesen\u021biale \u00een regiunile men\u021bionate.<\/li>\n<li>Urma\u021bi cu stricte\u021be indica\u021biile autorit\u0103\u021bilor italiene.<\/li>\n<li>Pentru informa\u021bii actualizate, accesa\u021bi: www.protezionecivile.gov.it (http:\/\/www.protezionecivile.gov.it\/)<\/li>\n<\/ul>\n<p>Asisten\u021b\u0103 consular\u0103 pentru cet\u0103\u021benii moldoveni \u00een Italia:<\/p>\n<p><b>Ambasada Republicii Moldova la Roma:<\/b><\/p>\n<ul>\n<li>E-mail: roma@mfa.gov.md<\/li>\n<li>Telefon: +39 329 4421091 (num\u0103r de urgen\u021b\u0103 pentru accidente, decese, calamit\u0103\u021bi naturale \u0219i alte situa\u021bii de pericol)<\/li>\n<li>Aten\u021bie! La acest num\u0103r nu se furnizeaz\u0103 informa\u021bii consulare generale.<\/li>\n<\/ul>\n<p><b>Consulatul General al Republicii Moldova la Milano:<\/b><\/p>\n<ul>\n<li>E-mail: milano@mfa.gov.md<\/li>\n<li>Telefon: +39 346 0759801 (num\u0103r de urgen\u021b\u0103 pentru accidente, decese, calamit\u0103\u021bi naturale \u0219i alte situa\u021bii de pericol)<\/li>\n<li>Aten\u021bie! La acest num\u0103r nu se furnizeaz\u0103 informa\u021bii consulare generale.<\/li>\n<\/ul>\n<p><b>Consulatul General al Republicii Moldova la Padova:<\/b><\/p>\n<ul>\n<li>E-mail: padova@mfa.gov.md<\/li>\n<li>Telefon: +39 349 1805002 (num\u0103r de urgen\u021b\u0103 pentru accidente, decese, calamit\u0103\u021bi naturale \u0219i alte situa\u021bii de pericol)<\/li>\n<li>Aten\u021bie! La acest num\u0103r nu se furnizeaz\u0103 informa\u021bii consulare generale\u201d, se arat\u0103 \u00een comunicatul MAE.<\/li>\n<\/ul>\n<\/div>\n<\/div>\n<\/div>\n<\/div>\n<\/div>\n","protected":false},"excerpt":{"rendered":"<div><img loading=\"lazy\" decoding=\"async\" width=\"696\" height=\"392\" src=\"https:\/\/canal5.md\/wp-content\/uploads\/2025\/03\/d0a734136b75ba1c377a8f2d7ff12902a0011e6ee79a0a0a0e981d82c4b02b7c-optimized.png\" class=\"attachment-large size-large wp-post-image\" alt=\"\" srcset=\"https:\/\/canal5.md\/wp-content\/uploads\/2025\/03\/d0a734136b75ba1c377a8f2d7ff12902a0011e6ee79a0a0a0e981d82c4b02b7c-optimized.png 800w, https:\/\/canal5.md\/wp-content\/uploads\/2025\/03\/d0a734136b75ba1c377a8f2d7ff12902a0011e6ee79a0a0a0e981d82c4b02b7c-300x169-optimized.png 300w, https:\/\/canal5.md\/wp-content\/uploads\/2025\/03\/d0a734136b75ba1c377a8f2d7ff12902a0011e6ee79a0a0a0e981d82c4b02b7c-768x432-optimized.png 768w, https:\/\/canal5.md\/wp-content\/uploads\/2025\/03\/d0a734136b75ba1c377a8f2d7ff12902a0011e6ee79a0a0a0e981d82c4b02b7c-696x392-optimized.png 696w\">Ministerul Afacerilor Externe informeaz\u0103 cet\u0103\u021benii Republicii Moldova care se afl\u0103, tranziteaz\u0103 sau inten\u021bioneaz\u0103 s\u0103 c\u0103l\u0103toreasc\u0103 \u00een Republica Italian\u0103 c\u0103, potrivit datelor furnizate de autorit\u0103\u021bile locale, teritoriul italian va fi afectat de fenomene meteorologice nefavorabile. \u201eAstfel, \u00een regiunile Emilia-Romagna \u0219i Toscana sunt prognozate precipita\u021bii abundente \u00een perioada 14-15 martie 2025, exist\u00e2nd riscul de inunda\u021bii \u0219i alunec\u0103ri [\u2026]<\/div>\n","protected":false},"author":1,"featured_media":69067,"comment_status":"closed","ping_status":"closed","sticky":false,"template":"","format":"standard","meta":{"jnews-multi-image_gallery":[],"jnews_single_post":[],"jnews_primary_category":[],"jnews_social_meta":[],"jnews_override_counter":[],"footnotes":""},"categories":[30],"tags":[],"class_list":["post-69066","post","type-post","status-publish","format-standard","has-post-thumbnail","hentry","category-social_ro"],"_links":{"self":[{"href":"https:\/\/orheifm.live\/index.php\/wp-json\/wp\/v2\/posts\/69066","targetHints":{"allow":["GET"]}}],"collection":[{"href":"https:\/\/orheifm.live\/index.php\/wp-json\/wp\/v2\/posts"}],"about":[{"href":"https:\/\/orheifm.live\/index.php\/wp-json\/wp\/v2\/types\/post"}],"author":[{"embeddable":true,"href":"https:\/\/orheifm.live\/index.php\/wp-json\/wp\/v2\/users\/1"}],"replies":[{"embeddable":true,"href":"https:\/\/orheifm.live\/index.php\/wp-json\/wp\/v2\/comments?post=69066"}],"version-history":[{"count":0,"href":"https:\/\/orheifm.live\/index.php\/wp-json\/wp\/v2\/posts\/69066\/revisions"}],"wp:featuredmedia":[{"embeddable":true,"href":"https:\/\/orheifm.live\/index.php\/wp-json\/wp\/v2\/media\/69067"}],"wp:attachment":[{"href":"https:\/\/orheifm.live\/index.php\/wp-json\/wp\/v2\/media?parent=69066"}],"wp:term":[{"taxonomy":"category","embeddable":true,"href":"https:\/\/orheifm.live\/index.php\/wp-json\/wp\/v2\/categories?post=69066"},{"taxonomy":"post_tag","embeddable":true,"href":"https:\/\/orheifm.live\/index.php\/wp-json\/wp\/v2\/tags?post=69066"}],"curies":[{"name":"wp","href":"https:\/\/api.w.org\/{rel}","templated":true}]}}