{"id":69062,"date":"2025-03-14T18:17:21","date_gmt":"2025-03-14T16:17:21","guid":{"rendered":"https:\/\/orheifm.live\/index.php\/2025\/03\/14\/cod-galben-de-scadere-brusca-a-temperaturii-pe-intreg-teritoriul-tarii\/"},"modified":"2025-03-14T18:17:21","modified_gmt":"2025-03-14T16:17:21","slug":"cod-galben-de-scadere-brusca-a-temperaturii-pe-intreg-teritoriul-tarii","status":"publish","type":"post","link":"https:\/\/orheifm.live\/index.php\/2025\/03\/14\/cod-galben-de-scadere-brusca-a-temperaturii-pe-intreg-teritoriul-tarii\/","title":{"rendered":"Cod Galben de sc\u0103dere brusc\u0103 a temperaturii pe \u00eentreg teritoriul \u021b\u0103rii"},"content":{"rendered":"<div>\n<p><strong>Serviciul Hidrometeorologic de Stat a emis o avertizare meteo de Cod Galben pentru sc\u0103derea brusc\u0103 a temperaturii aerului, valabil\u0103 \u00eencep\u00e2nd cu data de 16 martie.<\/strong><\/p>\n<p>Potrivit meteorologilor, la 16 martie se estimeaz\u0103 o sc\u0103dere semnificativ\u0103 a temperaturii maxime cu p\u00e2n\u0103 la 10\u00b0C, transmite\u00a0<b>\u0218tiri.md<\/b>.<\/p>\n<p>\u00cen acest sens, speciali\u0219tii recomand\u0103 cet\u0103\u021benilor s\u0103 fie precau\u021bi, \u00eentruc\u00e2t schimb\u0103rile meteorologice pot influen\u021ba desf\u0103\u0219urarea unor activit\u0103\u021bi \u00een aer liber. De asemenea, este important ca popula\u021bia s\u0103 urm\u0103reasc\u0103 actualiz\u0103rile din partea Serviciului Hidrometeorologic de Stat, deoarece prognoza poate suferi modific\u0103ri \u00een func\u021bie de evolu\u021bia fenomenelor meteo.<\/p>\n<\/div>\n","protected":false},"excerpt":{"rendered":"<div><img loading=\"lazy\" decoding=\"async\" width=\"696\" height=\"718\" src=\"https:\/\/canal5.md\/wp-content\/uploads\/2025\/03\/b690fc9d5a70248bb102ec93cd1b1f42-optimized.webp\" class=\"attachment-large size-large wp-post-image\" alt=\"\" srcset=\"https:\/\/canal5.md\/wp-content\/uploads\/2025\/03\/b690fc9d5a70248bb102ec93cd1b1f42-optimized.webp 908w, https:\/\/canal5.md\/wp-content\/uploads\/2025\/03\/b690fc9d5a70248bb102ec93cd1b1f42-291x300-optimized.webp 291w, https:\/\/canal5.md\/wp-content\/uploads\/2025\/03\/b690fc9d5a70248bb102ec93cd1b1f42-768x793-optimized.webp 768w, https:\/\/canal5.md\/wp-content\/uploads\/2025\/03\/b690fc9d5a70248bb102ec93cd1b1f42-696x718-optimized.webp 696w\">Serviciul Hidrometeorologic de Stat a emis o avertizare meteo de Cod Galben pentru sc\u0103derea brusc\u0103 a temperaturii aerului, valabil\u0103 \u00eencep\u00e2nd cu data de 16 martie. Potrivit meteorologilor, la 16 martie se estimeaz\u0103 o sc\u0103dere semnificativ\u0103 a temperaturii maxime cu p\u00e2n\u0103 la 10\u00b0C, transmite\u00a0\u0218tiri.md. \u00cen acest sens, speciali\u0219tii recomand\u0103 cet\u0103\u021benilor s\u0103 fie precau\u021bi, \u00eentruc\u00e2t schimb\u0103rile meteorologice [\u2026]<\/div>\n","protected":false},"author":1,"featured_media":69063,"comment_status":"closed","ping_status":"closed","sticky":false,"template":"","format":"standard","meta":{"jnews-multi-image_gallery":[],"jnews_single_post":[],"jnews_primary_category":[],"jnews_social_meta":[],"jnews_override_counter":[],"footnotes":""},"categories":[30],"tags":[],"class_list":["post-69062","post","type-post","status-publish","format-standard","has-post-thumbnail","hentry","category-social_ro"],"_links":{"self":[{"href":"https:\/\/orheifm.live\/index.php\/wp-json\/wp\/v2\/posts\/69062","targetHints":{"allow":["GET"]}}],"collection":[{"href":"https:\/\/orheifm.live\/index.php\/wp-json\/wp\/v2\/posts"}],"about":[{"href":"https:\/\/orheifm.live\/index.php\/wp-json\/wp\/v2\/types\/post"}],"author":[{"embeddable":true,"href":"https:\/\/orheifm.live\/index.php\/wp-json\/wp\/v2\/users\/1"}],"replies":[{"embeddable":true,"href":"https:\/\/orheifm.live\/index.php\/wp-json\/wp\/v2\/comments?post=69062"}],"version-history":[{"count":0,"href":"https:\/\/orheifm.live\/index.php\/wp-json\/wp\/v2\/posts\/69062\/revisions"}],"wp:featuredmedia":[{"embeddable":true,"href":"https:\/\/orheifm.live\/index.php\/wp-json\/wp\/v2\/media\/69063"}],"wp:attachment":[{"href":"https:\/\/orheifm.live\/index.php\/wp-json\/wp\/v2\/media?parent=69062"}],"wp:term":[{"taxonomy":"category","embeddable":true,"href":"https:\/\/orheifm.live\/index.php\/wp-json\/wp\/v2\/categories?post=69062"},{"taxonomy":"post_tag","embeddable":true,"href":"https:\/\/orheifm.live\/index.php\/wp-json\/wp\/v2\/tags?post=69062"}],"curies":[{"name":"wp","href":"https:\/\/api.w.org\/{rel}","templated":true}]}}