{"id":69038,"date":"2025-03-14T14:00:09","date_gmt":"2025-03-14T12:00:09","guid":{"rendered":"https:\/\/orheifm.live\/index.php\/2025\/03\/14\/incendiu-in-centrul-capitalei-pompierii-continua-interventia\/"},"modified":"2025-03-14T14:00:09","modified_gmt":"2025-03-14T12:00:09","slug":"incendiu-in-centrul-capitalei-pompierii-continua-interventia","status":"publish","type":"post","link":"https:\/\/orheifm.live\/index.php\/2025\/03\/14\/incendiu-in-centrul-capitalei-pompierii-continua-interventia\/","title":{"rendered":"Incendiu \u00een centrul capitalei: pompierii continu\u0103 interven\u021bia"},"content":{"rendered":"<div>\n<p data-start=\"84\" data-end=\"277\"><strong>Resturile restaurantului din centrul capitalei, care a ars ore \u00een \u0219ir, \u00eenc\u0103 fumeg\u0103. Pompierii sunt la fa\u021ba locului \u0219i ast\u0103zi, lucr\u00e2nd pentru a elimina complet efectele incendiului devastator.<\/strong><\/p>\n<p data-start=\"279\" data-end=\"510\">Focul a izbucnit ieri la ora 10:30 \u0219i a fost stins oficial la 16:31, dup\u0103 \u0219ase ore de interven\u021bie intens\u0103. De\u0219i fl\u0103c\u0103rile au fost lichidate, echipele de interven\u021bie continu\u0103 s\u0103 ac\u021bioneze pentru a preveni reaprinderea unor focare.<\/p>\n<p data-start=\"512\" data-end=\"625\" data-is-last-node=\"\" data-is-only-node=\"\">Strada Alexandru cel Bun, \u00een zona pietonal\u0103, r\u0103m\u00e2ne \u00eenchis\u0103 circula\u021biei, iar \u0219oferii sunt sf\u0103tui\u021bi s\u0103 evite zona.<\/p>\n<\/div>\n","protected":false},"excerpt":{"rendered":"<div><img loading=\"lazy\" decoding=\"async\" width=\"420\" height=\"236\" src=\"https:\/\/canal5.md\/wp-content\/uploads\/2025\/03\/photo_2025-03-14_13-07-52-optimized.jpg\" class=\"attachment-large size-large wp-post-image\" alt=\"\" srcset=\"https:\/\/canal5.md\/wp-content\/uploads\/2025\/03\/photo_2025-03-14_13-07-52-optimized.jpg 420w, https:\/\/canal5.md\/wp-content\/uploads\/2025\/03\/photo_2025-03-14_13-07-52-300x169-optimized.jpg 300w\">Resturile restaurantului din centrul capitalei, care a ars ore \u00een \u0219ir, \u00eenc\u0103 fumeg\u0103. Pompierii sunt la fa\u021ba locului \u0219i ast\u0103zi, lucr\u00e2nd pentru a elimina complet efectele incendiului devastator. Focul a izbucnit ieri la ora 10:30 \u0219i a fost stins oficial la 16:31, dup\u0103 \u0219ase ore de interven\u021bie intens\u0103. De\u0219i fl\u0103c\u0103rile au fost lichidate, echipele de [\u2026]<\/div>\n","protected":false},"author":1,"featured_media":69039,"comment_status":"closed","ping_status":"closed","sticky":false,"template":"","format":"standard","meta":{"jnews-multi-image_gallery":[],"jnews_single_post":[],"jnews_primary_category":[],"jnews_social_meta":[],"jnews_override_counter":[],"footnotes":""},"categories":[30],"tags":[],"class_list":["post-69038","post","type-post","status-publish","format-standard","has-post-thumbnail","hentry","category-social_ro"],"_links":{"self":[{"href":"https:\/\/orheifm.live\/index.php\/wp-json\/wp\/v2\/posts\/69038","targetHints":{"allow":["GET"]}}],"collection":[{"href":"https:\/\/orheifm.live\/index.php\/wp-json\/wp\/v2\/posts"}],"about":[{"href":"https:\/\/orheifm.live\/index.php\/wp-json\/wp\/v2\/types\/post"}],"author":[{"embeddable":true,"href":"https:\/\/orheifm.live\/index.php\/wp-json\/wp\/v2\/users\/1"}],"replies":[{"embeddable":true,"href":"https:\/\/orheifm.live\/index.php\/wp-json\/wp\/v2\/comments?post=69038"}],"version-history":[{"count":0,"href":"https:\/\/orheifm.live\/index.php\/wp-json\/wp\/v2\/posts\/69038\/revisions"}],"wp:featuredmedia":[{"embeddable":true,"href":"https:\/\/orheifm.live\/index.php\/wp-json\/wp\/v2\/media\/69039"}],"wp:attachment":[{"href":"https:\/\/orheifm.live\/index.php\/wp-json\/wp\/v2\/media?parent=69038"}],"wp:term":[{"taxonomy":"category","embeddable":true,"href":"https:\/\/orheifm.live\/index.php\/wp-json\/wp\/v2\/categories?post=69038"},{"taxonomy":"post_tag","embeddable":true,"href":"https:\/\/orheifm.live\/index.php\/wp-json\/wp\/v2\/tags?post=69038"}],"curies":[{"name":"wp","href":"https:\/\/api.w.org\/{rel}","templated":true}]}}