{"id":69036,"date":"2025-03-14T13:40:58","date_gmt":"2025-03-14T11:40:58","guid":{"rendered":"https:\/\/orheifm.live\/index.php\/2025\/03\/14\/femeie-cu-dizabilitati-exploatata-intr-un-centru-de-plasament-avocatul-poporului-cere-ancheta\/"},"modified":"2025-03-14T13:40:58","modified_gmt":"2025-03-14T11:40:58","slug":"femeie-cu-dizabilitati-exploatata-intr-un-centru-de-plasament-avocatul-poporului-cere-ancheta","status":"publish","type":"post","link":"https:\/\/orheifm.live\/index.php\/2025\/03\/14\/femeie-cu-dizabilitati-exploatata-intr-un-centru-de-plasament-avocatul-poporului-cere-ancheta\/","title":{"rendered":"Femeie cu dizabilit\u0103\u021bi exploatat\u0103 \u00eentr-un centru de plasament: Avocatul poporului cere anchet\u0103"},"content":{"rendered":"<div>\n<p data-start=\"102\" data-end=\"455\"><strong>O femeie cu dizabilit\u0103\u021bi, rezident\u0103 \u00eentr-un centru de plasament, a fost supus\u0103 muncii for\u021bate, abuzului verbal \u0219i unui tratament degradant. <\/strong><\/p>\n<p data-start=\"102\" data-end=\"455\">\u00cen urma unei investiga\u021bii jurnalistice din decembrie 2024, Oficiul Avocatului Poporului s-a autosesizat \u0219i a verificat situa\u021bia prin vizite la centru, unde a confirmat \u00eenc\u0103lc\u0103rile grave ale drepturilor victimei.<\/p>\n<p data-start=\"457\" data-end=\"620\">Procuratura General\u0103 a deschis un dosar penal pentru trafic de fiin\u021be umane \u00een scop de exploatare prin munc\u0103, iar femeia a fost recunoscut\u0103 drept parte v\u0103t\u0103mat\u0103.<\/p>\n<p data-start=\"622\" data-end=\"797\" data-is-last-node=\"\" data-is-only-node=\"\">Avocatul poporului atrage aten\u021bia asupra problemelor de management din centrele de plasament \u0219i solicit\u0103 autorit\u0103\u021bilor m\u0103suri urgente pentru prevenirea unor astfel de abuzuri.<\/p>\n<\/div>\n","protected":false},"excerpt":{"rendered":"<div><img loading=\"lazy\" decoding=\"async\" width=\"696\" height=\"392\" src=\"https:\/\/canal5.md\/wp-content\/uploads\/2025\/03\/a956b002c0f7b6e9e237119b726ac9649ac06f2d26f8b988b666c587636f30db-1024x576-optimized.png\" class=\"attachment-large size-large wp-post-image\" alt=\"\" srcset=\"https:\/\/canal5.md\/wp-content\/uploads\/2025\/03\/a956b002c0f7b6e9e237119b726ac9649ac06f2d26f8b988b666c587636f30db-1024x576-optimized.png 1024w, https:\/\/canal5.md\/wp-content\/uploads\/2025\/03\/a956b002c0f7b6e9e237119b726ac9649ac06f2d26f8b988b666c587636f30db-300x169-optimized.png 300w, https:\/\/canal5.md\/wp-content\/uploads\/2025\/03\/a956b002c0f7b6e9e237119b726ac9649ac06f2d26f8b988b666c587636f30db-768x432-optimized.png 768w, https:\/\/canal5.md\/wp-content\/uploads\/2025\/03\/a956b002c0f7b6e9e237119b726ac9649ac06f2d26f8b988b666c587636f30db-696x392-optimized.png 696w, https:\/\/canal5.md\/wp-content\/uploads\/2025\/03\/a956b002c0f7b6e9e237119b726ac9649ac06f2d26f8b988b666c587636f30db-1068x601-optimized.png 1068w, https:\/\/canal5.md\/wp-content\/uploads\/2025\/03\/a956b002c0f7b6e9e237119b726ac9649ac06f2d26f8b988b666c587636f30db-optimized.png 1200w\">O femeie cu dizabilit\u0103\u021bi, rezident\u0103 \u00eentr-un centru de plasament, a fost supus\u0103 muncii for\u021bate, abuzului verbal \u0219i unui tratament degradant. \u00cen urma unei investiga\u021bii jurnalistice din decembrie 2024, Oficiul Avocatului Poporului s-a autosesizat \u0219i a verificat situa\u021bia prin vizite la centru, unde a confirmat \u00eenc\u0103lc\u0103rile grave ale drepturilor victimei. Procuratura General\u0103 a deschis un dosar [\u2026]<\/div>\n","protected":false},"author":1,"featured_media":69037,"comment_status":"closed","ping_status":"closed","sticky":false,"template":"","format":"standard","meta":{"jnews-multi-image_gallery":[],"jnews_single_post":[],"jnews_primary_category":[],"jnews_social_meta":[],"jnews_override_counter":[],"footnotes":""},"categories":[30],"tags":[],"class_list":["post-69036","post","type-post","status-publish","format-standard","has-post-thumbnail","hentry","category-social_ro"],"_links":{"self":[{"href":"https:\/\/orheifm.live\/index.php\/wp-json\/wp\/v2\/posts\/69036","targetHints":{"allow":["GET"]}}],"collection":[{"href":"https:\/\/orheifm.live\/index.php\/wp-json\/wp\/v2\/posts"}],"about":[{"href":"https:\/\/orheifm.live\/index.php\/wp-json\/wp\/v2\/types\/post"}],"author":[{"embeddable":true,"href":"https:\/\/orheifm.live\/index.php\/wp-json\/wp\/v2\/users\/1"}],"replies":[{"embeddable":true,"href":"https:\/\/orheifm.live\/index.php\/wp-json\/wp\/v2\/comments?post=69036"}],"version-history":[{"count":0,"href":"https:\/\/orheifm.live\/index.php\/wp-json\/wp\/v2\/posts\/69036\/revisions"}],"wp:featuredmedia":[{"embeddable":true,"href":"https:\/\/orheifm.live\/index.php\/wp-json\/wp\/v2\/media\/69037"}],"wp:attachment":[{"href":"https:\/\/orheifm.live\/index.php\/wp-json\/wp\/v2\/media?parent=69036"}],"wp:term":[{"taxonomy":"category","embeddable":true,"href":"https:\/\/orheifm.live\/index.php\/wp-json\/wp\/v2\/categories?post=69036"},{"taxonomy":"post_tag","embeddable":true,"href":"https:\/\/orheifm.live\/index.php\/wp-json\/wp\/v2\/tags?post=69036"}],"curies":[{"name":"wp","href":"https:\/\/api.w.org\/{rel}","templated":true}]}}