{"id":69032,"date":"2025-03-14T10:40:30","date_gmt":"2025-03-14T08:40:30","guid":{"rendered":"https:\/\/orheifm.live\/index.php\/2025\/03\/14\/sistem-de-avertizare-prin-telefon-pentru-situatii-de-urgenta-aprobat-de-parlament\/"},"modified":"2025-03-14T10:40:30","modified_gmt":"2025-03-14T08:40:30","slug":"sistem-de-avertizare-prin-telefon-pentru-situatii-de-urgenta-aprobat-de-parlament","status":"publish","type":"post","link":"https:\/\/orheifm.live\/index.php\/2025\/03\/14\/sistem-de-avertizare-prin-telefon-pentru-situatii-de-urgenta-aprobat-de-parlament\/","title":{"rendered":"Sistem de avertizare prin telefon pentru situa\u021bii de urgen\u021b\u0103, aprobat de Parlament"},"content":{"rendered":"<div>\n<p><strong>Cet\u0103\u021benii vor primi alerte pe telefonul mobil \u00een caz de urgen\u021be \u0219i dezastre, datorit\u0103 unui nou sistem de avertizare public\u0103 (PWS) cu acoperire na\u021bional\u0103, aprobat de Parlament. Acesta va permite transmiterea rapid\u0103 a avertismentelor pentru protejarea popula\u021biei \u0219i minimizarea pagubelor.<\/strong><\/p>\n<p>\u00cen cadrul proiectului, vor fi achizi\u021bionate vehicule \u0219i echipamente de interven\u021bie pentru Inspectoratul General pentru Situa\u021bii de Urgen\u021b\u0103, iar sistemele de observare hidrometeorologic\u0103 vor fi modernizate.<\/p>\n<p>De asemenea, vor fi realizate studii pentru reducerea riscurilor naturale, inclusiv seismice, \u0219i se va elabora o metodologie na\u021bional\u0103 pentru h\u0103r\u021bile de risc. Parlamentul urmeaz\u0103 s\u0103 analizeze \u00een a doua lectur\u0103 m\u0103surile necesare pentru implementarea proiectului.<\/p>\n<\/div>\n","protected":false},"excerpt":{"rendered":"<div><img loading=\"lazy\" decoding=\"async\" width=\"696\" height=\"458\" src=\"https:\/\/canal5.md\/wp-content\/uploads\/2025\/03\/803229-optimized.webp\" class=\"attachment-large size-large wp-post-image\" alt=\"\" srcset=\"https:\/\/canal5.md\/wp-content\/uploads\/2025\/03\/803229-optimized.webp 760w, https:\/\/canal5.md\/wp-content\/uploads\/2025\/03\/803229-300x197-optimized.webp 300w, https:\/\/canal5.md\/wp-content\/uploads\/2025\/03\/803229-696x458-optimized.webp 696w\">Cet\u0103\u021benii vor primi alerte pe telefonul mobil \u00een caz de urgen\u021be \u0219i dezastre, datorit\u0103 unui nou sistem de avertizare public\u0103 (PWS) cu acoperire na\u021bional\u0103, aprobat de Parlament. Acesta va permite transmiterea rapid\u0103 a avertismentelor pentru protejarea popula\u021biei \u0219i minimizarea pagubelor. \u00cen cadrul proiectului, vor fi achizi\u021bionate vehicule \u0219i echipamente de interven\u021bie pentru Inspectoratul General pentru [\u2026]<\/div>\n","protected":false},"author":1,"featured_media":69033,"comment_status":"closed","ping_status":"closed","sticky":false,"template":"","format":"standard","meta":{"jnews-multi-image_gallery":[],"jnews_single_post":[],"jnews_primary_category":[],"jnews_social_meta":[],"jnews_override_counter":[],"footnotes":""},"categories":[30],"tags":[],"class_list":["post-69032","post","type-post","status-publish","format-standard","has-post-thumbnail","hentry","category-social_ro"],"_links":{"self":[{"href":"https:\/\/orheifm.live\/index.php\/wp-json\/wp\/v2\/posts\/69032","targetHints":{"allow":["GET"]}}],"collection":[{"href":"https:\/\/orheifm.live\/index.php\/wp-json\/wp\/v2\/posts"}],"about":[{"href":"https:\/\/orheifm.live\/index.php\/wp-json\/wp\/v2\/types\/post"}],"author":[{"embeddable":true,"href":"https:\/\/orheifm.live\/index.php\/wp-json\/wp\/v2\/users\/1"}],"replies":[{"embeddable":true,"href":"https:\/\/orheifm.live\/index.php\/wp-json\/wp\/v2\/comments?post=69032"}],"version-history":[{"count":0,"href":"https:\/\/orheifm.live\/index.php\/wp-json\/wp\/v2\/posts\/69032\/revisions"}],"wp:featuredmedia":[{"embeddable":true,"href":"https:\/\/orheifm.live\/index.php\/wp-json\/wp\/v2\/media\/69033"}],"wp:attachment":[{"href":"https:\/\/orheifm.live\/index.php\/wp-json\/wp\/v2\/media?parent=69032"}],"wp:term":[{"taxonomy":"category","embeddable":true,"href":"https:\/\/orheifm.live\/index.php\/wp-json\/wp\/v2\/categories?post=69032"},{"taxonomy":"post_tag","embeddable":true,"href":"https:\/\/orheifm.live\/index.php\/wp-json\/wp\/v2\/tags?post=69032"}],"curies":[{"name":"wp","href":"https:\/\/api.w.org\/{rel}","templated":true}]}}