{"id":69030,"date":"2025-03-14T10:20:42","date_gmt":"2025-03-14T08:20:42","guid":{"rendered":"https:\/\/orheifm.live\/index.php\/2025\/03\/14\/incendiu-la-bordul-unui-avion-american-airlines-dupa-aterizarea-in-denver\/"},"modified":"2025-03-14T10:20:42","modified_gmt":"2025-03-14T08:20:42","slug":"incendiu-la-bordul-unui-avion-american-airlines-dupa-aterizarea-in-denver","status":"publish","type":"post","link":"https:\/\/orheifm.live\/index.php\/2025\/03\/14\/incendiu-la-bordul-unui-avion-american-airlines-dupa-aterizarea-in-denver\/","title":{"rendered":"Incendiu la bordul unui avion American Airlines dup\u0103 aterizarea \u00een Denver"},"content":{"rendered":"<div>\n<p data-start=\"81\" data-end=\"249\"><strong>Un avion American Airlines, cu \u0219ase membri ai echipajului \u0219i 172 de pasageri la bord, a luat foc dup\u0103 aterizarea pe aeroportul din Denver. Pasagerii au fost evacua\u021bi.<\/strong><\/p>\n<p data-start=\"251\" data-end=\"565\">Zborul era programat s\u0103 ajung\u0103 din Colorado Springs \u00een Dallas, \u00eens\u0103 a fost deviat spre Denver, unde a aterizat \u00een siguran\u021b\u0103 \u00een jurul orei 17:15 (ora local\u0103). Echipajul avionului Boeing 737-800 raportase vibra\u021bii la motor. \u00cen timpul rul\u0103rii pe pist\u0103, motorul a luat foc, potrivit snob.ru, care citeaz\u0103 apnews.com.<\/p>\n<p data-start=\"567\" data-end=\"735\">Imaginile surprinse pe aeroport arat\u0103 cum fumul \u00eenconjoar\u0103 avionul, iar pasagerii stau pe aripi, \u00een timp ce echipele de interven\u021bie au desf\u0103\u0219urat sc\u0103rile de evacuare.<\/p>\n<p data-start=\"737\" data-end=\"850\">Reprezentan\u021bii aeroportului au anun\u021bat c\u0103 12 persoane au suferit r\u0103ni minore \u0219i au fost transportate la spital.<\/p>\n<p data-start=\"852\" data-end=\"1073\" data-is-last-node=\"\" data-is-only-node=\"\">Deocamdat\u0103, American Airlines nu a oferit explica\u021bii despre momentul \u0219i cauza incendiului. Autorit\u0103\u021bile aeroportuare au precizat c\u0103 focul a fost stins p\u00e2n\u0103 seara, iar Administra\u021bia Federal\u0103 a Avia\u021biei va demara o anchet\u0103.<\/p>\n<\/div>\n","protected":false},"excerpt":{"rendered":"<div><img loading=\"lazy\" decoding=\"async\" width=\"696\" height=\"418\" src=\"https:\/\/canal5.md\/wp-content\/uploads\/2025\/03\/snimok-ekrana_14-3-2025_93848_canal5.md_-1024x615-optimized.jpeg\" class=\"attachment-large size-large wp-post-image\" alt=\"\" srcset=\"https:\/\/canal5.md\/wp-content\/uploads\/2025\/03\/snimok-ekrana_14-3-2025_93848_canal5.md_-1024x615-optimized.jpeg 1024w, https:\/\/canal5.md\/wp-content\/uploads\/2025\/03\/snimok-ekrana_14-3-2025_93848_canal5.md_-300x180-optimized.jpeg 300w, https:\/\/canal5.md\/wp-content\/uploads\/2025\/03\/snimok-ekrana_14-3-2025_93848_canal5.md_-768x461-optimized.jpeg 768w, https:\/\/canal5.md\/wp-content\/uploads\/2025\/03\/snimok-ekrana_14-3-2025_93848_canal5.md_-696x418-optimized.jpeg 696w, https:\/\/canal5.md\/wp-content\/uploads\/2025\/03\/snimok-ekrana_14-3-2025_93848_canal5.md_-1068x641-optimized.jpeg 1068w, https:\/\/canal5.md\/wp-content\/uploads\/2025\/03\/snimok-ekrana_14-3-2025_93848_canal5.md_-optimized.jpeg 1229w\">Un avion American Airlines, cu \u0219ase membri ai echipajului \u0219i 172 de pasageri la bord, a luat foc dup\u0103 aterizarea pe aeroportul din Denver. Pasagerii au fost evacua\u021bi. Zborul era programat s\u0103 ajung\u0103 din Colorado Springs \u00een Dallas, \u00eens\u0103 a fost deviat spre Denver, unde a aterizat \u00een siguran\u021b\u0103 \u00een jurul orei 17:15 (ora local\u0103). [\u2026]<\/div>\n","protected":false},"author":1,"featured_media":69031,"comment_status":"closed","ping_status":"closed","sticky":false,"template":"","format":"standard","meta":{"jnews-multi-image_gallery":[],"jnews_single_post":[],"jnews_primary_category":[],"jnews_social_meta":[],"jnews_override_counter":[],"footnotes":""},"categories":[30],"tags":[],"class_list":["post-69030","post","type-post","status-publish","format-standard","has-post-thumbnail","hentry","category-social_ro"],"_links":{"self":[{"href":"https:\/\/orheifm.live\/index.php\/wp-json\/wp\/v2\/posts\/69030","targetHints":{"allow":["GET"]}}],"collection":[{"href":"https:\/\/orheifm.live\/index.php\/wp-json\/wp\/v2\/posts"}],"about":[{"href":"https:\/\/orheifm.live\/index.php\/wp-json\/wp\/v2\/types\/post"}],"author":[{"embeddable":true,"href":"https:\/\/orheifm.live\/index.php\/wp-json\/wp\/v2\/users\/1"}],"replies":[{"embeddable":true,"href":"https:\/\/orheifm.live\/index.php\/wp-json\/wp\/v2\/comments?post=69030"}],"version-history":[{"count":0,"href":"https:\/\/orheifm.live\/index.php\/wp-json\/wp\/v2\/posts\/69030\/revisions"}],"wp:featuredmedia":[{"embeddable":true,"href":"https:\/\/orheifm.live\/index.php\/wp-json\/wp\/v2\/media\/69031"}],"wp:attachment":[{"href":"https:\/\/orheifm.live\/index.php\/wp-json\/wp\/v2\/media?parent=69030"}],"wp:term":[{"taxonomy":"category","embeddable":true,"href":"https:\/\/orheifm.live\/index.php\/wp-json\/wp\/v2\/categories?post=69030"},{"taxonomy":"post_tag","embeddable":true,"href":"https:\/\/orheifm.live\/index.php\/wp-json\/wp\/v2\/tags?post=69030"}],"curies":[{"name":"wp","href":"https:\/\/api.w.org\/{rel}","templated":true}]}}