{"id":69028,"date":"2025-03-14T09:50:14","date_gmt":"2025-03-14T07:50:14","guid":{"rendered":"https:\/\/orheifm.live\/index.php\/2025\/03\/14\/tanar-pe-trotineta-lovit-de-o-masina-in-chisinau\/"},"modified":"2025-03-14T09:50:14","modified_gmt":"2025-03-14T07:50:14","slug":"tanar-pe-trotineta-lovit-de-o-masina-in-chisinau","status":"publish","type":"post","link":"https:\/\/orheifm.live\/index.php\/2025\/03\/14\/tanar-pe-trotineta-lovit-de-o-masina-in-chisinau\/","title":{"rendered":"T\u00e2n\u0103r pe trotinet\u0103, lovit de o ma\u0219in\u0103 \u00een Chi\u0219in\u0103u"},"content":{"rendered":"<div>\n<p><strong>Un accident a avut loc ieri dup\u0103-amiaz\u0103 pe strada Miron Costin din capital\u0103. Un t\u00e2n\u0103r aflat pe trotinet\u0103 electric\u0103 a fost lovit de un automobil care nu i-a cedat trecerea. <\/strong><\/p>\n<p>\u00cen urma impactului, acesta a fost proiectat peste capota ma\u0219inii \u0219i a aterizat pe asfalt, rostogolindu-se, \u00eens\u0103 s-a ridicat imediat \u00een picioare.<\/p>\n<p>Imaginile accidentului au fost publicate de activi\u0219tii Stop Ham Moldova, care au precizat c\u0103 la fa\u021ba locului a fost solicitat\u0103 interven\u021bia Poli\u021biei.<\/p>\n<\/div>\n","protected":false},"excerpt":{"rendered":"<div><img loading=\"lazy\" decoding=\"async\" width=\"696\" height=\"392\" src=\"https:\/\/canal5.md\/wp-content\/uploads\/2025\/03\/6544877bbfc5c49df80af2a45a5ef29a96385fd8bd0582f8f138cc49b2fc493b-optimized.jpg\" class=\"attachment-large size-large wp-post-image\" alt=\"\" srcset=\"https:\/\/canal5.md\/wp-content\/uploads\/2025\/03\/6544877bbfc5c49df80af2a45a5ef29a96385fd8bd0582f8f138cc49b2fc493b-optimized.jpg 800w, https:\/\/canal5.md\/wp-content\/uploads\/2025\/03\/6544877bbfc5c49df80af2a45a5ef29a96385fd8bd0582f8f138cc49b2fc493b-300x169-optimized.jpg 300w, https:\/\/canal5.md\/wp-content\/uploads\/2025\/03\/6544877bbfc5c49df80af2a45a5ef29a96385fd8bd0582f8f138cc49b2fc493b-768x432-optimized.jpg 768w, https:\/\/canal5.md\/wp-content\/uploads\/2025\/03\/6544877bbfc5c49df80af2a45a5ef29a96385fd8bd0582f8f138cc49b2fc493b-696x392-optimized.jpg 696w\">Un accident a avut loc ieri dup\u0103-amiaz\u0103 pe strada Miron Costin din capital\u0103. Un t\u00e2n\u0103r aflat pe trotinet\u0103 electric\u0103 a fost lovit de un automobil care nu i-a cedat trecerea. \u00cen urma impactului, acesta a fost proiectat peste capota ma\u0219inii \u0219i a aterizat pe asfalt, rostogolindu-se, \u00eens\u0103 s-a ridicat imediat \u00een picioare. Imaginile accidentului au [\u2026]<\/div>\n","protected":false},"author":1,"featured_media":69029,"comment_status":"closed","ping_status":"closed","sticky":false,"template":"","format":"standard","meta":{"jnews-multi-image_gallery":[],"jnews_single_post":[],"jnews_primary_category":[],"jnews_social_meta":[],"jnews_override_counter":[],"footnotes":""},"categories":[30],"tags":[],"class_list":["post-69028","post","type-post","status-publish","format-standard","has-post-thumbnail","hentry","category-social_ro"],"_links":{"self":[{"href":"https:\/\/orheifm.live\/index.php\/wp-json\/wp\/v2\/posts\/69028","targetHints":{"allow":["GET"]}}],"collection":[{"href":"https:\/\/orheifm.live\/index.php\/wp-json\/wp\/v2\/posts"}],"about":[{"href":"https:\/\/orheifm.live\/index.php\/wp-json\/wp\/v2\/types\/post"}],"author":[{"embeddable":true,"href":"https:\/\/orheifm.live\/index.php\/wp-json\/wp\/v2\/users\/1"}],"replies":[{"embeddable":true,"href":"https:\/\/orheifm.live\/index.php\/wp-json\/wp\/v2\/comments?post=69028"}],"version-history":[{"count":0,"href":"https:\/\/orheifm.live\/index.php\/wp-json\/wp\/v2\/posts\/69028\/revisions"}],"wp:featuredmedia":[{"embeddable":true,"href":"https:\/\/orheifm.live\/index.php\/wp-json\/wp\/v2\/media\/69029"}],"wp:attachment":[{"href":"https:\/\/orheifm.live\/index.php\/wp-json\/wp\/v2\/media?parent=69028"}],"wp:term":[{"taxonomy":"category","embeddable":true,"href":"https:\/\/orheifm.live\/index.php\/wp-json\/wp\/v2\/categories?post=69028"},{"taxonomy":"post_tag","embeddable":true,"href":"https:\/\/orheifm.live\/index.php\/wp-json\/wp\/v2\/tags?post=69028"}],"curies":[{"name":"wp","href":"https:\/\/api.w.org\/{rel}","templated":true}]}}