{"id":69024,"date":"2025-03-14T09:20:42","date_gmt":"2025-03-14T07:20:42","guid":{"rendered":"https:\/\/orheifm.live\/index.php\/2025\/03\/14\/vreme-de-primavara-in-moldova-temperaturile-vor-ajunge-pana-la-25c\/"},"modified":"2025-03-14T09:20:42","modified_gmt":"2025-03-14T07:20:42","slug":"vreme-de-primavara-in-moldova-temperaturile-vor-ajunge-pana-la-25c","status":"publish","type":"post","link":"https:\/\/orheifm.live\/index.php\/2025\/03\/14\/vreme-de-primavara-in-moldova-temperaturile-vor-ajunge-pana-la-25c\/","title":{"rendered":"Vreme de prim\u0103var\u0103 \u00een Moldova: Temperaturile vor ajunge p\u00e2n\u0103 la +25\u00b0C"},"content":{"rendered":"<div>\n<p><strong>Ast\u0103zi, vineri, 14 martie, Moldova se bucur\u0103 de o zi cu adev\u0103rat prim\u0103v\u0103ratic\u0103, cu temperaturi de p\u00e2n\u0103 la +25\u00b0C \u00een regiunile centrale \u0219i sudice ale \u021b\u0103rii. Meteorologii prognozeaz\u0103 cer senin \u0219i o vreme pl\u0103cut\u0103 \u00een majoritatea localit\u0103\u021bilor.<\/strong><\/p>\n<p>\u00cen Chi\u0219in\u0103u, temperatura maxim\u0103 va atinge +23\u00b0C, iar seara se va r\u0103ci u\u0219or p\u00e2n\u0103 la +15\u00b0C. \u00cen alte ora\u0219e, temperaturile vor fi la fel de pl\u0103cute:<\/p>\n<ul>\n<li>Glodeni: ziua +21\u00b0C, seara +14\u00b0C<\/li>\n<li>R\u00ee\u0219cani: ziua +21\u00b0C, seara +13\u00b0C<\/li>\n<li>B\u0103l\u021bi: ziua +22\u00b0C, seara +14\u00b0C<\/li>\n<li>Flore\u0219ti: ziua +22\u00b0C, seara +14\u00b0C<\/li>\n<li>Comrat: ziua +25\u00b0C, seara +15\u00b0C<\/li>\n<li>Anenii Noi: ziua +25\u00b0C, seara +15\u00b0C<\/li>\n<\/ul>\n<p>Vremea frumoas\u0103 va aduce o atmosfer\u0103 ideal\u0103 pentru activit\u0103\u021bi \u00een aer liber \u0219i va marca \u00eenceputul unui weekend pl\u0103cut \u00een toat\u0103 \u021bara.<\/p>\n<\/div>\n","protected":false},"excerpt":{"rendered":"<div><img loading=\"lazy\" decoding=\"async\" width=\"696\" height=\"463\" src=\"https:\/\/canal5.md\/wp-content\/uploads\/2025\/03\/soare-vreme1-optimized.jpg\" class=\"attachment-large size-large wp-post-image\" alt=\"\" srcset=\"https:\/\/canal5.md\/wp-content\/uploads\/2025\/03\/soare-vreme1-optimized.jpg 850w, https:\/\/canal5.md\/wp-content\/uploads\/2025\/03\/soare-vreme1-300x200-optimized.jpg 300w, https:\/\/canal5.md\/wp-content\/uploads\/2025\/03\/soare-vreme1-768x511-optimized.jpg 768w, https:\/\/canal5.md\/wp-content\/uploads\/2025\/03\/soare-vreme1-696x463-optimized.jpg 696w\">Ast\u0103zi, vineri, 14 martie, Moldova se bucur\u0103 de o zi cu adev\u0103rat prim\u0103v\u0103ratic\u0103, cu temperaturi de p\u00e2n\u0103 la +25\u00b0C \u00een regiunile centrale \u0219i sudice ale \u021b\u0103rii. Meteorologii prognozeaz\u0103 cer senin \u0219i o vreme pl\u0103cut\u0103 \u00een majoritatea localit\u0103\u021bilor. \u00cen Chi\u0219in\u0103u, temperatura maxim\u0103 va atinge +23\u00b0C, iar seara se va r\u0103ci u\u0219or p\u00e2n\u0103 la +15\u00b0C. \u00cen alte [\u2026]<\/div>\n","protected":false},"author":1,"featured_media":69025,"comment_status":"closed","ping_status":"closed","sticky":false,"template":"","format":"standard","meta":{"jnews-multi-image_gallery":[],"jnews_single_post":[],"jnews_primary_category":[],"jnews_social_meta":[],"jnews_override_counter":[],"footnotes":""},"categories":[30],"tags":[],"class_list":["post-69024","post","type-post","status-publish","format-standard","has-post-thumbnail","hentry","category-social_ro"],"_links":{"self":[{"href":"https:\/\/orheifm.live\/index.php\/wp-json\/wp\/v2\/posts\/69024","targetHints":{"allow":["GET"]}}],"collection":[{"href":"https:\/\/orheifm.live\/index.php\/wp-json\/wp\/v2\/posts"}],"about":[{"href":"https:\/\/orheifm.live\/index.php\/wp-json\/wp\/v2\/types\/post"}],"author":[{"embeddable":true,"href":"https:\/\/orheifm.live\/index.php\/wp-json\/wp\/v2\/users\/1"}],"replies":[{"embeddable":true,"href":"https:\/\/orheifm.live\/index.php\/wp-json\/wp\/v2\/comments?post=69024"}],"version-history":[{"count":0,"href":"https:\/\/orheifm.live\/index.php\/wp-json\/wp\/v2\/posts\/69024\/revisions"}],"wp:featuredmedia":[{"embeddable":true,"href":"https:\/\/orheifm.live\/index.php\/wp-json\/wp\/v2\/media\/69025"}],"wp:attachment":[{"href":"https:\/\/orheifm.live\/index.php\/wp-json\/wp\/v2\/media?parent=69024"}],"wp:term":[{"taxonomy":"category","embeddable":true,"href":"https:\/\/orheifm.live\/index.php\/wp-json\/wp\/v2\/categories?post=69024"},{"taxonomy":"post_tag","embeddable":true,"href":"https:\/\/orheifm.live\/index.php\/wp-json\/wp\/v2\/tags?post=69024"}],"curies":[{"name":"wp","href":"https:\/\/api.w.org\/{rel}","templated":true}]}}