{"id":69022,"date":"2025-03-13T22:24:12","date_gmt":"2025-03-13T20:24:12","guid":{"rendered":"https:\/\/orheifm.live\/index.php\/2025\/03\/13\/ultima-ora-dorin-recean-propune-numirea-doinei-nistor-in-functia-de-ministru-al-dezvoltarii-economice-si-digitalizarii\/"},"modified":"2025-03-13T22:24:12","modified_gmt":"2025-03-13T20:24:12","slug":"ultima-ora-dorin-recean-propune-numirea-doinei-nistor-in-functia-de-ministru-al-dezvoltarii-economice-si-digitalizarii","status":"publish","type":"post","link":"https:\/\/orheifm.live\/index.php\/2025\/03\/13\/ultima-ora-dorin-recean-propune-numirea-doinei-nistor-in-functia-de-ministru-al-dezvoltarii-economice-si-digitalizarii\/","title":{"rendered":"ULTIMA OR\u0102 \/\/ Dorin Recean propune numirea Doinei Nistor \u00een func\u021bia de ministru al Dezvolt\u0103rii Economice \u0219i Digitaliz\u0103rii"},"content":{"rendered":"<div>\n<p><strong>Dup\u0103 demisia lui Dumitru Alaiba, premierul Dorin Recean a anun\u021bat c\u0103 a transmis c\u0103tre pre\u0219edinte propunerea de numire a Doinei Nistor \u00een func\u021bia de ministru al Dezvolt\u0103rii Economice \u0219i Digitaliz\u0103rii.<\/strong><\/p>\n<p>\u201eAm transmis [\u2026] propunerea de numire a doamnei Doina Nistor \u00een func\u021bia de ministr\u0103 a Dezvolt\u0103rii Economice \u0219i Digitaliz\u0103rii. Doina Nistor are peste 20 de ani de experien\u021b\u0103 \u00een dezvoltare economic\u0103 \u0219i transformare digital\u0103 \u00een Republica Moldova\u201d, a declarat Recean.<\/p>\n<p>Premierul a subliniat c\u0103 Nistor \u201ea condus proiecte majore \u00een sectoare-cheie, precum tehnologiile informa\u021bionale \u0219i comunica\u021bii, turism, vinifica\u021bie, industria u\u0219oar\u0103, inginerie, securitate cibernetic\u0103 \u0219i industrii creative\u201d.<\/p>\n<p>Doina Nistor a avut o implicare semnificativ\u0103 \u00een proiectele USAID din Republica Moldova, ocup\u00e2nd func\u021bii de conducere \u00een diverse ini\u021biative menite s\u0103 sporeasc\u0103 competitivitatea \u0219i dezvoltarea tehnologic\u0103 a \u021b\u0103rii.<\/p>\n<p>\u00cen ultimii 12 ani, ea a de\u021binut pozi\u021bii de management superior, inclusiv cea de Deputy\/Chief of Party pentru proiectele de competitivitate finan\u021bate de USAID \u00een Moldova, gestion\u00e2nd \u0219i implement\u00e2nd strategii de dezvoltare economic\u0103.<\/p>\n<p>Unul dintre proiectele notabile este Moldova Future Technologies Activity (FTA), unde Doina Nistor a fost Chief of Party. Sub conducerea sa, FTA a fost recunoscut\u0103 \u00een 2023 cu premiul USAID Digi Award pentru sprijinul acordat unei companii moldovene\u0219ti \u00een domeniul tehnologiilor digitale.<\/p>\n<p>De asemenea, ea a contribuit la lansarea Mediacor, un hub dedicat inov\u0103rii \u00een industria media prin tehnologie, ini\u021biat \u00een 2021 prin efortul comun al USAID \u0219i al altor parteneri.<\/p>\n<p>Urmeaz\u0103 ca pre\u0219edintele s\u0103 analizeze propunerea \u0219i s\u0103 emit\u0103 decretul de numire.<\/p>\n<p><a href=\"https:\/\/telegraph.md\/ultima-ora-dorin-recean-propune-numirea-doinei-nistor-in-functia-de-ministru-al-dezvoltarii-economice-si-digitalizarii\/\">telegraph.md<\/a><\/p>\n<\/div>\n","protected":false},"excerpt":{"rendered":"<div><img loading=\"lazy\" decoding=\"async\" width=\"696\" height=\"435\" src=\"https:\/\/canal5.md\/wp-content\/uploads\/2025\/03\/6a7dbf36-ae4d-4fb8-b108-962043abfe27-1600x1000-1-1024x640-optimized.jpeg\" class=\"attachment-large size-large wp-post-image\" alt=\"\" srcset=\"https:\/\/canal5.md\/wp-content\/uploads\/2025\/03\/6a7dbf36-ae4d-4fb8-b108-962043abfe27-1600x1000-1-1024x640-optimized.jpeg 1024w, https:\/\/canal5.md\/wp-content\/uploads\/2025\/03\/6a7dbf36-ae4d-4fb8-b108-962043abfe27-1600x1000-1-300x188-optimized.jpeg 300w, https:\/\/canal5.md\/wp-content\/uploads\/2025\/03\/6a7dbf36-ae4d-4fb8-b108-962043abfe27-1600x1000-1-768x480-optimized.jpeg 768w, https:\/\/canal5.md\/wp-content\/uploads\/2025\/03\/6a7dbf36-ae4d-4fb8-b108-962043abfe27-1600x1000-1-1536x960-optimized.jpeg 1536w, https:\/\/canal5.md\/wp-content\/uploads\/2025\/03\/6a7dbf36-ae4d-4fb8-b108-962043abfe27-1600x1000-1-696x435-optimized.jpeg 696w, https:\/\/canal5.md\/wp-content\/uploads\/2025\/03\/6a7dbf36-ae4d-4fb8-b108-962043abfe27-1600x1000-1-1068x668-optimized.jpeg 1068w, https:\/\/canal5.md\/wp-content\/uploads\/2025\/03\/6a7dbf36-ae4d-4fb8-b108-962043abfe27-1600x1000-1-optimized.jpeg 1600w\">Dup\u0103 demisia lui Dumitru Alaiba, premierul Dorin Recean a anun\u021bat c\u0103 a transmis c\u0103tre pre\u0219edinte propunerea de numire a Doinei Nistor \u00een func\u021bia de ministru al Dezvolt\u0103rii Economice \u0219i Digitaliz\u0103rii. \u201eAm transmis [\u2026] propunerea de numire a doamnei Doina Nistor \u00een func\u021bia de ministr\u0103 a Dezvolt\u0103rii Economice \u0219i Digitaliz\u0103rii. Doina Nistor are peste 20 de [\u2026]<\/div>\n","protected":false},"author":1,"featured_media":69023,"comment_status":"closed","ping_status":"closed","sticky":false,"template":"","format":"standard","meta":{"jnews-multi-image_gallery":[],"jnews_single_post":[],"jnews_primary_category":[],"jnews_social_meta":[],"jnews_override_counter":[],"footnotes":""},"categories":[23],"tags":[],"class_list":["post-69022","post","type-post","status-publish","format-standard","has-post-thumbnail","hentry","category-politica_ro"],"_links":{"self":[{"href":"https:\/\/orheifm.live\/index.php\/wp-json\/wp\/v2\/posts\/69022","targetHints":{"allow":["GET"]}}],"collection":[{"href":"https:\/\/orheifm.live\/index.php\/wp-json\/wp\/v2\/posts"}],"about":[{"href":"https:\/\/orheifm.live\/index.php\/wp-json\/wp\/v2\/types\/post"}],"author":[{"embeddable":true,"href":"https:\/\/orheifm.live\/index.php\/wp-json\/wp\/v2\/users\/1"}],"replies":[{"embeddable":true,"href":"https:\/\/orheifm.live\/index.php\/wp-json\/wp\/v2\/comments?post=69022"}],"version-history":[{"count":0,"href":"https:\/\/orheifm.live\/index.php\/wp-json\/wp\/v2\/posts\/69022\/revisions"}],"wp:featuredmedia":[{"embeddable":true,"href":"https:\/\/orheifm.live\/index.php\/wp-json\/wp\/v2\/media\/69023"}],"wp:attachment":[{"href":"https:\/\/orheifm.live\/index.php\/wp-json\/wp\/v2\/media?parent=69022"}],"wp:term":[{"taxonomy":"category","embeddable":true,"href":"https:\/\/orheifm.live\/index.php\/wp-json\/wp\/v2\/categories?post=69022"},{"taxonomy":"post_tag","embeddable":true,"href":"https:\/\/orheifm.live\/index.php\/wp-json\/wp\/v2\/tags?post=69022"}],"curies":[{"name":"wp","href":"https:\/\/api.w.org\/{rel}","templated":true}]}}