{"id":69020,"date":"2025-03-13T21:57:54","date_gmt":"2025-03-13T19:57:54","guid":{"rendered":"https:\/\/orheifm.live\/index.php\/2025\/03\/13\/flacari-uriase-in-centrul-chisinaului-pompierii-au-reusit-sa-stinga-flacarile-dupa-ore-de-lupta\/"},"modified":"2025-03-13T21:57:54","modified_gmt":"2025-03-13T19:57:54","slug":"flacari-uriase-in-centrul-chisinaului-pompierii-au-reusit-sa-stinga-flacarile-dupa-ore-de-lupta","status":"publish","type":"post","link":"https:\/\/orheifm.live\/index.php\/2025\/03\/13\/flacari-uriase-in-centrul-chisinaului-pompierii-au-reusit-sa-stinga-flacarile-dupa-ore-de-lupta\/","title":{"rendered":"Fl\u0103c\u0103ri uria\u0219e \u00een centrul Chi\u0219in\u0103ului: Pompierii au reu\u0219it s\u0103 sting\u0103 fl\u0103c\u0103rile dup\u0103 ore de lupt\u0103"},"content":{"rendered":"<div>\n<p><strong>Zi de foc pentru pompierii \u0219i salvatorii Inspectoratului General pentru Situa\u021bii de Urgen\u021b\u0103. \u00cen aceast\u0103 diminea\u021b\u0103, acoperi\u0219ul unui restaurat de pe strada Columna din capital\u0103 a luat foc. Pompierii au luptat ore \u00een \u0219ir cu fl\u0103c\u0103rile.<\/strong><br \/>\n<iframe loading=\"lazy\" title=\"YouTube video player\" src=\"https:\/\/www.youtube.com\/embed\/jVp0YCTGq0k?si=Ov2aCb0YFTsRVLdZ\" width=\"560\" height=\"315\" frameborder=\"0\" allowfullscreen=\"allowfullscreen\"><\/iframe><br \/>\nFocul a mistuit o suprafa\u021b\u0103 de aproximativ 3500-4000 de metri p\u0103tra\u021bi. Din fericire, victime nu au fost \u00eenregistrate. Urm\u0103ri\u021bi cronologia luptei cu incendiul, \u00een reportajul ce urmeaz\u0103.<\/p>\n<p>Incendiu de propor\u021bii, \u00een capital\u0103. \u00cen diminea\u021ba zilei de 13 martie, acoperi\u0219ul unui restaurat de pe strada Columna a luat foc. Imagini apocaliptice, \u00een care se v\u0103d fl\u0103c\u0103rile \u0219i mult fum au \u00eemp\u00e2nzit re\u021belele de socializare.<\/p>\n<p>Pompierii ac\u021bioneaz\u0103 conform gradului sporit de interven\u021bie, informeaz\u0103 Inspectoratul General pentru Situa\u021biii de Urgen\u021b\u0103.<\/p>\n<p>Pompierii au ac\u021bionat conform gradului sporit de interven\u021bie, informeaz\u0103 Inspectoratul General pentru Situa\u021biii de Urgen\u021b\u0103. Pentru localizarea \u0219i lichidarea incendiului au fost direc\u021bionate opt autospeciale inclusiv o autoscar\u0103 cu un efectiv de 45 de angaja\u021bi din cadrul IGSU. Pentru gestionarea interven\u021biei, la fa\u021ba locului, este creat Statul Major.<\/p>\n<p>Totodat\u0103, echipajele de poli\u021bie \u0219i carabinieri asigur\u0103 securitatea \u0219i ordinea public\u0103 \u00een zon\u0103. \u0218i Prim\u0103ria capitalei anun\u021b\u0103 c\u0103 serviciile municipale \u0219i responsabilii preturilor sunt mobilizate lalocul incendiului.<\/p>\n<p>LILIANA PU\u0218CA\u0218U, ofi\u021ber de pres\u0103 IGSU<\/p>\n<p>Potrivit primelor informa\u021bii, p\u00e2n\u0103 la acest moment, nu au fost raportate victime, toate persoanele din interiorul localului, dar \u0219i din localele din apropiere s-au evacuat p\u00e2n\u0103 la venirea salvatorilor \u0219i pompierilor.<\/p>\n<p>La moment nu exist\u0103 pericol pentru siguran\u021ba \u0219i securitatea oamenilor. Zona este \u00eebcercuit\u0103.<\/p>\n<p>Potrivit martorilor oculari, incendiul a izbucnit la ora 10.40, iar serviciul 112 a fost apelat imediat, \u00eens\u0103 ar fi ajuns doar peste 20 de minute asta din cauza traficului aglomerat din zon\u0103.<\/p>\n<p>C\u00e2nd a \u00eenceput s\u0103 ias\u0103 fum, am sunat la 112. Apoi au \u00eenceput s\u0103 vin\u0103. Era un blocaj, era \u00eenchis\u0103 strada \u0219i nu puteau veni ma\u0219inile acestea.\u00a0 Noi am sesizat la timp, dar era ambuteiaj \u0219i nu puteau. Vede\u021bi ce se face cu transportul acesta \u00een ora\u0219, este Doamne fere\u0219te. Era o par\u0103 aici, dar acum s-a mai lini\u0219tit, v\u0103d c\u0103.<\/p>\n<p>Totodat\u0103, echipajele de poli\u021bie \u0219i carabinieri au asigurat securitatea \u0219i ordinea public\u0103 \u00een zon\u0103. \u0218i Prim\u0103ria capitalei a anun\u021bat c\u0103 serviciile municipale \u0219i responsabilii preturilor sunt mobilizate la locul incendiului.<\/p>\n<p>Totodat\u0103, pompierii din cadrul IGSU al luptat cu fl\u0103c\u0103rile ore \u00een \u0219ir. \u00cen jurul orei 17:00, pompierii \u00eenc\u0103 mai lucrau pentru lichidarea final\u0103 a incendiului.<\/p>\n<p>LILIANA PU\u0218CA\u0218U, ofi\u021ber de pres\u0103 IGSU<\/p>\n<p>Dup\u0103 patru ore de interven\u021bie \u00een lupta cu fl\u0103c\u0103rile, efectivul Inspectoratului General pentru Situa\u021bii de urgen\u021b\u0103 a fost schimbat pentru continuarea misiunii de lichidare a incendiului. \u00cen regim de alert\u0103 au fost ridicate echipele de rezerv\u0103 din \u00eentreaga garnizoan\u0103 a municipiului Chi\u0219in\u0103u.<\/p>\n<p>La moment, pompierii efectueaz\u0103 lucr\u0103ri de sp\u0103lare \u0219i demontare a construc\u021biei afectate de incendiu. Potrivit primelor estim\u0103ri, \u00een urma arderii a fost distrus\u0103 o suprafa\u021b\u0103 de aproximativ 3500-4000 metri p\u0103tra\u021bi.<\/p>\n<p>\u00cen urma incendiului, victime nu au fost raportate, iar peste 100 de salvatori \u0219i pompieri cu 24 de unit\u0103\u021bi de tehnic\u0103 au luptat cu fl\u0103c\u0103rile pentru localizarea arderii. La acest moment incendiul nu ob\u021bine r\u0103sp\u00e2ndure, pompierii lucreaz\u0103 pentru lichidarea final\u0103 a acestuia.<\/p>\n<p>Oamenii sunt \u00eendemna\u021bi s\u0103 ocoleasc\u0103 zona. Cauza incendiului urmeaz\u0103 a fi stabilit\u0103.<\/p>\n<\/div>\n","protected":false},"excerpt":{"rendered":"<div><img loading=\"lazy\" decoding=\"async\" width=\"696\" height=\"589\" src=\"https:\/\/canal5.md\/wp-content\/uploads\/2025\/03\/photo_2025-03-13_21-05-24-1024x866-optimized.jpg\" class=\"attachment-large size-large wp-post-image\" alt=\"\" srcset=\"https:\/\/canal5.md\/wp-content\/uploads\/2025\/03\/photo_2025-03-13_21-05-24-1024x866-optimized.jpg 1024w, https:\/\/canal5.md\/wp-content\/uploads\/2025\/03\/photo_2025-03-13_21-05-24-300x254-optimized.jpg 300w, https:\/\/canal5.md\/wp-content\/uploads\/2025\/03\/photo_2025-03-13_21-05-24-768x650-optimized.jpg 768w, https:\/\/canal5.md\/wp-content\/uploads\/2025\/03\/photo_2025-03-13_21-05-24-696x589-optimized.jpg 696w, https:\/\/canal5.md\/wp-content\/uploads\/2025\/03\/photo_2025-03-13_21-05-24-1068x904-optimized.jpg 1068w, https:\/\/canal5.md\/wp-content\/uploads\/2025\/03\/photo_2025-03-13_21-05-24-optimized.jpg 1280w\">Zi de foc pentru pompierii \u0219i salvatorii Inspectoratului General pentru Situa\u021bii de Urgen\u021b\u0103. \u00cen aceast\u0103 diminea\u021b\u0103, acoperi\u0219ul unui restaurat de pe strada Columna din capital\u0103 a luat foc. Pompierii au luptat ore \u00een \u0219ir cu fl\u0103c\u0103rile. Focul a mistuit o suprafa\u021b\u0103 de aproximativ 3500-4000 de metri p\u0103tra\u021bi. Din fericire, victime nu au fost \u00eenregistrate. Urm\u0103ri\u021bi [\u2026]<\/div>\n","protected":false},"author":1,"featured_media":69021,"comment_status":"closed","ping_status":"closed","sticky":false,"template":"","format":"standard","meta":{"jnews-multi-image_gallery":[],"jnews_single_post":[],"jnews_primary_category":[],"jnews_social_meta":[],"jnews_override_counter":[],"footnotes":""},"categories":[30],"tags":[],"class_list":["post-69020","post","type-post","status-publish","format-standard","has-post-thumbnail","hentry","category-social_ro"],"_links":{"self":[{"href":"https:\/\/orheifm.live\/index.php\/wp-json\/wp\/v2\/posts\/69020","targetHints":{"allow":["GET"]}}],"collection":[{"href":"https:\/\/orheifm.live\/index.php\/wp-json\/wp\/v2\/posts"}],"about":[{"href":"https:\/\/orheifm.live\/index.php\/wp-json\/wp\/v2\/types\/post"}],"author":[{"embeddable":true,"href":"https:\/\/orheifm.live\/index.php\/wp-json\/wp\/v2\/users\/1"}],"replies":[{"embeddable":true,"href":"https:\/\/orheifm.live\/index.php\/wp-json\/wp\/v2\/comments?post=69020"}],"version-history":[{"count":0,"href":"https:\/\/orheifm.live\/index.php\/wp-json\/wp\/v2\/posts\/69020\/revisions"}],"wp:featuredmedia":[{"embeddable":true,"href":"https:\/\/orheifm.live\/index.php\/wp-json\/wp\/v2\/media\/69021"}],"wp:attachment":[{"href":"https:\/\/orheifm.live\/index.php\/wp-json\/wp\/v2\/media?parent=69020"}],"wp:term":[{"taxonomy":"category","embeddable":true,"href":"https:\/\/orheifm.live\/index.php\/wp-json\/wp\/v2\/categories?post=69020"},{"taxonomy":"post_tag","embeddable":true,"href":"https:\/\/orheifm.live\/index.php\/wp-json\/wp\/v2\/tags?post=69020"}],"curies":[{"name":"wp","href":"https:\/\/api.w.org\/{rel}","templated":true}]}}