{"id":69018,"date":"2025-03-13T21:56:17","date_gmt":"2025-03-13T19:56:17","guid":{"rendered":"https:\/\/orheifm.live\/index.php\/2025\/03\/13\/guvernul-aloca-fonduri-pentru-cfm-dar-restantele-salariale-ale-angajatilor-raman-nesolutionate-video\/"},"modified":"2025-03-13T21:56:17","modified_gmt":"2025-03-13T19:56:17","slug":"guvernul-aloca-fonduri-pentru-cfm-dar-restantele-salariale-ale-angajatilor-raman-nesolutionate-video","status":"publish","type":"post","link":"https:\/\/orheifm.live\/index.php\/2025\/03\/13\/guvernul-aloca-fonduri-pentru-cfm-dar-restantele-salariale-ale-angajatilor-raman-nesolutionate-video\/","title":{"rendered":"Guvernul aloc\u0103 fonduri pentru CFM, dar restan\u021bele salariale ale angaja\u021bilor r\u0103m\u00e2n nesolu\u021bionate |VIDEO"},"content":{"rendered":"<div>\n<p><strong>Guvernul a aprobat alocarea a aproape jum\u0103tate de milion de lei pentru C\u0103ile Ferate din Moldova, \u00eens\u0103, aten\u021bie!, nu pentru plata restan\u021belor salariale, ci pentru reabilitarea infrastructurii feroviare. <\/strong><br \/>\n<iframe loading=\"lazy\" title=\"YouTube video player\" src=\"https:\/\/www.youtube.com\/embed\/8OMAcTEQpgQ?si=k9pw89rXOWdzhlog\" width=\"560\" height=\"315\" frameborder=\"0\" allowfullscreen=\"allowfullscreen\"><\/iframe><br \/>\nPrin acest proiect, Ministerul Finan\u021belor va aloca fonduri din creditele acordate de BERD \u0219i BEI pentru majorarea capitalului social al \u00centreprinderii. Banii vor fi folosi\u021bi pentru continuarea lucr\u0103rilor de reabilitare a tronsonului Bender-Basarabeasca- Giurgiule\u0219ti.<\/p>\n<p>Av\u00e2nd \u00een vedere c\u0103 feroviarii a\u0219a \u0219i sunt l\u0103sa\u021bi de guvernarea PAS s\u0103 moar\u0103 de foame, Federa\u021bia Sindical\u0103 a Feroviarilor a anun\u021bat o nou\u0103 ac\u021biune de protest vineri, 14 martie 2025, \u00een fa\u021ba Guvernului, Parlamentului \u0219i Pre\u0219edin\u021biei, solicit\u00e2nd solu\u021bionarea urgent\u0103 a restan\u021belor la salarii. Protestul va \u00eencepe la ora 10:00, \u00een fa\u021ba Casei Guvernului.<\/p>\n<p>Situa\u021bia la C\u0103ile Ferate s-a agravat, dup\u0103 ce administra\u021bia companiei nu a achitat salariile angaja\u021bilor de mai mult de \u0219ase luni. Dispera\u021bi, angaja\u021bii \u00eentreprinderii au protestat la Guvern, Parlament \u0219i Pre\u0219edin\u021bie, aduc\u00e2nd mesaje pentru Maia Sandu, \u00eens\u0103 f\u0103r\u0103 a ob\u021bine vreun rezultat.<\/p>\n<p>\u00cen urma acestui protest, ministrul Infrastructurii, Vladimir Bolea, a sugerat v\u00e2nzarea Palatului Feroviarilor pentru a pl\u0103ti salariile restante ale angaja\u021bilor CFM. Dup\u0103 ce declara\u021bia a scandalizat societatea, ministrul a renun\u021bat la aceast\u0103 idee.<\/p>\n<\/div>\n","protected":false},"excerpt":{"rendered":"<div><img loading=\"lazy\" decoding=\"async\" width=\"696\" height=\"391\" src=\"https:\/\/canal5.md\/wp-content\/uploads\/2023\/12\/guvernul-republicii-moldova-1-900x505-1-optimized.png\" class=\"attachment-large size-large wp-post-image\" alt=\"\" srcset=\"https:\/\/canal5.md\/wp-content\/uploads\/2023\/12\/guvernul-republicii-moldova-1-900x505-1-optimized.png 900w, https:\/\/canal5.md\/wp-content\/uploads\/2023\/12\/guvernul-republicii-moldova-1-900x505-1-300x168-optimized.png 300w, https:\/\/canal5.md\/wp-content\/uploads\/2023\/12\/guvernul-republicii-moldova-1-900x505-1-768x431-optimized.png 768w, https:\/\/canal5.md\/wp-content\/uploads\/2023\/12\/guvernul-republicii-moldova-1-900x505-1-696x391-optimized.png 696w\">Guvernul a aprobat alocarea a aproape jum\u0103tate de milion de lei pentru C\u0103ile Ferate din Moldova, \u00eens\u0103, aten\u021bie!, nu pentru plata restan\u021belor salariale, ci pentru reabilitarea infrastructurii feroviare. Prin acest proiect, Ministerul Finan\u021belor va aloca fonduri din creditele acordate de BERD \u0219i BEI pentru majorarea capitalului social al \u00centreprinderii. Banii vor fi folosi\u021bi pentru continuarea [\u2026]<\/div>\n","protected":false},"author":1,"featured_media":69019,"comment_status":"closed","ping_status":"closed","sticky":false,"template":"","format":"standard","meta":{"jnews-multi-image_gallery":[],"jnews_single_post":[],"jnews_primary_category":[],"jnews_social_meta":[],"jnews_override_counter":[],"footnotes":""},"categories":[23],"tags":[],"class_list":["post-69018","post","type-post","status-publish","format-standard","has-post-thumbnail","hentry","category-politica_ro"],"_links":{"self":[{"href":"https:\/\/orheifm.live\/index.php\/wp-json\/wp\/v2\/posts\/69018","targetHints":{"allow":["GET"]}}],"collection":[{"href":"https:\/\/orheifm.live\/index.php\/wp-json\/wp\/v2\/posts"}],"about":[{"href":"https:\/\/orheifm.live\/index.php\/wp-json\/wp\/v2\/types\/post"}],"author":[{"embeddable":true,"href":"https:\/\/orheifm.live\/index.php\/wp-json\/wp\/v2\/users\/1"}],"replies":[{"embeddable":true,"href":"https:\/\/orheifm.live\/index.php\/wp-json\/wp\/v2\/comments?post=69018"}],"version-history":[{"count":0,"href":"https:\/\/orheifm.live\/index.php\/wp-json\/wp\/v2\/posts\/69018\/revisions"}],"wp:featuredmedia":[{"embeddable":true,"href":"https:\/\/orheifm.live\/index.php\/wp-json\/wp\/v2\/media\/69019"}],"wp:attachment":[{"href":"https:\/\/orheifm.live\/index.php\/wp-json\/wp\/v2\/media?parent=69018"}],"wp:term":[{"taxonomy":"category","embeddable":true,"href":"https:\/\/orheifm.live\/index.php\/wp-json\/wp\/v2\/categories?post=69018"},{"taxonomy":"post_tag","embeddable":true,"href":"https:\/\/orheifm.live\/index.php\/wp-json\/wp\/v2\/tags?post=69018"}],"curies":[{"name":"wp","href":"https:\/\/api.w.org\/{rel}","templated":true}]}}