{"id":69014,"date":"2025-03-13T21:52:58","date_gmt":"2025-03-13T19:52:58","guid":{"rendered":"https:\/\/orheifm.live\/index.php\/2025\/03\/13\/au-intarziat-ajutorul-au-ascuns-probele-cedo-a-recunoscut-autoritatile-ucrainene-responsabile-pentru-tragedia-din-odesa-din-2-mai-2014-video\/"},"modified":"2025-03-13T21:52:58","modified_gmt":"2025-03-13T19:52:58","slug":"au-intarziat-ajutorul-au-ascuns-probele-cedo-a-recunoscut-autoritatile-ucrainene-responsabile-pentru-tragedia-din-odesa-din-2-mai-2014-video","status":"publish","type":"post","link":"https:\/\/orheifm.live\/index.php\/2025\/03\/13\/au-intarziat-ajutorul-au-ascuns-probele-cedo-a-recunoscut-autoritatile-ucrainene-responsabile-pentru-tragedia-din-odesa-din-2-mai-2014-video\/","title":{"rendered":"Au \u00eent\u00e2rziat ajutorul, au ascuns probele. CEDO a recunoscut autorit\u0103\u021bile ucrainene responsabile pentru tragedia din Odesa din 2 mai 2014 |VIDEO"},"content":{"rendered":"<div>\n<p><strong>Curtea European\u0103 a Drepturilor Omului a recunoscut autorit\u0103\u021bile ucrainene vinovate de decesele din Odesa din data de 2 mai 2014. Atunci, 48 de oameni \u0219i-au pierdut via\u021ba. 42 \u2013 din cauza incendiului, fiind bloca\u021bi \u00een Casa sindicatelor, iar al\u021bi \u0219ase \u2013 \u00eempu\u0219ca\u021bi mortal.<\/strong><br \/>\n<iframe loading=\"lazy\" title=\"YouTube video player\" src=\"https:\/\/www.youtube.com\/embed\/BLcdhZVQys0?si=SbVMDegVW15Kk9Sr\" width=\"560\" height=\"315\" frameborder=\"0\" allowfullscreen=\"allowfullscreen\"><\/iframe><br \/>\nDup\u0103 11 ani, ancheta \u00een acest caz r\u0103m\u00e2ne nefinalizat\u0103, iar mul\u021bi dintre suspec\u021bi nu au fost tra\u0219i la r\u0103spundere.<\/p>\n<p>Rudele a 25 de persoane care au murit \u00een acea zi, precum \u0219i trei persoane care au supravie\u021buit incendiului, au intentat mai multe procese la Strasbourg. \u00cen ciuda diferen\u021belor de opinii dintre participan\u021bii la acele evenimente, to\u021bi reclaman\u021bii au formulat preten\u021bii \u00eempotriva Ucrainei, \u00een primul r\u00e2nd din cauza inac\u021biunii acesteia, subliniind c\u0103 statul ar fi putut preveni consecin\u021bele tragice.<\/p>\n<p>Astfel, Curtea European\u0103 a Drepturilor Omului a decis c\u0103 autorit\u0103\u021bile ucrainene nu au luat m\u0103surile necesare pentru a preveni revoltele \u00een mas\u0103 \u0219i pentru a salva oamenii \u00een timpul unui incendiu \u00een cl\u0103direa Consiliului Sindical regional, \u00een timpul revoltelor \u00een mas\u0103 din Odesa din data de 2 mai 2014.<\/p>\n<p>Astfel, a fost \u00eenc\u0103lcat articolul 2 din Conven\u021bia european\u0103 pentru ap\u0103rarea drepturilor omului \u0219i a libert\u0103\u021bilor fundamentale \u2013 \u201eDreptul la via\u021b\u0103\u201d \u2013 a declarat CEDO \u00eentr-o hot\u0103r\u00e2re publicat\u0103 pe site-ul s\u0103u.<\/p>\n<p>\u201eCurtea constat\u0103 c\u0103 statul p\u00e2r\u00e2t nu a ini\u021biat \u0219i nu a efectuat o anchet\u0103 efectiv\u0103 cu privire la evenimentele tragice din Odesa din 2 mai 2014, care au dus la decesul rudelor a dou\u0103zeci \u0219i cinci de reclaman\u021bi \u0219i au pus \u00een pericol via\u021ba a trei reclaman\u021bi.<\/p>\n<p>Prin urmare, Curtea respinge excep\u021bia preliminar\u0103 a Guvernului, pe care a unit-o anterior cu fondul prezentei pl\u00e2ngeri, \u0219i constat\u0103 o \u00eenc\u0103lcare a aspectului procedural al articolului 2 din Conven\u021bie.\u201d \u2013 se arat\u0103 \u00een opinia CEDO cu privire la unul dintre cazurile examinate privind revoltele de la Odessa.<\/p>\n<p>DECIZIA CEDO PRIVIND VIOLEN\u021aELE DIN ODESSA DIN 2 MAI 2014<\/p>\n<p>\u201eCurtea constat\u0103 c\u0103 statul p\u00e2r\u00e2t nu a ini\u021biat \u0219i nu a efectuat o anchet\u0103 efectiv\u0103 cu privire la evenimentele tragice din Odesa din 2 mai 2014, care au dus la decesul rudelor a dou\u0103zeci \u0219i cinci de reclaman\u021bi \u0219i au pus \u00een pericol via\u021ba a trei reclaman\u021bi.<\/p>\n<p>Prin urmare, Curtea respinge excep\u021bia preliminar\u0103 a Guvernului, pe care a unit-o anterior cu fondul prezentei pl\u00e2ngeri \u0219i constat\u0103 o \u00eenc\u0103lcare a aspectului procedural al articolului 2 din Conven\u021bie.\u201d<\/p>\n<p>Curtea a constatat c\u0103 poli\u021bia din Odessa nu a luat m\u0103suri adecvate pentru a preveni revoltele \u0219i violen\u021bele, de\u0219i dispunea de informa\u021bii opera\u021bionale cu privire la posibile confrunt\u0103ri.<\/p>\n<p>Poli\u021bia nu a intervenit nici atunci c\u00e2nd atacatorii au folosit arme de foc. \u00cen plus, CEDO a constatat c\u0103 sosirea ma\u0219inilor de pompieri la cl\u0103direa \u00een fl\u0103c\u0103ri a Casei sindicatelor a fost \u00eent\u00e2rziat\u0103 \u00een mod deliberat timp de 40 de minute \u0219i c\u0103 poli\u021bia nu a luat m\u0103suri pentru evacuarea persoanelor. De asemenea, potrivit concluziilor Cur\u021bii, autorit\u0103\u021bile locale au distrus \u00een mod deliberat probe sub pretextul cur\u0103\u021b\u0103rii zonei dup\u0103 tragedie.<\/p>\n<p>Pe baza acestor argumente, CEDO a hot\u0103r\u00e2t c\u0103 Ucraina trebuie s\u0103 pl\u0103teasc\u0103 desp\u0103gubiri reclaman\u021bilor: 15 mii de euro pentru fiecare dintre rudele persoanelor decedate, 12 mii de euro pentru rudele supravie\u021buitorilor care au suferit arsuri grave \u0219i 17 mii de euro pentru reclamanta c\u0103reia i-a fost predat cu \u00eent\u00e2rziere trupul tat\u0103lui s\u0103u decedat.<\/p>\n<p>La 2 mai 2014, au avut loc ciocniri de amploare \u00eentre sus\u021bin\u0103torii Euromaidanului \u0219i activi\u0219tii pro-ru\u0219i din Odessa. Tulbur\u0103rile s-au \u00eencheiat cu un incendiu de propor\u021bii \u00een Casa Sindicatelor, care a provocat moartea a 42 de persoane, alte \u0219ase au fost \u00eempu\u0219cate mortal, iar peste 200 de persoane au fost r\u0103nite. Printre mor\u021bi s-au num\u0103rat 7 femei \u0219i 1 minor, n\u0103scut \u00een 1996.<\/p>\n<\/div>\n","protected":false},"excerpt":{"rendered":"<div><img loading=\"lazy\" decoding=\"async\" width=\"696\" height=\"314\" src=\"https:\/\/canal5.md\/wp-content\/uploads\/2025\/03\/blob-3-2-1024x462-optimized.jpg\" class=\"attachment-large size-large wp-post-image\" alt=\"\" srcset=\"https:\/\/canal5.md\/wp-content\/uploads\/2025\/03\/blob-3-2-1024x462-optimized.jpg 1024w, https:\/\/canal5.md\/wp-content\/uploads\/2025\/03\/blob-3-2-300x135-optimized.jpg 300w, https:\/\/canal5.md\/wp-content\/uploads\/2025\/03\/blob-3-2-768x347-optimized.jpg 768w, https:\/\/canal5.md\/wp-content\/uploads\/2025\/03\/blob-3-2-696x314-optimized.jpg 696w, https:\/\/canal5.md\/wp-content\/uploads\/2025\/03\/blob-3-2-optimized.jpg 1035w\">Curtea European\u0103 a Drepturilor Omului a recunoscut autorit\u0103\u021bile ucrainene vinovate de decesele din Odesa din data de 2 mai 2014. Atunci, 48 de oameni \u0219i-au pierdut via\u021ba. 42 \u2013 din cauza incendiului, fiind bloca\u021bi \u00een Casa sindicatelor, iar al\u021bi \u0219ase \u2013 \u00eempu\u0219ca\u021bi mortal. Dup\u0103 11 ani, ancheta \u00een acest caz r\u0103m\u00e2ne nefinalizat\u0103, iar mul\u021bi dintre [\u2026]<\/div>\n","protected":false},"author":1,"featured_media":69015,"comment_status":"closed","ping_status":"closed","sticky":false,"template":"","format":"standard","meta":{"jnews-multi-image_gallery":[],"jnews_single_post":[],"jnews_primary_category":[],"jnews_social_meta":[],"jnews_override_counter":[],"footnotes":""},"categories":[30],"tags":[],"class_list":["post-69014","post","type-post","status-publish","format-standard","has-post-thumbnail","hentry","category-social_ro"],"_links":{"self":[{"href":"https:\/\/orheifm.live\/index.php\/wp-json\/wp\/v2\/posts\/69014","targetHints":{"allow":["GET"]}}],"collection":[{"href":"https:\/\/orheifm.live\/index.php\/wp-json\/wp\/v2\/posts"}],"about":[{"href":"https:\/\/orheifm.live\/index.php\/wp-json\/wp\/v2\/types\/post"}],"author":[{"embeddable":true,"href":"https:\/\/orheifm.live\/index.php\/wp-json\/wp\/v2\/users\/1"}],"replies":[{"embeddable":true,"href":"https:\/\/orheifm.live\/index.php\/wp-json\/wp\/v2\/comments?post=69014"}],"version-history":[{"count":0,"href":"https:\/\/orheifm.live\/index.php\/wp-json\/wp\/v2\/posts\/69014\/revisions"}],"wp:featuredmedia":[{"embeddable":true,"href":"https:\/\/orheifm.live\/index.php\/wp-json\/wp\/v2\/media\/69015"}],"wp:attachment":[{"href":"https:\/\/orheifm.live\/index.php\/wp-json\/wp\/v2\/media?parent=69014"}],"wp:term":[{"taxonomy":"category","embeddable":true,"href":"https:\/\/orheifm.live\/index.php\/wp-json\/wp\/v2\/categories?post=69014"},{"taxonomy":"post_tag","embeddable":true,"href":"https:\/\/orheifm.live\/index.php\/wp-json\/wp\/v2\/tags?post=69014"}],"curies":[{"name":"wp","href":"https:\/\/api.w.org\/{rel}","templated":true}]}}