{"id":69012,"date":"2025-03-13T21:44:26","date_gmt":"2025-03-13T19:44:26","guid":{"rendered":"https:\/\/orheifm.live\/index.php\/2025\/03\/13\/intai-au-facut-apoi-au-gandit-guvernul-avizeaza-critic-crearea-noii-procuraturi-si-avertizeaza-asupra-riscurilor-reorganizarii-video\/"},"modified":"2025-03-13T21:44:26","modified_gmt":"2025-03-13T19:44:26","slug":"intai-au-facut-apoi-au-gandit-guvernul-avizeaza-critic-crearea-noii-procuraturi-si-avertizeaza-asupra-riscurilor-reorganizarii-video","status":"publish","type":"post","link":"https:\/\/orheifm.live\/index.php\/2025\/03\/13\/intai-au-facut-apoi-au-gandit-guvernul-avizeaza-critic-crearea-noii-procuraturi-si-avertizeaza-asupra-riscurilor-reorganizarii-video\/","title":{"rendered":"\u00cent\u00e2i au f\u0103cut, apoi au g\u00e2ndit? Guvernul avizeaz\u0103 critic crearea noii procuraturi \u0219i avertizeaz\u0103 asupra riscurilor reorganiz\u0103rii |VIDEO"},"content":{"rendered":"<div>\n<p><strong>\u00a0Ce a \u00eenceput cu st\u00e2ngul, a\u0219a \u0219i continu\u0103. Guvernul a emis un aviz critic asupra proiectului de lege privind \u00eenfiin\u021barea Procuraturii Anticorup\u021bie \u0219i Combaterea Crimei Organizate. Ministrul Justi\u021biei a confirmat ceea ce a avertizat \u0219i Veronica Dragalin, respectiv c\u0103 desfiin\u021barea procuraturilor specializate \u0219i transferul procurorilor \u00een alte structuri ar putea afecta continuitatea proceselor penale. <\/strong><br \/>\n<iframe loading=\"lazy\" title=\"YouTube video player\" src=\"https:\/\/www.youtube.com\/embed\/F_-u6xXxvgo?si=e16uIdpjIGHE-vND\" width=\"560\" height=\"315\" frameborder=\"0\" allowfullscreen=\"allowfullscreen\"><\/iframe><br \/>\nCa alternativ\u0103, ministerul propune fuzionarea celor dou\u0103 procuraturi, pentru a asigura continuitatea activit\u0103\u021bii \u0219i a p\u0103stra specializarea procurorilor. Guvernul sus\u021bine aceast\u0103 ini\u021biativ\u0103, dar cu o condi\u021bie. Despre ce este vorba, vede\u021bi \u00een material.<\/p>\n<p>Guvernul a avertizat c\u0103 desfiin\u021barea brusc\u0103 a celor dou\u0103 procuraturi specializate, f\u0103r\u0103 un plan clar de tranzi\u021bie, ar putea afecta grav drepturile celor implica\u021bi \u00een procesele penale. De asemenea, Guvernul a subliniat c\u0103 nu exist\u0103 un plan clar pentru preluarea dosarelor aflate \u00een curs, ceea ce ar putea duce la blocaje \u00een sistemul judiciar.<\/p>\n<p>VERONICA MIHAILOR-MORARU, ministra Justi\u021biei<\/p>\n<p>Riscurile asupra c\u0103rora trebuie de lucrat \u00een cadrul proiectului de lege \u0219i consult\u0103rilor publice, care mai urmeaz\u0103 a fi \u00een Parlament, vizeaz\u0103 \u00een primul r\u00e2nd continuitatea dosarelor astfel \u00eenc\u00e2t, \u00een cazul \u00een care se va decide formula final\u0103 privind reorganizarea acestor dou\u0103 procuraturi aceasta nu trebuie s\u0103 afecteze continuitatea examin\u0103rii pe urm\u0103ririle penale care acum sunt \u00een desf\u0103\u0219urare \u0219i cauzele penale care se afl\u0103 \u00een instan\u021bele de judecat\u0103.<\/p>\n<p>De asemenea, un alt risc \u021bine de gradul de specializare a procurorilor av\u00e2nd \u00eenvedere c\u0103 ini\u021biativa legislativ\u0103 propune o form\u0103 de reorganizare mai complex\u0103 care vizeaz\u0103 transferul tuturor procurorilor \u00een procuraturile teritoriale \u0219i respectiv o parte din ei s\u0103 fie delega\u021bi \u0219i s\u0103 se treac\u0103 prin concurs.<\/p>\n<p>Un alt aspect criticat de Guvern este lipsa unui mecanism clar pentru transferul procurorilor \u0219i personalului auxiliar din procuraturile desfiin\u021bate, subliniind riscurile de incertitudine. De asemenea, Executivul a atras aten\u021bia asupra procedurii de transfer a bunurilor \u0219i arhivelor, avertiz\u00e2nd c\u0103 un proces intermediar ar putea duce la pierderea unor documente importante.<\/p>\n<p>Cabinetul de Mini\u0219tri a avertizat c\u0103 proiectul de lege, \u00een forma actual\u0103, poate cauza mai multe probleme dec\u00e2t solu\u021bii \u0219i recomand\u0103 ajust\u0103ri, cum ar fi stabilirea unei perioade de tranzi\u021bie pentru preluarea investiga\u021biilor, clarificarea competen\u021belor PACCO \u0219i asigurarea unui mecanism echitabil de transfer al procurorilor. Prin urmare, Guvernul afirm\u0103 c\u0103 sus\u021bine ini\u021biativa, dar condi\u021bia fiind de revizuire a proiectului, conform observa\u021biilor prezentate.<\/p>\n<p>Amintim c\u0103, proiectul de lege privind crearea Procuraturii Anticorup\u021bie \u0219i Combaterea Crimei Organizate a fost anun\u021bat peste noapte de deputa\u021bii majorit\u0103\u021bii parlamentare f\u0103r\u0103 a fi supus audierilor publice cu institu\u021biile \u0219i persoanele responsabile, a\u0219a cum prevede legea. Mai mult dec\u00e2t at\u00e2t, autorit\u0103\u021bile nu au a\u0219teptat opinia partenerilor interna\u021bionali. Important e de men\u021bionat c\u0103 \u0219i unii parlamentari ai partidului de la putere nu au sus\u021binut ideea. Printre ei se num\u0103r\u0103 Olesea Stamate \u0219i Lilian Carp.<\/p>\n<p>Iar majoritatea expertelor consider\u0103 c\u0103 lichidarea celor dou\u0103 procuraturi se face \u00een principal pentru a sc\u0103pa de Veronica Dragalin.<br \/>\nLa scurt timp de la \u00eenregistrarea acestui proiect, \u0219efa procuraturii Anticorup\u021bie, Veronica Dragalin \u0219i-a anun\u021bat demisia.<\/p>\n<p>\u00centr-un mesaj dur adresat publicului, ea a precizat c\u0103 a depus cerere pentru a preveni lichidarea institu\u021biei pe care o conduce \u0219i care are \u00een derulare dosare importante, ce ar putea s\u0103 stagneze \u00een perioada reorganiz\u0103rii. Dragalin a men\u021bionat c\u0103 prin aprobarea acestei legi va fi transmis mesajul c\u0103 \u201ejusti\u021bia poate fi influen\u021bat\u0103 din capricii politice\u201d. Astfel, a \u00eendemnat parlamentarii s\u0103 voteze \u00eempotriva proiectului.<\/p>\n<p>Recent, \u0219efa procuraturii Anticorup\u021bie, Veronica Dragalin a f\u0103cut mai multe declara\u021bii \u00een care a vorbit despre presiunile din partea actualei guvern\u0103ri. Aceasta a precizat c\u0103 a fost abordat\u0103 de reprezentan\u021bi PAS, care i-ar fi cerut s\u0103 influen\u021beze anumite anchete, spun\u00e2nd c\u0103 de\u021bine probe \u0219i le va prezenta \u201ela momentul potrivit\u201d.<\/p>\n<p>Totodat\u0103, Dragalin a anun\u021bat c\u0103 exist\u0103 desare de corup\u021bie \u00een care sunt viza\u021bi exponen\u021bi ai actualei puteri. \u00cen replic\u0103, fostul procuror, Victoria Furtun\u0103 declara c\u0103 \u00een loc s\u0103 se victimizeze, Dragalin ar trebui s\u0103 ancheteze toate aceste fapte, mai ales din pozi\u021bia pe care o exercita.<\/p>\n<p>Cu referire la ceea ce se \u00eent\u00e2mpl\u0103 \u00een sistemul judiciar, mai mul\u021bi exper\u021bi din domeniu au declarat c\u0103 situa\u021bia se afl\u0103 sub controlul PAS, iar reforma \u00een acest domeniu promovat\u0103 de partidul de guvern\u0103m\u00e2nt nu este dec\u00e2t o cur\u0103\u021bare politic\u0103.<\/p>\n<\/div>\n","protected":false},"excerpt":{"rendered":"<div><img loading=\"lazy\" decoding=\"async\" width=\"696\" height=\"458\" src=\"https:\/\/canal5.md\/wp-content\/uploads\/2024\/03\/539404-17072925147swmy9l-1710317017vwkn9vv-1710919344t3jrttm-jpeg-optimized.webp\" class=\"attachment-large size-large wp-post-image\" alt=\"\" srcset=\"https:\/\/canal5.md\/wp-content\/uploads\/2024\/03\/539404-17072925147swmy9l-1710317017vwkn9vv-1710919344t3jrttm-jpeg-optimized.webp 760w, https:\/\/canal5.md\/wp-content\/uploads\/2024\/03\/539404-17072925147swmy9l-1710317017vwkn9vv-1710919344t3jrttm-300x197-optimized.webp 300w, https:\/\/canal5.md\/wp-content\/uploads\/2024\/03\/539404-17072925147swmy9l-1710317017vwkn9vv-1710919344t3jrttm-696x458-optimized.webp 696w\">\u00a0Ce a \u00eenceput cu st\u00e2ngul, a\u0219a \u0219i continu\u0103. Guvernul a emis un aviz critic asupra proiectului de lege privind \u00eenfiin\u021barea Procuraturii Anticorup\u021bie \u0219i Combaterea Crimei Organizate. Ministrul Justi\u021biei a confirmat ceea ce a avertizat \u0219i Veronica Dragalin, respectiv c\u0103 desfiin\u021barea procuraturilor specializate \u0219i transferul procurorilor \u00een alte structuri ar putea afecta continuitatea proceselor penale. Ca [\u2026]<\/div>\n","protected":false},"author":1,"featured_media":69013,"comment_status":"closed","ping_status":"closed","sticky":false,"template":"","format":"standard","meta":{"jnews-multi-image_gallery":[],"jnews_single_post":[],"jnews_primary_category":[],"jnews_social_meta":[],"jnews_override_counter":[],"footnotes":""},"categories":[30],"tags":[],"class_list":["post-69012","post","type-post","status-publish","format-standard","has-post-thumbnail","hentry","category-social_ro"],"_links":{"self":[{"href":"https:\/\/orheifm.live\/index.php\/wp-json\/wp\/v2\/posts\/69012","targetHints":{"allow":["GET"]}}],"collection":[{"href":"https:\/\/orheifm.live\/index.php\/wp-json\/wp\/v2\/posts"}],"about":[{"href":"https:\/\/orheifm.live\/index.php\/wp-json\/wp\/v2\/types\/post"}],"author":[{"embeddable":true,"href":"https:\/\/orheifm.live\/index.php\/wp-json\/wp\/v2\/users\/1"}],"replies":[{"embeddable":true,"href":"https:\/\/orheifm.live\/index.php\/wp-json\/wp\/v2\/comments?post=69012"}],"version-history":[{"count":0,"href":"https:\/\/orheifm.live\/index.php\/wp-json\/wp\/v2\/posts\/69012\/revisions"}],"wp:featuredmedia":[{"embeddable":true,"href":"https:\/\/orheifm.live\/index.php\/wp-json\/wp\/v2\/media\/69013"}],"wp:attachment":[{"href":"https:\/\/orheifm.live\/index.php\/wp-json\/wp\/v2\/media?parent=69012"}],"wp:term":[{"taxonomy":"category","embeddable":true,"href":"https:\/\/orheifm.live\/index.php\/wp-json\/wp\/v2\/categories?post=69012"},{"taxonomy":"post_tag","embeddable":true,"href":"https:\/\/orheifm.live\/index.php\/wp-json\/wp\/v2\/tags?post=69012"}],"curies":[{"name":"wp","href":"https:\/\/api.w.org\/{rel}","templated":true}]}}