{"id":69010,"date":"2025-03-13T21:37:33","date_gmt":"2025-03-13T19:37:33","guid":{"rendered":"https:\/\/orheifm.live\/index.php\/2025\/03\/13\/accident-grav-in-stefan-voda-un-autocar-s-a-rasturnat-dupa-impactul-cu-un-tractor-sunt-victime-video\/"},"modified":"2025-03-13T21:37:33","modified_gmt":"2025-03-13T19:37:33","slug":"accident-grav-in-stefan-voda-un-autocar-s-a-rasturnat-dupa-impactul-cu-un-tractor-sunt-victime-video","status":"publish","type":"post","link":"https:\/\/orheifm.live\/index.php\/2025\/03\/13\/accident-grav-in-stefan-voda-un-autocar-s-a-rasturnat-dupa-impactul-cu-un-tractor-sunt-victime-video\/","title":{"rendered":"Accident grav \u00een \u0218tefan Vod\u0103: Un autocar s-a r\u0103sturnat dup\u0103 impactul cu un tractor, sunt victime |VIDEO"},"content":{"rendered":"<div>\n<p><strong>Accident grav \u00een raionul \u0218tefan Vod\u0103, pe traseul R-30. Un autocar, care transporta 27 de pasageri, s-a tamponat violent cu un tractor. \u00cen urma incidentului, cinci persoane au ajuns la spital. Potrivit directorului spitalului raional, Mihail Milachi, nici o persoan\u0103 nu se afl\u0103 \u00een stare grav\u0103. <\/strong><br \/>\n<iframe loading=\"lazy\" title=\"YouTube video player\" src=\"https:\/\/www.youtube.com\/embed\/Szgpl_Vd0YM?si=1QlnYHDUgVDaqfct\" width=\"560\" height=\"315\" frameborder=\"0\" allowfullscreen=\"allowfullscreen\"><\/iframe><br \/>\nDin imaginile publicate pe re\u021belele de socializare se vede c\u0103 \u00een urma impactului, autobuzul s-a r\u0103sturnat \u00een afara drumului, iar tractorul a suferit daune semnificative.<\/p>\n<p>Potrivit oamenilor legii, \u0219oferii vehiculelor au fost testa\u021bi alcoolscopic, pentru ambii rezultatul fiind negativ. Oamenii legii documenteaz\u0103 cazul pentru a stabili toate circumstan\u021bele \u00een care s-a produs.<\/p>\n<p>MIHAIL MILACHI, director interimar, Spitalul raional \u0218tefan Vod\u0103<\/p>\n<p>Doar unul \u00een stare grav medie, ceilal\u021bi \u00een stare u\u0219oar\u0103, gravitate u\u0219oar\u0103.<\/p>\n<p>\u2013 Stare medie, ce are?<\/p>\n<p>\u2013 Acolo e contuzie la coloana vertebral\u0103.<\/p>\n<p>\u2013 Dar este \u0219i \u0219oferul printre ei?<\/p>\n<p>\u2013 Da este un \u0219ofer.<\/p>\n<p>Este tractoristul.<\/p>\n<p>Noi \u00eei investig\u0103m \u00een sec\u021bia de internare, nu v\u0103 pot spune o s\u0103-i intern\u0103m sau nu. Merge procesul de examinare.<\/p>\n<\/div>\n","protected":false},"excerpt":{"rendered":"<div><img loading=\"lazy\" decoding=\"async\" width=\"696\" height=\"392\" src=\"https:\/\/canal5.md\/wp-content\/uploads\/2025\/03\/1c880e58bce1802f9fda1aceeca55c40b15b74e045609aa2ad120af158009d15-optimized.png\" class=\"attachment-large size-large wp-post-image\" alt=\"\" srcset=\"https:\/\/canal5.md\/wp-content\/uploads\/2025\/03\/1c880e58bce1802f9fda1aceeca55c40b15b74e045609aa2ad120af158009d15-optimized.png 800w, https:\/\/canal5.md\/wp-content\/uploads\/2025\/03\/1c880e58bce1802f9fda1aceeca55c40b15b74e045609aa2ad120af158009d15-300x169-optimized.png 300w, https:\/\/canal5.md\/wp-content\/uploads\/2025\/03\/1c880e58bce1802f9fda1aceeca55c40b15b74e045609aa2ad120af158009d15-768x432-optimized.png 768w, https:\/\/canal5.md\/wp-content\/uploads\/2025\/03\/1c880e58bce1802f9fda1aceeca55c40b15b74e045609aa2ad120af158009d15-696x392-optimized.png 696w\">Accident grav \u00een raionul \u0218tefan Vod\u0103, pe traseul R-30. Un autocar, care transporta 27 de pasageri, s-a tamponat violent cu un tractor. \u00cen urma incidentului, cinci persoane au ajuns la spital. Potrivit directorului spitalului raional, Mihail Milachi, nici o persoan\u0103 nu se afl\u0103 \u00een stare grav\u0103. Din imaginile publicate pe re\u021belele de socializare se vede [\u2026]<\/div>\n","protected":false},"author":1,"featured_media":69011,"comment_status":"closed","ping_status":"closed","sticky":false,"template":"","format":"standard","meta":{"jnews-multi-image_gallery":[],"jnews_single_post":[],"jnews_primary_category":[],"jnews_social_meta":[],"jnews_override_counter":[],"footnotes":""},"categories":[30],"tags":[],"class_list":["post-69010","post","type-post","status-publish","format-standard","has-post-thumbnail","hentry","category-social_ro"],"_links":{"self":[{"href":"https:\/\/orheifm.live\/index.php\/wp-json\/wp\/v2\/posts\/69010","targetHints":{"allow":["GET"]}}],"collection":[{"href":"https:\/\/orheifm.live\/index.php\/wp-json\/wp\/v2\/posts"}],"about":[{"href":"https:\/\/orheifm.live\/index.php\/wp-json\/wp\/v2\/types\/post"}],"author":[{"embeddable":true,"href":"https:\/\/orheifm.live\/index.php\/wp-json\/wp\/v2\/users\/1"}],"replies":[{"embeddable":true,"href":"https:\/\/orheifm.live\/index.php\/wp-json\/wp\/v2\/comments?post=69010"}],"version-history":[{"count":0,"href":"https:\/\/orheifm.live\/index.php\/wp-json\/wp\/v2\/posts\/69010\/revisions"}],"wp:featuredmedia":[{"embeddable":true,"href":"https:\/\/orheifm.live\/index.php\/wp-json\/wp\/v2\/media\/69011"}],"wp:attachment":[{"href":"https:\/\/orheifm.live\/index.php\/wp-json\/wp\/v2\/media?parent=69010"}],"wp:term":[{"taxonomy":"category","embeddable":true,"href":"https:\/\/orheifm.live\/index.php\/wp-json\/wp\/v2\/categories?post=69010"},{"taxonomy":"post_tag","embeddable":true,"href":"https:\/\/orheifm.live\/index.php\/wp-json\/wp\/v2\/tags?post=69010"}],"curies":[{"name":"wp","href":"https:\/\/api.w.org\/{rel}","templated":true}]}}