{"id":69008,"date":"2025-03-13T21:35:40","date_gmt":"2025-03-13T19:35:40","guid":{"rendered":"https:\/\/orheifm.live\/index.php\/2025\/03\/13\/seful-igp-viorel-cernauteanu-verificat-de-ani-dupa-acuzatii-privind-o-casa-de-lux-video\/"},"modified":"2025-03-13T21:35:40","modified_gmt":"2025-03-13T19:35:40","slug":"seful-igp-viorel-cernauteanu-verificat-de-ani-dupa-acuzatii-privind-o-casa-de-lux-video","status":"publish","type":"post","link":"https:\/\/orheifm.live\/index.php\/2025\/03\/13\/seful-igp-viorel-cernauteanu-verificat-de-ani-dupa-acuzatii-privind-o-casa-de-lux-video\/","title":{"rendered":"\u0218eful IGP, Viorel Cern\u0103u\u021beanu, verificat de ANI dup\u0103 acuza\u021bii privind o cas\u0103 de lux |VIDEO"},"content":{"rendered":"<div>\n<p><strong>Autoritatea Na\u0163ional\u0103 de Integritate a \u00eenceput s\u0103 verifice averea \u015fefului Inspectoratului General de Poli\u0163ie, Viorel Cern\u0103u\u0163eanu. \u00cen cadrul unei emisiuni de la Realitatea live, \u0219eful IGP, a spus c\u0103 pune la dispozi\u021bia inspectorilor toate informa\u021biile solicitate.\u00a0<\/strong><br \/>\n<iframe loading=\"lazy\" title=\"YouTube video player\" src=\"https:\/\/www.youtube.com\/embed\/xjp-aygJkJI?si=7_6sOSgOVmWBDo5k\" width=\"560\" height=\"315\" frameborder=\"0\" allowfullscreen=\"allowfullscreen\"><\/iframe><br \/>\nCernau\u021beanu sus\u021bine ca nu ascunde nimic \u0219i nu are bunuri nedeclarate. Totodat\u0103, el afirm\u0103 c\u0103 tot ce este indicat \u00een declara\u021bie sa de avere are o justificare.<\/p>\n<p>O contesta\u021bie pentru verificarea propriet\u0103\u021bii \u0219efului Inspectoratului General al Poli\u021biei a fost depus\u0103 la Autoritatea Na\u021bional\u0103 de Integritate de c\u0103tre Marina Tauber, membru \u0219i deputat al grupului parlamentar \u201dVictorie\u201d.<\/p>\n<p>Asta dup\u0103 ce liderul Partidului Democra\u021bia Acas\u0103, Vasile Costiuc, a postat pe re\u021belele de socializare un filmule\u021b cu o cas\u0103 luxoas\u0103 din Coloni\u021ba de c\u00e2teva milioane de lei \u0219i a spus c\u0103 acolo locuie\u0219te Viorel Cern\u0103u\u021beanu.<\/p>\n<p>Video-ul publicat de politician a st\u00e2rnit reac\u021bii \u00een spa\u021biul public. Un flashmob cu participarea sus\u021bin\u0103torilor Blocului Victoriei a avut loc l\u00e2ng\u0103 conacul de lux. Reac\u021bion\u00e2nd la valul de critici, \u0219eful IGP a declarat la Jurnal TV c\u0103 casa nu \u00eei apar\u021bine, dar a recunoscut c\u0103 locuie\u0219te \u00een ea.<\/p>\n<p>Potrivit unei anchete a RISE Moldova, so\u021bia \u0219efului Poli\u021biei Na\u021bionale a explicat c\u0103 locuin\u021ba a fost achizi\u021bionat\u0103 cu fonduri c\u00e2\u0219tigate \u00een str\u0103in\u0103tate.<\/p>\n<p>De\u0219i nu se \u0219tie c\u00e2t trebuie s\u0103 lucrezi peste hotare ca s\u0103 c\u00e2\u0219tigi at\u00e2\u021bia bani. Marina Tauber \u0219i-a exprimat speran\u021ba c\u0103 Autoritatea Na\u021bional\u0103 de Integritate o s\u0103-l verifice pe Viorel Cern\u0103u\u021beanu cu aceea\u0219i rigurozitate, aten\u021bie \u0219i seriozitate cu care a verificat-o pe ea.<\/p>\n<\/div>\n","protected":false},"excerpt":{"rendered":"<div><img decoding=\"async\" width=\"696\" height=\"458\" src=\"https:\/\/canal5.md\/wp-content\/uploads\/2025\/03\/751287-optimized.webp\" class=\"attachment-large size-large wp-post-image\" alt=\"\" loading=\"lazy\" srcset=\"https:\/\/canal5.md\/wp-content\/uploads\/2025\/03\/751287-optimized.webp 760w, https:\/\/canal5.md\/wp-content\/uploads\/2025\/03\/751287-300x197-optimized.webp 300w, https:\/\/canal5.md\/wp-content\/uploads\/2025\/03\/751287-696x458-optimized.webp 696w\">Autoritatea Na\u0163ional\u0103 de Integritate a \u00eenceput s\u0103 verifice averea \u015fefului Inspectoratului General de Poli\u0163ie, Viorel Cern\u0103u\u0163eanu. \u00cen cadrul unei emisiuni de la Realitatea live, \u0219eful IGP, a spus c\u0103 pune la dispozi\u021bia inspectorilor toate informa\u021biile solicitate.\u00a0 Cernau\u021beanu sus\u021bine ca nu ascunde nimic \u0219i nu are bunuri nedeclarate. Totodat\u0103, el afirm\u0103 c\u0103 tot ce este indicat [\u2026]<\/div>\n","protected":false},"author":1,"featured_media":69009,"comment_status":"closed","ping_status":"closed","sticky":false,"template":"","format":"standard","meta":{"jnews-multi-image_gallery":[],"jnews_single_post":[],"jnews_primary_category":[],"jnews_social_meta":[],"jnews_override_counter":[],"footnotes":""},"categories":[30],"tags":[],"class_list":["post-69008","post","type-post","status-publish","format-standard","has-post-thumbnail","hentry","category-social_ro"],"_links":{"self":[{"href":"https:\/\/orheifm.live\/index.php\/wp-json\/wp\/v2\/posts\/69008","targetHints":{"allow":["GET"]}}],"collection":[{"href":"https:\/\/orheifm.live\/index.php\/wp-json\/wp\/v2\/posts"}],"about":[{"href":"https:\/\/orheifm.live\/index.php\/wp-json\/wp\/v2\/types\/post"}],"author":[{"embeddable":true,"href":"https:\/\/orheifm.live\/index.php\/wp-json\/wp\/v2\/users\/1"}],"replies":[{"embeddable":true,"href":"https:\/\/orheifm.live\/index.php\/wp-json\/wp\/v2\/comments?post=69008"}],"version-history":[{"count":0,"href":"https:\/\/orheifm.live\/index.php\/wp-json\/wp\/v2\/posts\/69008\/revisions"}],"wp:featuredmedia":[{"embeddable":true,"href":"https:\/\/orheifm.live\/index.php\/wp-json\/wp\/v2\/media\/69009"}],"wp:attachment":[{"href":"https:\/\/orheifm.live\/index.php\/wp-json\/wp\/v2\/media?parent=69008"}],"wp:term":[{"taxonomy":"category","embeddable":true,"href":"https:\/\/orheifm.live\/index.php\/wp-json\/wp\/v2\/categories?post=69008"},{"taxonomy":"post_tag","embeddable":true,"href":"https:\/\/orheifm.live\/index.php\/wp-json\/wp\/v2\/tags?post=69008"}],"curies":[{"name":"wp","href":"https:\/\/api.w.org\/{rel}","templated":true}]}}