{"id":69006,"date":"2025-03-13T21:32:48","date_gmt":"2025-03-13T19:32:48","guid":{"rendered":"https:\/\/orheifm.live\/index.php\/2025\/03\/13\/pas-respinge-propunerea-de-depolitizare-a-cec-si-alte-propuneri-ale-opozitiei-ce-a-raspuns-la-initiativele-grupului-victorie-video\/"},"modified":"2025-03-13T21:32:48","modified_gmt":"2025-03-13T19:32:48","slug":"pas-respinge-propunerea-de-depolitizare-a-cec-si-alte-propuneri-ale-opozitiei-ce-a-raspuns-la-initiativele-grupului-victorie-video","status":"publish","type":"post","link":"https:\/\/orheifm.live\/index.php\/2025\/03\/13\/pas-respinge-propunerea-de-depolitizare-a-cec-si-alte-propuneri-ale-opozitiei-ce-a-raspuns-la-initiativele-grupului-victorie-video\/","title":{"rendered":"PAS respinge propunerea de depolitizare a CEC \u0219i alte propuneri ale opozi\u021biei: ce a r\u0103spuns la ini\u021biativele grupului \u201eVictorie\u201d |VIDEO"},"content":{"rendered":"<div>\n<p><strong>\u00a0Deputa\u021bii grupului parlamentar \u201eVictorie\u201d au solicitat, \u00een cadrul \u0219edin\u021bei de joi a Parlamentului, audierea ministrului de Externe, Mihai Pop\u0219oi. Parlamentarii au vrut s\u0103 afle motivele pentru care Ambasadorul Federa\u021biei Ruse \u00een Republica Moldova, Oleg Ozerov, nu a fost \u00eenc\u0103 invitat s\u0103-\u0219i depun\u0103 scrisorile de acreditare.<\/strong><br \/>\n<iframe loading=\"lazy\" title=\"YouTube video player\" src=\"https:\/\/www.youtube.com\/embed\/VrMgh7-Pbmg?si=aylU4JdOSSiUbdUf\" width=\"560\" height=\"315\" frameborder=\"0\" allowfullscreen=\"allowfullscreen\"><\/iframe><br \/>\nDe asemenea, parlamentarii au propus \u0219i alte ini\u021biative, care, ca de obicei, nu au fost sus\u021binute de majoritatea PAS.<\/p>\n<p>Grupul parlamentar \u201eVictorie\u201d a cerut la \u0219edin\u021ba Parlamentului ca guvernarea s\u0103 respecte legea \u0219i s\u0103 accepte de urgen\u021b\u0103 scrisorile de acreditare ale Ambasadorului Rusiei \u00een Republica Moldova, necesare pentru preluarea oficial\u0103 a mandatului.<\/p>\n<p>REGHINA APOSTOLOVA, deputat Blocul \u201dVictorie\u201d<\/p>\n<p>Propunem s\u0103-l ascult\u0103m pe ministrul de Externe, Mihai Popsoi, pentru ca acesta s\u0103 informeze Parlamentul de ce nu sunt respectate procedura legal\u0103 \u0219i normele interna\u021bionale privind acceptarea scrisorilor acreditate de la Ambasadorul Rusiei \u00een Republica Moldova. Acest proces se prelunge\u0219te de mai multe luni.<\/p>\n<p>Supun votului propunerea doamnei deputat.<\/p>\n<p>Ini\u021biativa a \u00eentrunit 24 de voturi<\/p>\n<p>Insuficiente pentru a fi acceptat\u0103. Nu a avut num\u0103rul necesar de aprob\u0103ri nici propunerea pre\u0219edintelui grupului parlamentar \u201dVictorie\u201d, Vasile Bolea de a fi audiat\u0103 conducerea ministerului Justi\u021biei.<\/p>\n<p>VASILE BOLEA, pre\u0219edintele grupului parlamentar \u201dVictorie\u201d<\/p>\n<p>Solicit\u0103m audierea ministrului Justi\u021biei \u00een leg\u0103tur\u0103 cu implicarea f\u0103r\u0103 precedent a unor structuri necomerciale \u00een activitatea ministerului cu preluarea ilegal\u0103 a unor atribu\u021bii importante. Ba mai mult, aceast\u0103 organiza\u021bie, m\u0103 refer la IPRE, este finan\u021bat\u0103 din exterior, netransparent \u0219i din surse dubioase. Societatea trebuie s\u0103 cunoasc\u0103 pentru cine lucreaz\u0103 Ministerul Justi\u021biei, cine de fapt realizeaz\u0103 politicile \u00een domeniul justi\u021biei din RM.<\/p>\n<p>GROSU<\/p>\n<p>Ini\u021biativa a \u00eentrunit 19 voturi. V\u0103 mul\u021bumesc.<\/p>\n<p>Iar deputatul Alexandr Suhodolski a propus un proiect pentru \u201edepolitizarea CEC\u201d \u0219i asigurarea real\u0103 a independen\u021bei \u0219i profesionalismului acestei institu\u021bii, conform recomand\u0103rilor interna\u021bionale. Ini\u021biativa elaborat\u0103 de Blocul \u201dVictorie\u201d a ob\u021binut doar 22 de voturi.<\/p>\n<p>ALEXANDR SUHODOLSKI, deputat Blocul \u201eVictorie\u201d<\/p>\n<p>Ceea ce avem ast\u0103zi la CEC este o ru\u0219ine na\u021bional\u0103 \u2013 un organism controlat politic folosit ca instrument de presiune asupra opozi\u021biei. Rug\u0103m sus\u021binerea proiectului.<\/p>\n<p>Majoritatea parlamentar\u0103, nedorind s\u0103 piard\u0103 controlul asupra Comisiei Electorale Centrale, a refuzat s\u0103 includ\u0103 proiectul de lege pe ordinea de zi. Tot la \u0219edin\u021ba Parlamentului, deputa\u021bii grupului parlamentar \u201dVictorie\u201d au adus un omagiu celor uci\u0219i \u00een urma atacului cu drone al Ucrainei asupra Moscovei.<\/p>\n<p>Omagiul a fost sus\u021binut doar de deputa\u021bii din frac\u021biunea BCS. Niciunul dintre reprezentan\u021bii guvern\u0103rii nu s-a ridicat din fotolii, pentru a cinsti victimele nevinovate. Mai mult dec\u00e2t at\u00e2t, cineva \u00eei spunea lui Bolea s\u0103-i fie ru\u0219ine pentru aceast\u0103 propunere.<\/p>\n<p>VASILE BOLEA, pre\u0219edintele grupului parlamentar \u201dVictorie\u201d<\/p>\n<p>\u00cen ziua \u00een care noul secretar general OSCE a vizitat Moscova, aceast\u0103 parte beligerant\u0103 a \u00eentreprins un atac cu drone f\u0103r\u0103 precedent asupra capitalei Moscovei. Sunt civili care au fost omor\u00e2\u021bi, r\u0103ni\u021bi<\/p>\n<p>\u00cen memoria mucenicilor acestui r\u0103zboi, propun un minut de reculegere.<\/p>\n<p>Au urma \u00eendemnul lui Vasile Bolea doar deputa\u021bii Blocului Comuni\u0219tilor \u0219i Sociali\u0219tilor \u0219i cei independen\u021bi.<\/p>\n<p>Miercuri diminea\u021b\u0103, Ucraina a atacat capitala Rusiei cu drone, \u00eentr-un atac considerat cel mai mare de p\u00e2n\u0103 acum. Trei persoane au murit \u0219i 18 au fost r\u0103nite, potrivit autorit\u0103\u021bilor ruse. Opozi\u021bia acuz\u0103 majoritatea parlamentar\u0103 PAS de \u00eenc\u0103lcarea sistematic\u0103 a drepturilor lor, propunerile \u00eenaintate fiind permanent ignorate.<\/p>\n<p>Deputa\u021bii grupului \u201eVictorie\u201d sus\u021bin c\u0103 guvernarea actual\u0103 este indiferent\u0103 fa\u021b\u0103 de cet\u0103\u021beni, iar Asocia\u021bia Promo-LEX a semnalat \u00eenc\u0103lc\u0103ri ale Regulamentului Parlamentului, subliniind c\u0103 nu sunt organizate sesiuni dedicate opozi\u021biei, a\u0219a cum ar prevedea normele.<\/p>\n<\/div>\n","protected":false},"excerpt":{"rendered":"<div><img loading=\"lazy\" decoding=\"async\" width=\"696\" height=\"391\" src=\"https:\/\/canal5.md\/wp-content\/uploads\/2024\/11\/poezdki-deputatov-parlamenta-optimized.jpg\" class=\"attachment-large size-large wp-post-image\" alt=\"\" srcset=\"https:\/\/canal5.md\/wp-content\/uploads\/2024\/11\/poezdki-deputatov-parlamenta-optimized.jpg 900w, https:\/\/canal5.md\/wp-content\/uploads\/2024\/11\/poezdki-deputatov-parlamenta-300x168-optimized.jpg 300w, https:\/\/canal5.md\/wp-content\/uploads\/2024\/11\/poezdki-deputatov-parlamenta-768x431-optimized.jpg 768w, https:\/\/canal5.md\/wp-content\/uploads\/2024\/11\/poezdki-deputatov-parlamenta-696x391-optimized.jpg 696w\">\u00a0Deputa\u021bii grupului parlamentar \u201eVictorie\u201d au solicitat, \u00een cadrul \u0219edin\u021bei de joi a Parlamentului, audierea ministrului de Externe, Mihai Pop\u0219oi. Parlamentarii au vrut s\u0103 afle motivele pentru care Ambasadorul Federa\u021biei Ruse \u00een Republica Moldova, Oleg Ozerov, nu a fost \u00eenc\u0103 invitat s\u0103-\u0219i depun\u0103 scrisorile de acreditare. De asemenea, parlamentarii au propus \u0219i alte ini\u021biative, care, ca [\u2026]<\/div>\n","protected":false},"author":1,"featured_media":69007,"comment_status":"closed","ping_status":"closed","sticky":false,"template":"","format":"standard","meta":{"jnews-multi-image_gallery":[],"jnews_single_post":[],"jnews_primary_category":[],"jnews_social_meta":[],"jnews_override_counter":[],"footnotes":""},"categories":[23],"tags":[],"class_list":["post-69006","post","type-post","status-publish","format-standard","has-post-thumbnail","hentry","category-politica_ro"],"_links":{"self":[{"href":"https:\/\/orheifm.live\/index.php\/wp-json\/wp\/v2\/posts\/69006","targetHints":{"allow":["GET"]}}],"collection":[{"href":"https:\/\/orheifm.live\/index.php\/wp-json\/wp\/v2\/posts"}],"about":[{"href":"https:\/\/orheifm.live\/index.php\/wp-json\/wp\/v2\/types\/post"}],"author":[{"embeddable":true,"href":"https:\/\/orheifm.live\/index.php\/wp-json\/wp\/v2\/users\/1"}],"replies":[{"embeddable":true,"href":"https:\/\/orheifm.live\/index.php\/wp-json\/wp\/v2\/comments?post=69006"}],"version-history":[{"count":0,"href":"https:\/\/orheifm.live\/index.php\/wp-json\/wp\/v2\/posts\/69006\/revisions"}],"wp:featuredmedia":[{"embeddable":true,"href":"https:\/\/orheifm.live\/index.php\/wp-json\/wp\/v2\/media\/69007"}],"wp:attachment":[{"href":"https:\/\/orheifm.live\/index.php\/wp-json\/wp\/v2\/media?parent=69006"}],"wp:term":[{"taxonomy":"category","embeddable":true,"href":"https:\/\/orheifm.live\/index.php\/wp-json\/wp\/v2\/categories?post=69006"},{"taxonomy":"post_tag","embeddable":true,"href":"https:\/\/orheifm.live\/index.php\/wp-json\/wp\/v2\/tags?post=69006"}],"curies":[{"name":"wp","href":"https:\/\/api.w.org\/{rel}","templated":true}]}}