{"id":69000,"date":"2025-03-13T21:23:02","date_gmt":"2025-03-13T19:23:02","guid":{"rendered":"https:\/\/orheifm.live\/index.php\/2025\/03\/13\/fost-ministru-de-externe-face-noi-dezvaluiri-despre-situatia-ambasadorului-moldovei-in-sua-video\/"},"modified":"2025-03-13T21:23:02","modified_gmt":"2025-03-13T19:23:02","slug":"fost-ministru-de-externe-face-noi-dezvaluiri-despre-situatia-ambasadorului-moldovei-in-sua-video","status":"publish","type":"post","link":"https:\/\/orheifm.live\/index.php\/2025\/03\/13\/fost-ministru-de-externe-face-noi-dezvaluiri-despre-situatia-ambasadorului-moldovei-in-sua-video\/","title":{"rendered":"Fost ministru de Externe face noi dezv\u0103luiri despre situa\u021bia ambasadorului Moldovei \u00een SUA |VIDEO"},"content":{"rendered":"<div>\n<p><strong>Pre\u0219edintele Partidului Social Democrat European, Tudor Ulianovschi, vine cu noi dezv\u0103luiri. Dup\u0103 ce s\u0103pt\u0103m\u00e2na trecut\u0103 a anun\u021bat c\u0103 SUA au cerut schimbarea ambasadorului Moldovei \u00een Statele Unite, acesta afirm\u0103 acum c\u0103 Viorel Ursu va fi transferat \u00eentr- o alt\u0103 ambasad\u0103. <\/strong><br \/>\n<iframe loading=\"lazy\" title=\"YouTube video player\" src=\"https:\/\/www.youtube.com\/embed\/63NwgK2xOP4?si=eAtCrRGBendILUje\" width=\"560\" height=\"315\" frameborder=\"0\" allowfullscreen=\"allowfullscreen\"><\/iframe><br \/>\n\u00centr-o postare pe canalul s\u0103u de Telegram, Ulianovschi sus\u021bine c\u0103 \u201es-a cerut deja agrementul\u201d pentru Portugalia, iar Guvernul va aproba mutarea imediat ce se prime\u0219te r\u0103spunsul.<\/p>\n<p>\u201dA\u0219tept ca \u201eexper\u021bii\u201d de serviciu s\u0103 recunoasc\u0103 \u2013 Ulianovschi a avut dreptate!\u201d, a scris fostul ministru de Externe pe Facebook. El a ad\u0103ugat c\u0103, dup\u0103 vizita lui Popu\u0219oi \u00een SUA la sf\u00e2r\u0219itul lunii martie, va dezv\u0103lui cine va prelua func\u021bia de ambasador \u00een Statele Unite.<\/p>\n<p>Ulianovschi a anun\u021bat s\u0103pt\u0103m\u00e2na trecut\u0103 c\u0103 Moldova ar putea r\u0103m\u00e2ne f\u0103r\u0103 ambasador \u00een SUA din cauza \u201edeclara\u021biilor iresponsabile ale conducerii PAS fa\u021b\u0103 de Donald Trump \u0219i Statele Unite\u201d. Ministerul Afacerilor Externe nu a confirmat \u0219i nici nu a infirmat informa\u021biile dezv\u0103luite.<\/p>\n<\/div>\n","protected":false},"excerpt":{"rendered":"<div><img loading=\"lazy\" decoding=\"async\" width=\"684\" height=\"562\" src=\"https:\/\/canal5.md\/wp-content\/uploads\/2025\/03\/blob-10-optimized.jpg\" class=\"attachment-large size-large wp-post-image\" alt=\"\" srcset=\"https:\/\/canal5.md\/wp-content\/uploads\/2025\/03\/blob-10-optimized.jpg 684w, https:\/\/canal5.md\/wp-content\/uploads\/2025\/03\/blob-10-300x246-optimized.jpg 300w\">Pre\u0219edintele Partidului Social Democrat European, Tudor Ulianovschi, vine cu noi dezv\u0103luiri. Dup\u0103 ce s\u0103pt\u0103m\u00e2na trecut\u0103 a anun\u021bat c\u0103 SUA au cerut schimbarea ambasadorului Moldovei \u00een Statele Unite, acesta afirm\u0103 acum c\u0103 Viorel Ursu va fi transferat \u00eentr- o alt\u0103 ambasad\u0103. \u00centr-o postare pe canalul s\u0103u de Telegram, Ulianovschi sus\u021bine c\u0103 \u201es-a cerut deja agrementul\u201d pentru [\u2026]<\/div>\n","protected":false},"author":1,"featured_media":69001,"comment_status":"closed","ping_status":"closed","sticky":false,"template":"","format":"standard","meta":{"jnews-multi-image_gallery":[],"jnews_single_post":[],"jnews_primary_category":[],"jnews_social_meta":[],"jnews_override_counter":[],"footnotes":""},"categories":[23],"tags":[],"class_list":["post-69000","post","type-post","status-publish","format-standard","has-post-thumbnail","hentry","category-politica_ro"],"_links":{"self":[{"href":"https:\/\/orheifm.live\/index.php\/wp-json\/wp\/v2\/posts\/69000","targetHints":{"allow":["GET"]}}],"collection":[{"href":"https:\/\/orheifm.live\/index.php\/wp-json\/wp\/v2\/posts"}],"about":[{"href":"https:\/\/orheifm.live\/index.php\/wp-json\/wp\/v2\/types\/post"}],"author":[{"embeddable":true,"href":"https:\/\/orheifm.live\/index.php\/wp-json\/wp\/v2\/users\/1"}],"replies":[{"embeddable":true,"href":"https:\/\/orheifm.live\/index.php\/wp-json\/wp\/v2\/comments?post=69000"}],"version-history":[{"count":0,"href":"https:\/\/orheifm.live\/index.php\/wp-json\/wp\/v2\/posts\/69000\/revisions"}],"wp:featuredmedia":[{"embeddable":true,"href":"https:\/\/orheifm.live\/index.php\/wp-json\/wp\/v2\/media\/69001"}],"wp:attachment":[{"href":"https:\/\/orheifm.live\/index.php\/wp-json\/wp\/v2\/media?parent=69000"}],"wp:term":[{"taxonomy":"category","embeddable":true,"href":"https:\/\/orheifm.live\/index.php\/wp-json\/wp\/v2\/categories?post=69000"},{"taxonomy":"post_tag","embeddable":true,"href":"https:\/\/orheifm.live\/index.php\/wp-json\/wp\/v2\/tags?post=69000"}],"curies":[{"name":"wp","href":"https:\/\/api.w.org\/{rel}","templated":true}]}}