{"id":68998,"date":"2025-03-13T21:15:44","date_gmt":"2025-03-13T19:15:44","guid":{"rendered":"https:\/\/orheifm.live\/index.php\/2025\/03\/13\/dumitru-alaiba-paraseste-ministerul-economiei-dar-sustine-ca-va-continua-sa-serveasca-actul-guvernarii\/"},"modified":"2025-03-13T21:15:44","modified_gmt":"2025-03-13T19:15:44","slug":"dumitru-alaiba-paraseste-ministerul-economiei-dar-sustine-ca-va-continua-sa-serveasca-actul-guvernarii","status":"publish","type":"post","link":"https:\/\/orheifm.live\/index.php\/2025\/03\/13\/dumitru-alaiba-paraseste-ministerul-economiei-dar-sustine-ca-va-continua-sa-serveasca-actul-guvernarii\/","title":{"rendered":"Dumitru Alaiba p\u0103r\u0103se\u0219te Ministerul Economiei, dar sus\u021bine c\u0103 va continua s\u0103 serveasc\u0103 actul guvern\u0103rii"},"content":{"rendered":"<div>\n<p><strong>\u00a0Cunoscut pentru r\u0103zboiul cu \u0219tampile \u0219i h\u00e2r\u021boaje, pe care, se pare, l-a dus doar pe re\u021bele de socializare, Dumitru Alaiba pleac\u0103 din func\u021bia de Ministru al Economiei \u0219i Digitaliz\u0103rii. El a f\u0103cut anun\u021bul \u00eentr-o postare de Facebook \u00een care a scris c\u0103 \u0219edin\u021ba de miercuri a Guvernului este ultima la care particip\u0103. <\/strong><br \/>\n<iframe loading=\"lazy\" title=\"YouTube video player\" src=\"https:\/\/www.youtube.com\/embed\/mQEtyIHjDZM?si=q9q2LKcqh9ILTWTv\" width=\"560\" height=\"315\" frameborder=\"0\" allowfullscreen=\"allowfullscreen\"><\/iframe><br \/>\nDemnitarul, mandatul c\u0103ruia a fost marcat de plecarea mai multor companii din \u021bar\u0103, nu a men\u021bionat motivele ce l-au f\u0103cut s\u0103 demisioneze, dar a scris \u00een postarea sa c\u0103 \u201dacum este nevoie de urm\u0103torul pas\u201d.<\/p>\n<p>De\u0219i a vrut s\u0103 sugereze c\u0103 nu renun\u021b\u0103 la actul guvern\u0103rii, \u0219i probabil s\u0103-i lini\u0219teasc\u0103 pe cei care-i regret\u0103 decizia, cu toate c\u0103 nu s-au observat din \u0103\u0219tia, postarea sa de pe re\u021belele de socializare a st\u00e2rnit un val de comentarii, multe dintre care critice. Dorin Recean, anun\u021b\u00e2nd \u00een cadrul guvernului plecarea lui Alaiba, i-a mul\u021bumit pentru eforturile depuse \u00een aceast\u0103 func\u021bie.<\/p>\n<p>Vicepremierul Dumitru Alaiba, ministrul Dezvolt\u0103rii Economice \u0219i Digitaliz\u0103rii, \u0219i-a anun\u021bat demisia. \u00centr-o postare pe re\u021belele de socializare, acesta a scris c\u0103 merge la ultima \u0219edin\u021b\u0103 de guvern.<\/p>\n<p>\u201dAu fost doi ani jum\u0103tate de munc\u0103 enorm\u0103, \u00een care am dat toate cuno\u0219tin\u021bele \u0219i energia mea ca s\u0103 mi\u0219c\u0103m lucrurile \u00eenainte. Acum este nevoie de urm\u0103torul pas. Voi continua s\u0103 servesc interesele \u021b\u0103rii oric\u00e2t va fi nevoie \u0219i oriunde voi fi.<\/p>\n<p>Am pus fundamentul stabilit\u0103\u021bii economice \u0219i, la aceast\u0103 etap\u0103, cred c\u0103 este nevoie de un impuls nou, care s\u0103 accelereze procesele \u00eencepute pentru a asigura cre\u0219tere economic\u0103\u201d, a men\u021bionat Alaiba pe De\u0219i nu se vede nici urm\u0103 de fundament \u00een economie, a\u0219a cum a afirmat demnitarul PAS.<\/p>\n<p>Postarea sa a st\u00e2rnit un val de comentarii, multe dintre care critice. Unul dintre internau\u021bi a scris c\u0103 au fost \u201ddoi ani de munc\u0103 enorm\u0103 \u00een defavoarea acestei \u021b\u0103ri. S\u0103 doreasc\u0103 cineva s\u0103 fac\u0103 mai mult r\u0103u acestei \u021b\u0103ri dec\u00e2t ai f\u0103cut tu, Dima, cu certitudine nu reu\u0219e\u0219te. Tu te duci acum, dosarele te ajung din spate c\u00e2t de rapid\u201d.<\/p>\n<p>Iar \u00eentr-un alt comentariu se spune c\u0103, \u201dministrul Economiei, Dumitru Alaiba, fuge de pe corabia care se scufund\u0103. Prea t\u00e2rziu!\u201dTotodat\u0103, o alt\u0103 internaut\u0103 la \u00eentrebat\u00a0 \u201dde ce to\u021bi pleca\u021bi, v\u0103 speria\u021bi de greut\u0103\u021bi sau ceda\u021bi \u00een fa\u021ba du\u0219manilor?\u201d<\/p>\n<p>Dima a plecat, Dima nu mai este. Dar nu tu Dima ne promiteai cre\u0219tere economic\u0103 de 10 la sut\u0103? unde te-ai dus Dima \u0219i ai l\u0103sat \u021bara aceasta cu 0,6 cre\u0219tere economic\u0103. Drum bun, Dima.<\/p>\n<p>Chiar dac\u0103 infla\u021bia r\u0103m\u00e2ne o provocare pentru \u021bara noastr\u0103, pre\u021burile nu s-au echilibrat, iar economia este aproape \u00een colaps, Dorin Recean, \u0219eful guvernului, principala institu\u021bie din stat, care r\u0103spunde de gestionarea economiei na\u021bionale, sus\u021bine c\u0103 este mul\u021bumit de activitatea ministrului Economiei, Dumitru Alaiba. Un specialist mai bun dec\u00e2t altul.<\/p>\n<p>DORIN RECEAN, premierul Republicii Moldova<\/p>\n<p>Un efort enorm \u00een condi\u021biile de ast\u0103zi s\u0103 asigur\u0103m stabilitatea economic\u0103, dar foarte important, s\u0103pt\u0103m\u00e2na trecut\u0103 pentru prima dat\u0103 \u00een ultimii, de la independen\u021b\u0103 \u00eencoace, noi avem o apreciere pozitiv\u0103 a mediului economic \u00een RM.<\/p>\n<p>Dumitru se odihne\u0219te dou\u0103 s\u0103pt\u0103m\u00e2ni \u0219i o s\u0103 vin\u0103 \u00eenapoi cu noi.<\/p>\n<p>Iar purt\u0103torul de cuv\u00e2nt al premierului a declarat c\u0103 Dorin Recean a f\u0103cut o glum\u0103 despre revenirea lui Alaiba.<\/p>\n<p>DANIEL VOD\u0102 purt\u0103torul de cuv\u00e2nt al premierului<\/p>\n<p>La final, domnul prim-ministru a glumit \u0219i a spus c\u0103 dl Alaiba va face o pauz\u0103 dup\u0103 care se ve reg\u0103si din nou, \u00een dou\u0103 s\u0103pt\u0103m\u00e2ni \u00een echipa de guvernare, \u00eensemn\u00e2nd c\u0103 este un membru pre\u021bios. Toate anun\u021burile despre aplicarea abilit\u0103\u021bilor profesionale ale dlui Alaiba urmeaz\u0103 s\u0103 fie f\u0103cute la timpul potrivit.<\/p>\n<p>Recean nu a anun\u021bat \u00eens\u0103 cine va conduce \u00een continuare unul dintre cele mai importante ministere ale \u021b\u0103rii, de parc\u0103 nici n-ar conta.<\/p>\n<p>\u00cen ce-l prive\u0219te pe Alaiba, spun unii exper\u021bii din domeniu, acesta pleac\u0103 \u00eentr-un context \u00een care economia se afl\u0103 la p\u0103m\u00e2nt, fiind sus\u021binut\u0103 \u00een continuare, ca \u0219i p\u00e2n\u0103 acum, de remiten\u021bele moldovenilor din diaspora. Deci, nu s-a realizat nicio reform\u0103 semnificativ\u0103 care s\u0103 fi relansat economia \u0219i industria, pentru ca Moldova s\u0103 nu mai depind\u0103 de ajutoarele externe.<\/p>\n<p>Ministrul Economiei a reu\u0219it s\u0103 distrug\u0103 \u00eens\u0103 ceea ce func\u021biona. El a lichidat patenta de \u00eentreprinz\u0103tor pentru comercian\u021bii cu am\u0103nuntul la tarabe, tejghele, tonete, \u00een chio\u0219curi, pavilioane \u0219i autovehicule, iar zeci mii de oameni au r\u0103mas pe drumuri. \u00cen acela\u0219i timp, \u00een loc s\u0103 se laude cu investi\u021bii semnificative \u0219i contracte de milioane, Alaiba s-a m\u00e2ndrit cu faptul c\u0103 Moldova a exportat pu\u021bin usturoi \u00een Europa.<\/p>\n<p>Nu \u0219tim dac\u0103, prin asta, i-a ajutat tare pe produc\u0103torii autohtoni, dar pe cump\u0103r\u0103tori sigur nu, pentru c\u0103 \u0219i acum, pe rafturile magazinelor din \u021bar\u0103, practic nu g\u0103sim usturoi autohton, ci mai degrab\u0103 importat din China sau Egipt.<\/p>\n<p>Totodat\u0103, ministrul Dezvolt\u0103rii Economice \u0219i Digitaliz\u0103rii, Dumitru Alaiba a scris pe re\u021belele de socializare c\u0103 a adunat toate \u0219tampilele din cadrul institu\u021biei \u0219i le-a \u00eencuiat \u00eentr-un safeu.<\/p>\n<p>Preciz\u0103m c\u0103, pe timpul c\u00e2nd Alaiba a fost ministru al Economiei \u0219i-au sistat activitate \u0219i doi mari investitori str\u0103ini \u00een Republica Moldova, compania japonez\u0103 Fujikura \u0219i cea german\u0103 Coroplast din C\u0103u\u0219eni. Cele dou\u0103 companii au plecat din \u021bara noastr\u0103 deoarece contractele \u00een baza c\u0103rora fabricau cablaje pentru ma\u0219ini au expirat, iar altele noi nu au fost \u00eencheiate.<\/p>\n<p>Economi\u0219tii au eviden\u021biat de nenum\u0103rate ori responsabilitatea ministrului \u00een aceast\u0103 situa\u021bie, din cauza absen\u021bei unei strategii clare \u0219i a lipsei de eforturi pentru a salva situa\u021bia.<br \/>\nLa fel, Dumitru Alaiba, a fost surprins st\u00e2nd cu ochii \u00eenchi\u0219i \u0219i c\u0103\u0219tile \u00een urechi \u00een timpul unei \u0219edin\u021be a Parlamentului, pe c\u00e2nd era deputat din partea PAS, poza ajung\u00e2nd viral\u0103 pe re\u021belele de socializare.<\/p>\n<p>\u00cen calitate de deputat PAS, \u00een 2022, Alaiba a \u00eencasat aproximativ<br \/>\n225.000 de lei de la Parlament, iar \u00een 2023, conform declara\u021biei sale de avere, ministrul Economiei a primit un salariu de aproximativ<br \/>\n576.000 de lei de la Guvern.<\/p>\n<p>Amintim c\u0103 Dumitru Alaiba a devenit viceprim-ministru \u0219i ministru al Economiei \u00een Guvernul Gavrili\u021ba \u00een 2022, iar odat\u0103 cu numirea unui nou Executiv \u0219i reformarea institu\u021biei, \u00een februarie 2023, a preluat func\u021bia de viceprim-ministru \u0219i ministru al Dezvolt\u0103rii Economice \u0219i Digitaliz\u0103rii \u00een Guvernul Recean.<\/p>\n<p>\u00cenainte de a se al\u0103tura Guvernului, Alaiba a fost pre\u0219edinte al Comisiei parlamentare pentru economie, buget \u0219i finan\u021be. Despre acesta, mul\u021bi internau\u021bi scriau c\u0103 ar fi trebuit s\u0103 plece \u00eenc\u0103 la primele remanieri f\u0103cute \u00een guvernul PAS.<\/p>\n<\/div>\n","protected":false},"excerpt":{"rendered":"<div><img loading=\"lazy\" decoding=\"async\" width=\"696\" height=\"458\" src=\"https:\/\/canal5.md\/wp-content\/uploads\/2025\/03\/802975-optimized.webp\" class=\"attachment-large size-large wp-post-image\" alt=\"\" srcset=\"https:\/\/canal5.md\/wp-content\/uploads\/2025\/03\/802975-optimized.webp 760w, https:\/\/canal5.md\/wp-content\/uploads\/2025\/03\/802975-300x197-optimized.webp 300w, https:\/\/canal5.md\/wp-content\/uploads\/2025\/03\/802975-696x458-optimized.webp 696w\">\u00a0Cunoscut pentru r\u0103zboiul cu \u0219tampile \u0219i h\u00e2r\u021boaje, pe care, se pare, l-a dus doar pe re\u021bele de socializare, Dumitru Alaiba pleac\u0103 din func\u021bia de Ministru al Economiei \u0219i Digitaliz\u0103rii. El a f\u0103cut anun\u021bul \u00eentr-o postare de Facebook \u00een care a scris c\u0103 \u0219edin\u021ba de miercuri a Guvernului este ultima la care particip\u0103. Demnitarul, mandatul c\u0103ruia [\u2026]<\/div>\n","protected":false},"author":1,"featured_media":68999,"comment_status":"closed","ping_status":"closed","sticky":false,"template":"","format":"standard","meta":{"jnews-multi-image_gallery":[],"jnews_single_post":[],"jnews_primary_category":[],"jnews_social_meta":[],"jnews_override_counter":[],"footnotes":""},"categories":[29],"tags":[],"class_list":["post-68998","post","type-post","status-publish","format-standard","has-post-thumbnail","hentry","category-externe_ro"],"_links":{"self":[{"href":"https:\/\/orheifm.live\/index.php\/wp-json\/wp\/v2\/posts\/68998","targetHints":{"allow":["GET"]}}],"collection":[{"href":"https:\/\/orheifm.live\/index.php\/wp-json\/wp\/v2\/posts"}],"about":[{"href":"https:\/\/orheifm.live\/index.php\/wp-json\/wp\/v2\/types\/post"}],"author":[{"embeddable":true,"href":"https:\/\/orheifm.live\/index.php\/wp-json\/wp\/v2\/users\/1"}],"replies":[{"embeddable":true,"href":"https:\/\/orheifm.live\/index.php\/wp-json\/wp\/v2\/comments?post=68998"}],"version-history":[{"count":0,"href":"https:\/\/orheifm.live\/index.php\/wp-json\/wp\/v2\/posts\/68998\/revisions"}],"wp:featuredmedia":[{"embeddable":true,"href":"https:\/\/orheifm.live\/index.php\/wp-json\/wp\/v2\/media\/68999"}],"wp:attachment":[{"href":"https:\/\/orheifm.live\/index.php\/wp-json\/wp\/v2\/media?parent=68998"}],"wp:term":[{"taxonomy":"category","embeddable":true,"href":"https:\/\/orheifm.live\/index.php\/wp-json\/wp\/v2\/categories?post=68998"},{"taxonomy":"post_tag","embeddable":true,"href":"https:\/\/orheifm.live\/index.php\/wp-json\/wp\/v2\/tags?post=68998"}],"curies":[{"name":"wp","href":"https:\/\/api.w.org\/{rel}","templated":true}]}}