{"id":68995,"date":"2025-03-13T21:10:55","date_gmt":"2025-03-13T19:10:55","guid":{"rendered":"https:\/\/orheifm.live\/index.php\/2025\/03\/13\/acces-doar-pentru-cei-galbeni-inca-unui-media-i-s-a-refuzat-acreditarea-la-presedintie\/"},"modified":"2025-03-13T21:10:55","modified_gmt":"2025-03-13T19:10:55","slug":"acces-doar-pentru-cei-galbeni-inca-unui-media-i-s-a-refuzat-acreditarea-la-presedintie","status":"publish","type":"post","link":"https:\/\/orheifm.live\/index.php\/2025\/03\/13\/acces-doar-pentru-cei-galbeni-inca-unui-media-i-s-a-refuzat-acreditarea-la-presedintie\/","title":{"rendered":"Acces doar pentru cei galbeni. \u00cenca unui media i s-a refuzat acreditarea la Pre\u0219edin\u021bie"},"content":{"rendered":"<div>\n<p>Refuzul Pre\u0219edin\u021biei de acreditare a jurnali\u0219tilor nevopsi\u021bi cu galben reprezint\u0103 o \u00eenc\u0103lcare grav\u0103 a libert\u0103\u021bii presei \u0219i a dreptului cet\u0103\u021benilor la informare.<\/p>\n<p>Transparen\u021ba institu\u021biilor statului nu este un privilegiu acordat presei favorizate, ci o obliga\u021bie democratic\u0103 fa\u021b\u0103 de to\u021bi cet\u0103\u021benii.<\/p>\n<p>Orice tentativ\u0103 de selectare arbitrar\u0103 a jurnali\u0219tilor c\u0103rora li se permite accesul la informa\u021bii oficiale este o form\u0103 de cenzur\u0103, incompatibil\u0103 cu principiile unei democra\u021bii autentice. Libertatea presei \u00eenseamn\u0103 pluralism, nu doar voci care laud\u0103 puterea.<\/p>\n<p>\u00cen urma refuzului, anun\u021b\u0103m c\u0103, \u00eencep\u00e2nd de luni, 17 martie, vom aplica urm\u0103toarele m\u0103suri editoriale:<\/p>\n<p>1. Reducerea frecven\u021bei de publicare a \u0219tirilor care prezint\u0103 pozitiv activitatea pre\u0219edintelui.<\/p>\n<p>2. Excluderea numelui Maia Sandu din articolele noastre, acesta fiind \u00eenlocuit cu \u201ePre\u0219edin\u021bia\u201d, \u201epre\u0219edintele\u201d sau \u201e\u0219eful statului\u201d.<\/p>\n<p>3. Limitarea difuz\u0103rii imaginilor \u00een care apare Maia Sandu, acestea fiind \u00eenlocuite cu imagini ale Pre\u0219edin\u021biei, portretul lui Codru\u021b sau alte imagini relevante.<\/p>\n<p>Aceste m\u0103suri vor r\u0103m\u00e2ne \u00een vigoare p\u00e2n\u0103 c\u00e2nd se va asigura accesul liber al presei la activitatea Pre\u0219edin\u021biei. O pres\u0103 independent\u0103 \u0219i critic\u0103 este un pilon fundamental al democra\u021biei, iar cenzura, indiferent de forma sa, trebuie respins\u0103 ferm.<img loading=\"lazy\" decoding=\"async\" class=\"alignnone size-full wp-image-80839\" src=\"https:\/\/orheifm.live\/wp-content\/uploads\/2025\/03\/img_0727-1104x1536-1-optimized.jpeg\" alt=\"\" width=\"1104\" height=\"1536\" srcset=\"https:\/\/orheifm.live\/wp-content\/uploads\/2025\/03\/img_0727-1104x1536-1-optimized.jpeg 1104w, https:\/\/canal5.md\/wp-content\/uploads\/2025\/03\/img_0727-1104x1536-1-216x300-optimized.jpeg 216w, https:\/\/canal5.md\/wp-content\/uploads\/2025\/03\/img_0727-1104x1536-1-736x1024-optimized.jpeg 736w, https:\/\/canal5.md\/wp-content\/uploads\/2025\/03\/img_0727-1104x1536-1-768x1069-optimized.jpeg 768w, https:\/\/canal5.md\/wp-content\/uploads\/2025\/03\/img_0727-1104x1536-1-696x968-optimized.jpeg 696w, https:\/\/canal5.md\/wp-content\/uploads\/2025\/03\/img_0727-1104x1536-1-1068x1486-optimized.jpeg 1068w\" sizes=\"auto, (max-width: 1104px) 100vw, 1104px\"><\/p>\n<\/div>\n","protected":false},"excerpt":{"rendered":"<div><img loading=\"lazy\" decoding=\"async\" width=\"696\" height=\"435\" src=\"https:\/\/canal5.md\/wp-content\/uploads\/2025\/03\/img_0784-800x500-1-optimized.jpeg\" class=\"attachment-large size-large wp-post-image\" alt=\"\" srcset=\"https:\/\/canal5.md\/wp-content\/uploads\/2025\/03\/img_0784-800x500-1-optimized.jpeg 800w, https:\/\/canal5.md\/wp-content\/uploads\/2025\/03\/img_0784-800x500-1-300x188-optimized.jpeg 300w, https:\/\/canal5.md\/wp-content\/uploads\/2025\/03\/img_0784-800x500-1-768x480-optimized.jpeg 768w, https:\/\/canal5.md\/wp-content\/uploads\/2025\/03\/img_0784-800x500-1-696x435-optimized.jpeg 696w\">Refuzul Pre\u0219edin\u021biei de acreditare a jurnali\u0219tilor nevopsi\u021bi cu galben reprezint\u0103 o \u00eenc\u0103lcare grav\u0103 a libert\u0103\u021bii presei \u0219i a dreptului cet\u0103\u021benilor la informare. Transparen\u021ba institu\u021biilor statului nu este un privilegiu acordat presei favorizate, ci o obliga\u021bie democratic\u0103 fa\u021b\u0103 de to\u021bi cet\u0103\u021benii. Orice tentativ\u0103 de selectare arbitrar\u0103 a jurnali\u0219tilor c\u0103rora li se permite accesul la informa\u021bii oficiale [\u2026]<\/div>\n","protected":false},"author":1,"featured_media":68996,"comment_status":"closed","ping_status":"closed","sticky":false,"template":"","format":"standard","meta":{"jnews-multi-image_gallery":[],"jnews_single_post":[],"jnews_primary_category":[],"jnews_social_meta":[],"jnews_override_counter":[],"footnotes":""},"categories":[23],"tags":[],"class_list":["post-68995","post","type-post","status-publish","format-standard","has-post-thumbnail","hentry","category-politica_ro"],"_links":{"self":[{"href":"https:\/\/orheifm.live\/index.php\/wp-json\/wp\/v2\/posts\/68995","targetHints":{"allow":["GET"]}}],"collection":[{"href":"https:\/\/orheifm.live\/index.php\/wp-json\/wp\/v2\/posts"}],"about":[{"href":"https:\/\/orheifm.live\/index.php\/wp-json\/wp\/v2\/types\/post"}],"author":[{"embeddable":true,"href":"https:\/\/orheifm.live\/index.php\/wp-json\/wp\/v2\/users\/1"}],"replies":[{"embeddable":true,"href":"https:\/\/orheifm.live\/index.php\/wp-json\/wp\/v2\/comments?post=68995"}],"version-history":[{"count":0,"href":"https:\/\/orheifm.live\/index.php\/wp-json\/wp\/v2\/posts\/68995\/revisions"}],"wp:featuredmedia":[{"embeddable":true,"href":"https:\/\/orheifm.live\/index.php\/wp-json\/wp\/v2\/media\/68996"}],"wp:attachment":[{"href":"https:\/\/orheifm.live\/index.php\/wp-json\/wp\/v2\/media?parent=68995"}],"wp:term":[{"taxonomy":"category","embeddable":true,"href":"https:\/\/orheifm.live\/index.php\/wp-json\/wp\/v2\/categories?post=68995"},{"taxonomy":"post_tag","embeddable":true,"href":"https:\/\/orheifm.live\/index.php\/wp-json\/wp\/v2\/tags?post=68995"}],"curies":[{"name":"wp","href":"https:\/\/api.w.org\/{rel}","templated":true}]}}