{"id":68953,"date":"2025-03-13T11:20:58","date_gmt":"2025-03-13T09:20:58","guid":{"rendered":"https:\/\/orheifm.live\/index.php\/2025\/03\/13\/motociclist-ranit-dupa-ce-a-fost-lovit-de-un-politist-in-afacerea-orelor-de-serviciu\/"},"modified":"2025-03-13T11:20:58","modified_gmt":"2025-03-13T09:20:58","slug":"motociclist-ranit-dupa-ce-a-fost-lovit-de-un-politist-in-afacerea-orelor-de-serviciu","status":"publish","type":"post","link":"https:\/\/orheifm.live\/index.php\/2025\/03\/13\/motociclist-ranit-dupa-ce-a-fost-lovit-de-un-politist-in-afacerea-orelor-de-serviciu\/","title":{"rendered":"Motociclist r\u0103nit dup\u0103 ce a fost lovit de un poli\u021bist \u00een afacerea orelor de serviciu"},"content":{"rendered":"<div>\n<p><strong>Un t\u00e2n\u0103r a ajuns la spital dup\u0103 ce motocicleta sa a fost lovit\u0103 de un automobil condus de un poli\u021bist. Accidentul a avut loc mar\u021bi seara, \u00een jurul orei 18:40, pe strada Nicolae Milescu Sp\u0103taru, \u00een sectorul Ciocana din Chi\u0219in\u0103u.<\/strong><\/p>\n<p>Victima, un b\u0103rbat de 29 de ani, se afla pe o motociclet\u0103 Suzuki c\u00e2nd a fost lovit de un automobil Toyota, la volanul c\u0103ruia se afla un poli\u021bist din cadrul Sec\u021biei Investiga\u021bii Infrac\u021biuni al IP Ciocana, care era \u00een afacerea orelor de serviciu \u0219i conducea autoturismul personal.<\/p>\n<p>La fa\u021ba locului, poli\u021bia a stabilit c\u0103 poli\u021bistul nu a acordat prioritate \u0219i a lovit motocicleta. \u00cen urma impactului, motociclistul a suferit mai multe traumatisme \u0219i a fost transportat la spital pentru \u00eengrijiri medicale.<\/p>\n<\/div>\n","protected":false},"excerpt":{"rendered":"<div><img loading=\"lazy\" decoding=\"async\" width=\"696\" height=\"392\" src=\"https:\/\/canal5.md\/wp-content\/uploads\/2025\/03\/20bcc0c73c24c6ab415e3ce95ef45b8ab35e507acf6b791da957a61c715ecd73-1024x576-optimized.jpg\" class=\"attachment-large size-large wp-post-image\" alt=\"\" srcset=\"https:\/\/canal5.md\/wp-content\/uploads\/2025\/03\/20bcc0c73c24c6ab415e3ce95ef45b8ab35e507acf6b791da957a61c715ecd73-1024x576-optimized.jpg 1024w, https:\/\/canal5.md\/wp-content\/uploads\/2025\/03\/20bcc0c73c24c6ab415e3ce95ef45b8ab35e507acf6b791da957a61c715ecd73-300x169-optimized.jpg 300w, https:\/\/canal5.md\/wp-content\/uploads\/2025\/03\/20bcc0c73c24c6ab415e3ce95ef45b8ab35e507acf6b791da957a61c715ecd73-768x432-optimized.jpg 768w, https:\/\/canal5.md\/wp-content\/uploads\/2025\/03\/20bcc0c73c24c6ab415e3ce95ef45b8ab35e507acf6b791da957a61c715ecd73-696x392-optimized.jpg 696w, https:\/\/canal5.md\/wp-content\/uploads\/2025\/03\/20bcc0c73c24c6ab415e3ce95ef45b8ab35e507acf6b791da957a61c715ecd73-1068x601-optimized.jpg 1068w, https:\/\/canal5.md\/wp-content\/uploads\/2025\/03\/20bcc0c73c24c6ab415e3ce95ef45b8ab35e507acf6b791da957a61c715ecd73-optimized.jpg 1200w\">Un t\u00e2n\u0103r a ajuns la spital dup\u0103 ce motocicleta sa a fost lovit\u0103 de un automobil condus de un poli\u021bist. Accidentul a avut loc mar\u021bi seara, \u00een jurul orei 18:40, pe strada Nicolae Milescu Sp\u0103taru, \u00een sectorul Ciocana din Chi\u0219in\u0103u. Victima, un b\u0103rbat de 29 de ani, se afla pe o motociclet\u0103 Suzuki c\u00e2nd a [\u2026]<\/div>\n","protected":false},"author":1,"featured_media":68954,"comment_status":"closed","ping_status":"closed","sticky":false,"template":"","format":"standard","meta":{"jnews-multi-image_gallery":[],"jnews_single_post":[],"jnews_primary_category":[],"jnews_social_meta":[],"jnews_override_counter":[],"footnotes":""},"categories":[30],"tags":[],"class_list":["post-68953","post","type-post","status-publish","format-standard","has-post-thumbnail","hentry","category-social_ro"],"_links":{"self":[{"href":"https:\/\/orheifm.live\/index.php\/wp-json\/wp\/v2\/posts\/68953","targetHints":{"allow":["GET"]}}],"collection":[{"href":"https:\/\/orheifm.live\/index.php\/wp-json\/wp\/v2\/posts"}],"about":[{"href":"https:\/\/orheifm.live\/index.php\/wp-json\/wp\/v2\/types\/post"}],"author":[{"embeddable":true,"href":"https:\/\/orheifm.live\/index.php\/wp-json\/wp\/v2\/users\/1"}],"replies":[{"embeddable":true,"href":"https:\/\/orheifm.live\/index.php\/wp-json\/wp\/v2\/comments?post=68953"}],"version-history":[{"count":0,"href":"https:\/\/orheifm.live\/index.php\/wp-json\/wp\/v2\/posts\/68953\/revisions"}],"wp:featuredmedia":[{"embeddable":true,"href":"https:\/\/orheifm.live\/index.php\/wp-json\/wp\/v2\/media\/68954"}],"wp:attachment":[{"href":"https:\/\/orheifm.live\/index.php\/wp-json\/wp\/v2\/media?parent=68953"}],"wp:term":[{"taxonomy":"category","embeddable":true,"href":"https:\/\/orheifm.live\/index.php\/wp-json\/wp\/v2\/categories?post=68953"},{"taxonomy":"post_tag","embeddable":true,"href":"https:\/\/orheifm.live\/index.php\/wp-json\/wp\/v2\/tags?post=68953"}],"curies":[{"name":"wp","href":"https:\/\/api.w.org\/{rel}","templated":true}]}}