{"id":68951,"date":"2025-03-13T11:20:53","date_gmt":"2025-03-13T09:20:53","guid":{"rendered":"https:\/\/orheifm.live\/index.php\/2025\/03\/13\/generalul-american-chris-donahue-a-ajuns-la-chisinau-pentru-intalniri-oficiale\/"},"modified":"2025-03-13T11:20:53","modified_gmt":"2025-03-13T09:20:53","slug":"generalul-american-chris-donahue-a-ajuns-la-chisinau-pentru-intalniri-oficiale","status":"publish","type":"post","link":"https:\/\/orheifm.live\/index.php\/2025\/03\/13\/generalul-american-chris-donahue-a-ajuns-la-chisinau-pentru-intalniri-oficiale\/","title":{"rendered":"Generalul american Chris Donahue a ajuns la Chi\u0219in\u0103u pentru \u00eent\u00e2lniri oficiale"},"content":{"rendered":"<div>\n<p><strong>Generalul american Chris Donahue, comandantul For\u021belor Terestre ale SUA \u00een Europa \u0219i Africa, a ajuns la Chi\u0219in\u0103u pentru o vizit\u0103 oficial\u0103. <\/strong><\/p>\n<p>Conform informa\u021biilor furnizate de Ambasada SUA, acesta urmeaz\u0103 s\u0103 se \u00eent\u00e2lneasc\u0103 cu oficiali ai Guvernului Republicii Moldova, inclusiv cu reprezentan\u021bi ai Ministerului Ap\u0103r\u0103rii, pentru a discuta despre cooperarea dintre cele dou\u0103 \u021b\u0103ri \u00een vederea consolid\u0103rii rela\u021biilor bilaterale.<\/p>\n<p>\u201eAmbasada SUA \u00eei ureaz\u0103 un c\u0103lduros bun venit la Chi\u0219in\u0103u Generalului Chris Donahue, Comandant al For\u021belor Terestre ale Statelor Unite \u00een Europa \u0219i Africa\u201d, se men\u021bioneaz\u0103 \u00eentr-o postare oficial\u0103 a misiunii diplomatice americane.<\/p>\n<p>Aceasta marcheaz\u0103 prima vizit\u0103 a generalului Donahue \u00een Republica Moldova de la numirea sa \u00een func\u021bie, \u00een decembrie 2024.<\/p>\n<\/div>\n","protected":false},"excerpt":{"rendered":"<div><img loading=\"lazy\" decoding=\"async\" width=\"696\" height=\"360\" src=\"https:\/\/canal5.md\/wp-content\/uploads\/2025\/03\/photo_2025-03-13_10-30-36-optimized.jpg\" class=\"attachment-large size-large wp-post-image\" alt=\"\" srcset=\"https:\/\/canal5.md\/wp-content\/uploads\/2025\/03\/photo_2025-03-13_10-30-36-optimized.jpg 847w, https:\/\/canal5.md\/wp-content\/uploads\/2025\/03\/photo_2025-03-13_10-30-36-300x155-optimized.jpg 300w, https:\/\/canal5.md\/wp-content\/uploads\/2025\/03\/photo_2025-03-13_10-30-36-768x397-optimized.jpg 768w, https:\/\/canal5.md\/wp-content\/uploads\/2025\/03\/photo_2025-03-13_10-30-36-696x360-optimized.jpg 696w\">Generalul american Chris Donahue, comandantul For\u021belor Terestre ale SUA \u00een Europa \u0219i Africa, a ajuns la Chi\u0219in\u0103u pentru o vizit\u0103 oficial\u0103. Conform informa\u021biilor furnizate de Ambasada SUA, acesta urmeaz\u0103 s\u0103 se \u00eent\u00e2lneasc\u0103 cu oficiali ai Guvernului Republicii Moldova, inclusiv cu reprezentan\u021bi ai Ministerului Ap\u0103r\u0103rii, pentru a discuta despre cooperarea dintre cele dou\u0103 \u021b\u0103ri \u00een vederea [\u2026]<\/div>\n","protected":false},"author":1,"featured_media":68952,"comment_status":"closed","ping_status":"closed","sticky":false,"template":"","format":"standard","meta":{"jnews-multi-image_gallery":[],"jnews_single_post":[],"jnews_primary_category":[],"jnews_social_meta":[],"jnews_override_counter":[],"footnotes":""},"categories":[30],"tags":[],"class_list":["post-68951","post","type-post","status-publish","format-standard","has-post-thumbnail","hentry","category-social_ro"],"_links":{"self":[{"href":"https:\/\/orheifm.live\/index.php\/wp-json\/wp\/v2\/posts\/68951","targetHints":{"allow":["GET"]}}],"collection":[{"href":"https:\/\/orheifm.live\/index.php\/wp-json\/wp\/v2\/posts"}],"about":[{"href":"https:\/\/orheifm.live\/index.php\/wp-json\/wp\/v2\/types\/post"}],"author":[{"embeddable":true,"href":"https:\/\/orheifm.live\/index.php\/wp-json\/wp\/v2\/users\/1"}],"replies":[{"embeddable":true,"href":"https:\/\/orheifm.live\/index.php\/wp-json\/wp\/v2\/comments?post=68951"}],"version-history":[{"count":0,"href":"https:\/\/orheifm.live\/index.php\/wp-json\/wp\/v2\/posts\/68951\/revisions"}],"wp:featuredmedia":[{"embeddable":true,"href":"https:\/\/orheifm.live\/index.php\/wp-json\/wp\/v2\/media\/68952"}],"wp:attachment":[{"href":"https:\/\/orheifm.live\/index.php\/wp-json\/wp\/v2\/media?parent=68951"}],"wp:term":[{"taxonomy":"category","embeddable":true,"href":"https:\/\/orheifm.live\/index.php\/wp-json\/wp\/v2\/categories?post=68951"},{"taxonomy":"post_tag","embeddable":true,"href":"https:\/\/orheifm.live\/index.php\/wp-json\/wp\/v2\/tags?post=68951"}],"curies":[{"name":"wp","href":"https:\/\/api.w.org\/{rel}","templated":true}]}}