{"id":68949,"date":"2025-03-13T11:00:38","date_gmt":"2025-03-13T09:00:38","guid":{"rendered":"https:\/\/orheifm.live\/index.php\/2025\/03\/13\/tragedie-pe-drumul-european-85-o-femeie-a-murit-intr-un-accident-cu-un-tir-din-moldova\/"},"modified":"2025-03-13T11:00:38","modified_gmt":"2025-03-13T09:00:38","slug":"tragedie-pe-drumul-european-85-o-femeie-a-murit-intr-un-accident-cu-un-tir-din-moldova","status":"publish","type":"post","link":"https:\/\/orheifm.live\/index.php\/2025\/03\/13\/tragedie-pe-drumul-european-85-o-femeie-a-murit-intr-un-accident-cu-un-tir-din-moldova\/","title":{"rendered":"Tragedie pe Drumul European 85: O femeie a murit \u00eentr-un accident cu un TIR din Moldova"},"content":{"rendered":"<div>\n<p><strong>Pe Drumul European 85, \u00een Rom\u00e2nia, a avut loc mar\u021bi sear\u0103 un accident mortal. O femeie a murit, iar alte dou\u0103 au ajuns la spital, dup\u0103 ce ma\u0219ina lor a fost lovit\u0103 frontal de un TIR.<\/strong><\/p>\n<p>Accidentul a avut loc \u00een comuna Coste\u0219ti, dup\u0103 l\u0103sarea \u00eentunericului. Ma\u0219ina, condus\u0103 de o \u0219oferi\u021b\u0103 de 47 de ani, transporta alte dou\u0103 femei care se \u00eentorceau de la serviciu \u0219i se \u00eendreptau c\u0103tre Buz\u0103u. Un TIR \u00eenmatriculat \u00een Republica Moldova, condus de un b\u0103rbat de 55 de ani, a p\u0103truns pe contrasens \u0219i a lovit frontal autoturismul.<\/p>\n<p>Un localnic a declarat c\u0103 a auzit o bubuitur\u0103 puternic\u0103, crez\u00e2nd ini\u021bial c\u0103 a fost o explozie de cauciuc. C\u00e2nd a ie\u0219it afar\u0103, a observat c\u0103 TIR-ul se afla pe contrasens, \u00eentr-o pozi\u021bie periculoas\u0103.<\/p>\n<p>\u00cen urma impactului, ma\u0219ina a fost aruncat\u0103 pe marginea drumului \u0219i cele trei femei au r\u0103mas \u00eencarcerate. Echipajele de salvatori au intervenit rapid, \u00eens\u0103 pentru femeia aflat\u0103 pe bancheta din spate nu s-a mai putut face nimic, fiind declarat\u0103 moart\u0103. Celelalte dou\u0103 femei au fost transportate \u00een stare grav\u0103 la Spitalul Jude\u021bean de Urgen\u021b\u0103 din Buz\u0103u.<\/p>\n<p>Poli\u021bia a demarat cercet\u0103rile, iar \u0219oferul TIR-ului, care a sc\u0103pat nev\u0103t\u0103mat, a fost dus la spital pentru a i se recolta probe biologice. Din cauza accidentului, traficul \u00een zon\u0103 a fost \u00eengreunat timp de zeci de minute.<\/p>\n<\/div>\n","protected":false},"excerpt":{"rendered":"<div><img loading=\"lazy\" decoding=\"async\" width=\"696\" height=\"392\" src=\"https:\/\/canal5.md\/wp-content\/uploads\/2025\/03\/e552bbabc5a39597efd9497b45e35692-optimized.jpg\" class=\"attachment-large size-large wp-post-image\" alt=\"\" srcset=\"https:\/\/canal5.md\/wp-content\/uploads\/2025\/03\/e552bbabc5a39597efd9497b45e35692-optimized.jpg 809w, https:\/\/canal5.md\/wp-content\/uploads\/2025\/03\/e552bbabc5a39597efd9497b45e35692-300x169-optimized.jpg 300w, https:\/\/canal5.md\/wp-content\/uploads\/2025\/03\/e552bbabc5a39597efd9497b45e35692-768x433-optimized.jpg 768w, https:\/\/canal5.md\/wp-content\/uploads\/2025\/03\/e552bbabc5a39597efd9497b45e35692-696x392-optimized.jpg 696w\">Pe Drumul European 85, \u00een Rom\u00e2nia, a avut loc mar\u021bi sear\u0103 un accident mortal. O femeie a murit, iar alte dou\u0103 au ajuns la spital, dup\u0103 ce ma\u0219ina lor a fost lovit\u0103 frontal de un TIR. Accidentul a avut loc \u00een comuna Coste\u0219ti, dup\u0103 l\u0103sarea \u00eentunericului. Ma\u0219ina, condus\u0103 de o \u0219oferi\u021b\u0103 de 47 de ani, [\u2026]<\/div>\n","protected":false},"author":1,"featured_media":68950,"comment_status":"closed","ping_status":"closed","sticky":false,"template":"","format":"standard","meta":{"jnews-multi-image_gallery":[],"jnews_single_post":[],"jnews_primary_category":[],"jnews_social_meta":[],"jnews_override_counter":[],"footnotes":""},"categories":[30],"tags":[],"class_list":["post-68949","post","type-post","status-publish","format-standard","has-post-thumbnail","hentry","category-social_ro"],"_links":{"self":[{"href":"https:\/\/orheifm.live\/index.php\/wp-json\/wp\/v2\/posts\/68949","targetHints":{"allow":["GET"]}}],"collection":[{"href":"https:\/\/orheifm.live\/index.php\/wp-json\/wp\/v2\/posts"}],"about":[{"href":"https:\/\/orheifm.live\/index.php\/wp-json\/wp\/v2\/types\/post"}],"author":[{"embeddable":true,"href":"https:\/\/orheifm.live\/index.php\/wp-json\/wp\/v2\/users\/1"}],"replies":[{"embeddable":true,"href":"https:\/\/orheifm.live\/index.php\/wp-json\/wp\/v2\/comments?post=68949"}],"version-history":[{"count":0,"href":"https:\/\/orheifm.live\/index.php\/wp-json\/wp\/v2\/posts\/68949\/revisions"}],"wp:featuredmedia":[{"embeddable":true,"href":"https:\/\/orheifm.live\/index.php\/wp-json\/wp\/v2\/media\/68950"}],"wp:attachment":[{"href":"https:\/\/orheifm.live\/index.php\/wp-json\/wp\/v2\/media?parent=68949"}],"wp:term":[{"taxonomy":"category","embeddable":true,"href":"https:\/\/orheifm.live\/index.php\/wp-json\/wp\/v2\/categories?post=68949"},{"taxonomy":"post_tag","embeddable":true,"href":"https:\/\/orheifm.live\/index.php\/wp-json\/wp\/v2\/tags?post=68949"}],"curies":[{"name":"wp","href":"https:\/\/api.w.org\/{rel}","templated":true}]}}