{"id":68945,"date":"2025-03-13T10:20:11","date_gmt":"2025-03-13T08:20:11","guid":{"rendered":"https:\/\/orheifm.live\/index.php\/2025\/03\/13\/doua-tinere-retinute-in-balti-pentru-comportament-suspect-una-fiind-ranita\/"},"modified":"2025-03-13T10:20:11","modified_gmt":"2025-03-13T08:20:11","slug":"doua-tinere-retinute-in-balti-pentru-comportament-suspect-una-fiind-ranita","status":"publish","type":"post","link":"https:\/\/orheifm.live\/index.php\/2025\/03\/13\/doua-tinere-retinute-in-balti-pentru-comportament-suspect-una-fiind-ranita\/","title":{"rendered":"Dou\u0103 tinere re\u021binute \u00een B\u0103l\u021bi pentru comportament suspect, una fiind r\u0103nit\u0103"},"content":{"rendered":"<div>\n<p><strong>Carabinierii Direc\u021biei regionale \u201eNord\u201d a IGC, afla\u021bi \u00een misiune de men\u021binere a ordinii publice \u00een municipiul B\u0103l\u021bi, au identificat dou\u0103 tinere, \u00een v\u00e2rst\u0103 de 17 \u0219i 18 ani, care aveau un comportament suspect. Dup\u0103 verific\u0103ri, s-a stabilit c\u0103 ambele erau sub influen\u021ba alcoolului.<\/strong><\/p>\n<p data-start=\"301\" data-end=\"573\">Incidentul a avut loc pe 12 martie, \u00een dup\u0103-amiaza acelea\u0219i zile, pe strada Bulgar\u0103 din B\u0103l\u021bi, aproape de o f\u00e2\u0219ie forestier\u0103. Tinerele au atras aten\u021bia carabinierilor, iar la verificare s-a constatat c\u0103 erau vizibil intoxicate. Una dintre ele avea pl\u0103gi pe ambele m\u00e2ini.<\/p>\n<p data-start=\"575\" data-end=\"748\">La fa\u021ba locului au fost chemate echipaje de poli\u021bie \u0219i ambulan\u021b\u0103, care au acordat \u00eengrijiri medicale tinerei r\u0103nite. Circumstan\u021bele cazului sunt \u00een continuare investigate.<\/p>\n<\/div>\n","protected":false},"excerpt":{"rendered":"<div><img loading=\"lazy\" decoding=\"async\" width=\"696\" height=\"393\" src=\"https:\/\/canal5.md\/wp-content\/uploads\/2025\/03\/940648bd9bacf5f947b2702f52b50684-optimized.jpg\" class=\"attachment-large size-large wp-post-image\" alt=\"\" srcset=\"https:\/\/canal5.md\/wp-content\/uploads\/2025\/03\/940648bd9bacf5f947b2702f52b50684-optimized.jpg 718w, https:\/\/canal5.md\/wp-content\/uploads\/2025\/03\/940648bd9bacf5f947b2702f52b50684-300x169-optimized.jpg 300w, https:\/\/canal5.md\/wp-content\/uploads\/2025\/03\/940648bd9bacf5f947b2702f52b50684-696x393-optimized.jpg 696w\">Carabinierii Direc\u021biei regionale \u201eNord\u201d a IGC, afla\u021bi \u00een misiune de men\u021binere a ordinii publice \u00een municipiul B\u0103l\u021bi, au identificat dou\u0103 tinere, \u00een v\u00e2rst\u0103 de 17 \u0219i 18 ani, care aveau un comportament suspect. Dup\u0103 verific\u0103ri, s-a stabilit c\u0103 ambele erau sub influen\u021ba alcoolului. Incidentul a avut loc pe 12 martie, \u00een dup\u0103-amiaza acelea\u0219i zile, pe [\u2026]<\/div>\n","protected":false},"author":1,"featured_media":68946,"comment_status":"closed","ping_status":"closed","sticky":false,"template":"","format":"standard","meta":{"jnews-multi-image_gallery":[],"jnews_single_post":[],"jnews_primary_category":[],"jnews_social_meta":[],"jnews_override_counter":[],"footnotes":""},"categories":[30],"tags":[],"class_list":["post-68945","post","type-post","status-publish","format-standard","has-post-thumbnail","hentry","category-social_ro"],"_links":{"self":[{"href":"https:\/\/orheifm.live\/index.php\/wp-json\/wp\/v2\/posts\/68945","targetHints":{"allow":["GET"]}}],"collection":[{"href":"https:\/\/orheifm.live\/index.php\/wp-json\/wp\/v2\/posts"}],"about":[{"href":"https:\/\/orheifm.live\/index.php\/wp-json\/wp\/v2\/types\/post"}],"author":[{"embeddable":true,"href":"https:\/\/orheifm.live\/index.php\/wp-json\/wp\/v2\/users\/1"}],"replies":[{"embeddable":true,"href":"https:\/\/orheifm.live\/index.php\/wp-json\/wp\/v2\/comments?post=68945"}],"version-history":[{"count":0,"href":"https:\/\/orheifm.live\/index.php\/wp-json\/wp\/v2\/posts\/68945\/revisions"}],"wp:featuredmedia":[{"embeddable":true,"href":"https:\/\/orheifm.live\/index.php\/wp-json\/wp\/v2\/media\/68946"}],"wp:attachment":[{"href":"https:\/\/orheifm.live\/index.php\/wp-json\/wp\/v2\/media?parent=68945"}],"wp:term":[{"taxonomy":"category","embeddable":true,"href":"https:\/\/orheifm.live\/index.php\/wp-json\/wp\/v2\/categories?post=68945"},{"taxonomy":"post_tag","embeddable":true,"href":"https:\/\/orheifm.live\/index.php\/wp-json\/wp\/v2\/tags?post=68945"}],"curies":[{"name":"wp","href":"https:\/\/api.w.org\/{rel}","templated":true}]}}