{"id":68941,"date":"2025-03-13T09:07:36","date_gmt":"2025-03-13T07:07:36","guid":{"rendered":"https:\/\/orheifm.live\/index.php\/2025\/03\/13\/vreme-variabila-si-temperaturi-moderate-in-republica-moldova\/"},"modified":"2025-03-13T09:07:36","modified_gmt":"2025-03-13T07:07:36","slug":"vreme-variabila-si-temperaturi-moderate-in-republica-moldova","status":"publish","type":"post","link":"https:\/\/orheifm.live\/index.php\/2025\/03\/13\/vreme-variabila-si-temperaturi-moderate-in-republica-moldova\/","title":{"rendered":"Vreme variabil\u0103 \u0219i temperaturi moderate \u00een Republica Moldova"},"content":{"rendered":"<div>\n<p><strong>Ast\u0103zi, vremea \u00een Republica Moldova a fost variabil\u0103, cu cer predominant noros \u0219i temperaturi moderate, conform Serviciului Hidrometeorologic de Stat.<\/strong><\/p>\n<p>\u00cen Chi\u0219in\u0103u, diminea\u021ba a \u00eenceput cu 10,6 grade Celsius la ora 6:00. Temperaturile au crescut treptat, ajung\u00e2nd la 17,1 grade Celsius p\u00e2n\u0103 la pr\u00e2nz, cu \u0219anse de precipita\u021bii u\u0219oare \u00eentre 11:00 \u0219i 13:00. Dup\u0103-amiaza, s-a \u00eenregistrat un maxim de 19,8 grade Celsius \u00een jurul orei 16:00.<\/p>\n<\/div>\n","protected":false},"excerpt":{"rendered":"<div><img loading=\"lazy\" decoding=\"async\" width=\"696\" height=\"392\" src=\"https:\/\/canal5.md\/wp-content\/uploads\/2025\/03\/650e05293773ea35301570d489ed550b-optimized.jpg\" class=\"attachment-large size-large wp-post-image\" alt=\"\" srcset=\"https:\/\/canal5.md\/wp-content\/uploads\/2025\/03\/650e05293773ea35301570d489ed550b-optimized.jpg 809w, https:\/\/canal5.md\/wp-content\/uploads\/2025\/03\/650e05293773ea35301570d489ed550b-300x169-optimized.jpg 300w, https:\/\/canal5.md\/wp-content\/uploads\/2025\/03\/650e05293773ea35301570d489ed550b-768x433-optimized.jpg 768w, https:\/\/canal5.md\/wp-content\/uploads\/2025\/03\/650e05293773ea35301570d489ed550b-696x392-optimized.jpg 696w\">Ast\u0103zi, vremea \u00een Republica Moldova a fost variabil\u0103, cu cer predominant noros \u0219i temperaturi moderate, conform Serviciului Hidrometeorologic de Stat. \u00cen Chi\u0219in\u0103u, diminea\u021ba a \u00eenceput cu 10,6 grade Celsius la ora 6:00. Temperaturile au crescut treptat, ajung\u00e2nd la 17,1 grade Celsius p\u00e2n\u0103 la pr\u00e2nz, cu \u0219anse de precipita\u021bii u\u0219oare \u00eentre 11:00 \u0219i 13:00. Dup\u0103-amiaza, s-a [\u2026]<\/div>\n","protected":false},"author":1,"featured_media":68942,"comment_status":"closed","ping_status":"closed","sticky":false,"template":"","format":"standard","meta":{"jnews-multi-image_gallery":[],"jnews_single_post":[],"jnews_primary_category":[],"jnews_social_meta":[],"jnews_override_counter":[],"footnotes":""},"categories":[30],"tags":[],"class_list":["post-68941","post","type-post","status-publish","format-standard","has-post-thumbnail","hentry","category-social_ro"],"_links":{"self":[{"href":"https:\/\/orheifm.live\/index.php\/wp-json\/wp\/v2\/posts\/68941","targetHints":{"allow":["GET"]}}],"collection":[{"href":"https:\/\/orheifm.live\/index.php\/wp-json\/wp\/v2\/posts"}],"about":[{"href":"https:\/\/orheifm.live\/index.php\/wp-json\/wp\/v2\/types\/post"}],"author":[{"embeddable":true,"href":"https:\/\/orheifm.live\/index.php\/wp-json\/wp\/v2\/users\/1"}],"replies":[{"embeddable":true,"href":"https:\/\/orheifm.live\/index.php\/wp-json\/wp\/v2\/comments?post=68941"}],"version-history":[{"count":0,"href":"https:\/\/orheifm.live\/index.php\/wp-json\/wp\/v2\/posts\/68941\/revisions"}],"wp:featuredmedia":[{"embeddable":true,"href":"https:\/\/orheifm.live\/index.php\/wp-json\/wp\/v2\/media\/68942"}],"wp:attachment":[{"href":"https:\/\/orheifm.live\/index.php\/wp-json\/wp\/v2\/media?parent=68941"}],"wp:term":[{"taxonomy":"category","embeddable":true,"href":"https:\/\/orheifm.live\/index.php\/wp-json\/wp\/v2\/categories?post=68941"},{"taxonomy":"post_tag","embeddable":true,"href":"https:\/\/orheifm.live\/index.php\/wp-json\/wp\/v2\/tags?post=68941"}],"curies":[{"name":"wp","href":"https:\/\/api.w.org\/{rel}","templated":true}]}}