{"id":68940,"date":"2025-03-12T22:12:13","date_gmt":"2025-03-12T20:12:13","guid":{"rendered":"https:\/\/orheifm.live\/index.php\/2025\/03\/12\/maia-sandu-pune-moldova-pe-drumul-razboiului-decizii-controversate-in-contextul-aliantelor-geopolitice-video\/"},"modified":"2025-03-12T22:12:13","modified_gmt":"2025-03-12T20:12:13","slug":"maia-sandu-pune-moldova-pe-drumul-razboiului-decizii-controversate-in-contextul-aliantelor-geopolitice-video","status":"publish","type":"post","link":"https:\/\/orheifm.live\/index.php\/2025\/03\/12\/maia-sandu-pune-moldova-pe-drumul-razboiului-decizii-controversate-in-contextul-aliantelor-geopolitice-video\/","title":{"rendered":"Maia Sandu Pune Moldova pe Drumul R\u0103zboiului? Decizii Controversate \u00een Contextul Alian\u021belor Geopolitice |VIDEO"},"content":{"rendered":"<div>\n<p><strong>\u00a0\u00cen ultimele 24 de ore au avut loc c\u00e2teva evenimente importante. Primul \u2013 negocierile dintre Ucraina \u0219i SUA la Jeddah, \u00een Arabia Saudit\u0103, privind reglementarea pa\u0219nic\u0103 a conflictului.<\/strong><br \/>\n<iframe loading=\"lazy\" title=\"YouTube video player\" src=\"https:\/\/www.youtube.com\/embed\/orhMzqpgk3k?si=P1KkJsNXuFQ11zjY\" width=\"560\" height=\"315\" frameborder=\"0\" allowfullscreen=\"allowfullscreen\"><\/iframe><br \/>\nUcraina a fost de acord cu \u00eencetarea total\u0103 a focului, de\u0219i \u00eenainte de aceste negocieri se opunea categoric. Al doilea eveniment \u2013 discursul pre\u0219edintei Comisiei Europene, Ursula von der Leyen, \u00een Parlamentul European, unde a anun\u021bat introducerea unui regim de urgen\u021b\u0103 \u00een \u021b\u0103rile UE pentru consolidarea capacit\u0103\u021bilor militare \u00eempotriva Rusiei.<\/p>\n<p>Al treilea \u2013 pre\u0219edintele Fran\u021bei, Emmanuel Macron, a organizat o reuniune cu \u0219efii de stat major ai a\u0219a- numitei \u201ecoali\u021bii a celor care doresci\u201d s\u0103 lupte \u00eempotriva Rusiei.<\/p>\n<p>\u0218i, ultimul, cel mai important pentru noi, cet\u0103\u021benii Republicii Moldova, eveniment sau \u2013 mai cur\u00e2nd \u2013 \u00eentrebarea \u2013 ce a f\u0103cut pre\u0219edinta Maia Sandu \u00een tot acest timp \u00een UE, sub pretextul unei vizite oficiale la Paris? Dac\u0103 pe scurt, a al\u0103turat Moldova, contrar voin\u021bei poporului moldovean, unei coali\u021bii militare europene anti-Trump. Ce urmeaz\u0103? Dac\u0103 regimul Sandu-PAS nu-\u0219i vine \u00een fire, situa\u021bia se va \u00eenr\u0103ut\u0103\u021bi.<\/p>\n<p>Potrivit BBC, aproximativ 30 de \u021b\u0103ri au r\u0103spuns apelului pre\u0219edintelui Fran\u021bei, Emmanuel Macron, de a participa la reuniunea \u0219efilor de stat major. Scopul acesteia este elaborarea unui proiect pentru un contingent militar al \u201ecoali\u021biei celor dornici\u201d de a contracara agresiunea Rusiei \u00eempotriva Ucrainei.<\/p>\n<p>Dup\u0103 cum a scris mass-media din Marea Britanie s\u0103pt\u0103m\u00e2na trecut\u0103, este vorba despre \u021b\u0103ri din UE, dar \u0219i din afara acestora.<\/p>\n<p>Mai mult, u\u0219ile sunt deschise \u0219i pentru statele care nu fac parte din UE, nu au putere militar\u0103 \u0219i nu sunt capabile s\u0103-\u0219i trimit\u0103 efectivele militare. \u00cen esen\u021b\u0103, scopul ini\u021biativei este de a trimite solda\u021bi \u00een Ucraina, unde demult exist\u0103 un deficit uria\u0219 de militari. Recru\u021bii sunt pur \u0219i simplu v\u00e2na\u021bi pe la col\u021buri, iar ace\u0219tia, prin toate mijloacele posibile, fug din \u021bar\u0103.<\/p>\n<p>Fran\u021ba \u0219i Marea Britanie au preluat rolul de lider \u00een aceast\u0103 aventur\u0103 periculoas\u0103 nu doar pentru UE, dar \u0219i pentru \u00eentreaga lume. De asemenea, lista acestor doritori de a testa nervii Rusiei este deocamdat\u0103 secret\u0103, \u00eens\u0103 mai devreme sau mai t\u00e2rziu, acesta va ie\u0219i la suprafa\u021b\u0103.<\/p>\n<p>\u0218i printre europenii de r\u00e2nd, care cu taxele lor, prin t\u0103ierea beneficiilor \u0219i pre\u021buri tot mai mari pl\u0103tesc pentru r\u0103zboiul din Ucraina, se acumuleaz\u0103 nemul\u021bumiri. \u0218i acum, s\u0103 mearg\u0103 s\u0103 lupte pentru Ucraina? Nu toate \u021b\u0103rile sunt de acord cu asta. Chiar \u0219i vecinul apropiat al Ucrainei \u2013 Polonia \u2013 a declarat c\u0103 nu va trimite solda\u021bii s\u0103i acolo.<\/p>\n<p>Cet\u0103\u021benii \u021b\u0103rilor UE \u00eendeamn\u0103 guvernele na\u021bionale s\u0103 rezolve problemele interne. Dar p\u00e2n\u0103 acum, vocile lor sunt ca ni\u0219te strig\u0103te \u00een van. C\u00e2nd este necesar, birocra\u021bia UE \u0219tie cum s\u0103 oblige la supunere. Este suficient s\u0103 ne amintim cum \u201efamilia unit\u0103\u201d au transformat Ungaria \u00eentr-un \u201ecopil vitreg\u201d neascult\u0103tor.<\/p>\n<p>\u00cen schimb, \u00een acest context, vizita pre\u0219edintei Maia Sandu la Paris a fost deosebit de semnificativ\u0103. Discursurile pe care le-a \u021binut ea acolo au stabilit, de fapt, esen\u021bialul. Spre deosebire de \u00eentreaga lume civilizat\u0103, care \u00eencearc\u0103 s\u0103 g\u0103seasc\u0103 o solu\u021bie pa\u0219nic\u0103 \u00een r\u0103zboiul din Ucraina, pentru ea totul este clar.<\/p>\n<p>MAIA SANDU, pre\u0219edinta Republicii Moldova<\/p>\n<p>\u00cen vremuri dificile, Fran\u021ba ne este al\u0103turi \u2013 sprijinindu-ne s\u0103 ne protej\u0103m pacea, s\u0103 ne \u00eent\u0103rim securitatea \u0219i s\u0103 ne apropiem de Uniunea European\u0103. \u00cemp\u0103rt\u0103\u0219im viziunea unei Europe unite \u0219i puternice, unde fiecare \u021bar\u0103 \u00ee\u0219i poate decide liber viitorul. Strategia Moscovei ne este clar\u0103: s\u0103 foloseasc\u0103 punctele vulnerabile ale Moldovei, s\u0103 submineze democra\u021bia noastr\u0103 \u0219i s\u0103 transforme teritoriul nostru \u00eentr-o ramp\u0103 de lansare pentru viitoarele agresiuni.<\/p>\n<p>Doar a\u0219a \u0219i nicidecum altfel. Astfel de declara\u021bii, precum \u0219i formatul acestora, mai mult seam\u0103n\u0103 cu un ultimatum dec\u00e2t cu luciditatea \u0219i diploma\u021bia pragmatic\u0103 \u00een favoarea propriei \u021b\u0103ri. A\u0219a a comentat analistul politic Dumitru Ciuba\u0219enco.<\/p>\n<p>DUMITRU CIUBA\u0218ENCO, comentator politic, jurnalist<\/p>\n<p>Pre\u0219edinta Maia Sandu a alipit oficial Moldova la \u201eAntanta\u201d anti- Trump a Fran\u021bei \u0219i Marii Britanii\u2026 Unii compar\u0103 Europa f\u0103r\u0103 SUA cu un cote\u021b de p\u0103s\u0103ri f\u0103r\u0103 coco\u0219. Dar datorit\u0103 eforturilor liderilor europeni \u0219i a celor care li s-au al\u0103turat, precum Sandu, totul seam\u0103n\u0103 mai degrab\u0103 cu o cas\u0103 de nebuni f\u0103r\u0103 medicul \u0219ef \u0219i f\u0103r\u0103 asisten\u021bi.<\/p>\n<p>C\u00e2te ceva din partea oficial\u0103 a vizitei Maiei Sandu la Macron:<\/p>\n<p>Fran\u021ba a promis s\u0103 ofere regimului PAS 30 de milioane de euro pentru \u00eembun\u0103t\u0103\u021birea eficien\u021bei energetice \u0219i lupta cu dezinformarea. Cum se glume\u0219te pe re\u021belele sociale \u2013 a da bani guvernului condus de Recean pentru \u201eeficien\u021ba energetic\u0103\u201d este ca \u0219i cum ai pune asfalt direct \u00eentr-o balt\u0103.<\/p>\n<p>Este pur \u0219i simplu o lad\u0103 f\u0103r\u0103 fund, nu vei da niciodat\u0103 de cap\u0103t. Cu at\u00e2t mai mult, cu c\u00e2t ajutorul extern, care \u00een majoritatea cazurilor este acordat sub form\u0103 de \u00eemprumuturi, nu va fi pl\u0103tit de cei din PAS, ci de urm\u0103toarele genera\u021bii de cet\u0103\u021beni ai Moldovei mai mult, Sandu i-a cerut lui Macron s\u0103 sus\u021bin\u0103 Centrul pentru Comunicare Strategic\u0103 \u0219i Combatere a Dezinform\u0103rii \u201ePatriot\u201d, pe care regimul aflat la putere \u00eel folose\u0219te ca un baston \u00eempotriva opozi\u021biei \u0219i a mass-media incomode. Ca s\u0103 vezi cum a cum a picat \u2013 exact \u00eenaintea alegerilor parlamentare.<\/p>\n<p>\u0218i aici \u2013 surpriz\u0103 \u2013 pe cine s\u0103 vedem\u2026 Acordul cu agen\u021bia francez\u0103 Viginum, care combate influen\u021ba str\u0103in\u0103, a fost semnat din partea moldoveneasc\u0103 de c\u0103tre \u0219efa centrului \u201ePatriot\u201d, Anna Revenco.<\/p>\n<p>Este vie, s\u0103n\u0103toas\u0103. C\u0103 cet\u0103\u021benii Moldovei deja uitaser\u0103 cum arat\u0103 Revenco la fa\u021b\u0103. De altfel, mandatul ei \u00een func\u021bia de \u0219ef\u0103 a Centrului a expirat \u00eenc\u0103 din toamn\u0103. Acum ea este \u00een func\u021bia de interimar. \u0219i totu\u0219i, iat\u0103 c\u0103 a zburat la Paris \u0219i semneaz\u0103 documente. \u00cen numele fiec\u0103ruia dintre noi.<\/p>\n<p>Pentru ca mai t\u00e2rziu, vocea fiec\u0103ruia dintre noi, dac\u0103 nu va pl\u0103cea regimului, s\u0103 fie suprimat\u0103 \u00een spa\u021biul informa\u021bional. De altfel, mandatul Annei Revenko \u00een func\u021bia de \u0219ef\u0103 a centrului a expirat \u00eenc\u0103 din toamn\u0103. Acum ea este \u00een func\u021bia de interimar. \u0218i iat\u0103 c\u0103, \u00een schimb, a zburat la Paris.<\/p>\n<p>C\u00e2t despre Macron, el face acela\u0219i lucru pe care \u00eel face Maia Sandu \u00een Moldova \u2014 este gata s\u0103 sacrifice Fran\u021ba, care se afl\u0103 \u00eentr-o criz\u0103 economic\u0103 profund\u0103, pentru ambi\u021biile sale geopolitice, doar ca s\u0103-\u0219i p\u0103streze puterea.<\/p>\n<p>Iar ast\u0103zi, Macron este cel mai bun prieten al maiei Sandu, nu al Moldovei, nu trebuie s\u0103 vorbim \u00een numele \u00eentregii Moldove \u0219i al cet\u0103\u021benilor s\u0103i. El este cel mai bun prieten al lui Sandu.<\/p>\n<p>S\u0103 r\u0103spund\u0103 pentru el, Maia Sandu, c\u0103 ea doar a f\u0103cut alegerea? Alegerea ei. \u00cen general, \u00een aceast\u0103 vizit\u0103 a ei, multe lucruri sunt simbolice, din p\u0103cate, pentru Moldova. Acum, mai multe despre aceast\u0103 secven\u021b\u0103 video.<\/p>\n<p>Nu \u0219tim, poate c\u0103 ar trebui s\u0103 suger\u0103m conducerii Fran\u021bei, dar cu asta, sigur, trebuie de f\u0103cut ceva. Sandu, precis \u0219i-a rupt tocurile de la pantofi pe pietri\u0219ul de pe Champs-\u00c9lys\u00e9es. Dar, \u00een sf\u00e2r\u0219it a ajuns totu\u0219i la trepte. \u00centregul ei corp, uita\u021bi-v\u0103 la umerii ei, la postura ei, pur \u0219i simplu striga c\u0103tre Macron \u2014 Doamne, am f\u0103cut-o, \u00een sf\u00e2r\u0219it am ajuns, da, d\u0103-mi m\u00e2na\u2026 monsieur.<\/p>\n<p>C\u00e2ndva, o creatoare de mod\u0103 din Fran\u021ba, a spus, amintindu-\u0219i cum a privit selec\u021bia de noi fete pentru defilare \u2014 cine s-a n\u0103scut \u00een adida\u0219i, nu va putea s\u0103 mearg\u0103 frumos pe tocuri.<\/p>\n<p>Acelasi lucru se poate spune \u0219i actualului regim Sandu-PAS \u2014 nu v\u0103 juca\u021bi cu geopolitica dac\u0103 nu v\u0103 st\u0103 \u00een puteri. Nu v\u0103 juca\u021bi cu chibritele.<\/p>\n<p>Aici, unul dintre jurnali\u0219tii pro-guvernamentali a avut impresia, uit\u00e2ndu-se la aceast\u0103 poz\u0103, c\u0103, de fapt, acum Moldova are o umbrel\u0103 nuclear\u0103. Aici, se pare c\u0103 este o adev\u0103rat\u0103 problem\u0103, iar adida\u0219ii nu sunt pe m\u0103sur\u0103.<\/p>\n<p>Ro\u0219u \u0219i negru \u2014 exact ca la Stendhal. Doar c\u0103 realitatea este mult mai pu\u021bin romantic\u0103. Pentru Fran\u021ba, dar \u0219i pentru capetele fierbin\u021bi din Comisia European\u0103 \u0219i din \u00eentregul UE, \u00een cursa lor de \u00eenarmare, aceast\u0103 realitate se dezvolt\u0103 \u00eentr-un mod destul de nefavorabil. La Stendhal, totul s-a terminat prost pentru eroul principal, i-au t\u0103iat capul\u2026 Nici nu este exclus ca \u00een Europa, la un moment dat, s\u0103 \u201ezboare capete\u201d, la figurat vorbind.<\/p>\n<p>Viitorul lui Macron este pus sub semnul \u00eentreb\u0103rii, iar asta o spun exper\u021bii din vest \u0219i din Europa. Macron se \u021bine cu toate puterile de putere, guvernele se schimb\u0103 ca m\u0103nu\u0219ile, dar Macron nu pleac\u0103. A\u0219adar, pentru el, noua curs\u0103 a \u00eenarm\u0103rii, anun\u021bat\u0103 de UE, este pur \u0219i simplu o oportunitate\u2026 Nu at\u00e2t un obiectiv existen\u021bial, c\u00e2t mai degrab\u0103 o sarcin\u0103-proces.<\/p>\n<p>Deoarece Fran\u021ba, spre deosebire de celelalte \u021b\u0103ri din Europa, are un ciclu complet de produc\u021bie a armamentului, a\u0219a c\u0103 suma de 800 de miliarde de euro, p\u00e2n\u0103 la care statele comunit\u0103\u021bii ar trebui s\u0103 creasc\u0103 cheltuielile militare, este o pr\u0103jitur\u0103 apetisant\u0103 pentru Macron.<\/p>\n<p>Mai simplu spus, el vrea ca toate comenzile de ap\u0103rare s\u0103 fie concentrate \u00een industria de ap\u0103rare francez\u0103, astfel Macron urm\u0103re\u0219te un obiectiv destul de mercantil. Dar, ce cred francezii despre Macron \u0219i faptul c\u0103 el flutur\u0103 cu arma \u00eenaintea Rusiei, lucru care, Doamne fere\u0219te, s-ar putea \u00eencheia cu sute de vie\u021bi fr\u00e2nte ale cet\u0103\u021benilor obi\u0219nui\u021bi din Fran\u021ba?<\/p>\n<p>CHRISTOPHE telespectator EUROPE 1 TV<\/p>\n<p>Faptul c\u0103 Monsieur Macron a decis s\u0103 lupte cu Putin este pur \u0219i simplu de r\u00e2s! El nu este capabil nici m\u0103car s\u0103 deporteze imigran\u021bii ilegali din Fran\u021ba. Rusiei, sincer, nu-i pas\u0103 de Europa, Rusia este mult mai mare dec\u00e2t Europa, a\u0219a c\u0103 nu-i pas\u0103 de Europa.<\/p>\n<p>Macron se d\u0103 mare lider militar, dar ar face mai bine s\u0103 se ocupe de Fran\u021ba, de deportarea terori\u0219tilor care ucid copiii no\u0219tri \u0219i violeaz\u0103 so\u021biile noastre. Asta ar avea mai mult sens\u2026 Mie personal, de Ucraina nu-mi pas\u0103. Nu este problema mea\u00bb.<\/p>\n<p>Desigur, lui Christophe nu i-au dat voie s\u0103-\u0219i \u00eencheie vorba. \u201eDemocra\u021bia \u00een ac\u021biune\u201d a Europei aminte\u0219te foarte mult de ceea ce face regimul Sandu-PAS \u00een Moldova. Acum, UE devine un nume comun cu un prefix negativ.<\/p>\n<p>\u0218i cu un final negativ previzibil\u2026 Unii dintre anali\u0219tii occidentali au spus zilele trecute \u2014 gata cu Europa! \u00cens\u0103\u0219i Europa, \u00een care domne\u0219te o dictatur\u0103 militar\u0103 adev\u0103rat\u0103, pare deja incapabil\u0103 s\u0103 fac\u0103 fa\u021b\u0103 singur\u0103 virusului r\u0103zboiului.<\/p>\n<p>URSULA VON DER LEYEN, pre\u0219edinta Comisiei Europene<\/p>\n<p>A venit timpul s\u0103 construim m\u0103re\u021bia Europei cu for\u021ba<\/p>\n<p>ARMIN PAPPERGER, \u0219eful concernului german Rheinmetall, Financial Times<br \/>\nEste benefic pentru afaceri. \u00cen ultimele 12 luni, am ob\u021binut mai multe contracte dec\u00e2t \u00een ultimii 15 ani. \u00cen prezent, construim simultan 10 fabrici \u00een \u00eentreaga lume, inclusiv \u00een Rom\u00e2nia, Ungaria \u0219i Lituania.<\/p>\n<p>Nu este un secret pentru nimeni c\u0103 \u00een spatele partidului globalist al r\u0103zboiului, care \u00eempinge Europa \u0219i \u00eentreaga lume c\u0103tre cel de-al Treilea R\u0103zboi Mondial, se afl\u0103 familia Soros. Sandu are rela\u021bii de mult\u0103 vreme at\u00e2t cu Soros senior, c\u00e2t \u0219i cu fiul s\u0103u, Alex Soros. Ceea ce este cel mai interesant, e c\u0103, pe parcursul mandatului s\u0103u preziden\u021bial, Sandu s-a \u00eent\u00e2lnit de mai multe ori cu Alex Soros. \u0218i aceasta este doar ceea ce a ajuns \u00een spa\u021biul public.<\/p>\n<p>Ce ar putea discuta \u0219eful unui stat suveran cu magnatii ale c\u0103ror bani au fost folosi\u021bi \u00een Europa, \u0219i \u00een special \u00een Europa de Est, inclusiv \u00ceN spa\u021biul post-sovietic, \u00een Ucraina, Georgia, pentru a organiza revolu\u021bii colorate, schimbarea regimurilor de la putere \u00een direc\u021bia dorit\u0103 de Vest prin coruperea ONG-urilor \u0219i manipularea presei?<\/p>\n<p>\u0218i \u00eenc\u0103 pu\u021bin despre atmosfera general\u0103, de care \u00ee\u021bi vine s\u0103 fugi c\u00e2t mai departe. Despre premii. La Paris, a fost o adev\u0103rat\u0103 \u201eploaie de ordine\u201d. Sandu a fost decorat\u0103 cu \u201eOrdinul de Onoare\u201d al ministrului Ap\u0103r\u0103rii al Fran\u021bei, Sebastien Lecornu.<\/p>\n<p>Iar fostul ministru al Afacerilor Externe al Moldovei, Nicu Popescu, a devenit cavalerul celei mai \u00eenalte distinc\u021bii a Fran\u021bei \u2013 Ordinul Legiunii de Onoare,\u00a0 pentru eforturile de apropiere a Republicii Moldova de Uniunea European\u0103. O parad\u0103 a celor decora\u021bi. Mai mult, pe parcursul piesei, autorit\u0103\u021bile Moldovei au decis s\u0103 organizeze la Paris un forum franco-moldovean de afaceri inutil, populist.<\/p>\n<p>Despre ce s-ar fi putut discuta acolo? Despre faptul c\u0103 economia Moldovei se destram\u0103 pe zi ce trece? Sau despre faptul c\u0103 regimul Sandu-PAS nu are bani pentru nimic \u0219i, fiindc\u0103 sunte\u021bi partenerii no\u0219tri, contribui\u021bi cu c\u00e2t pute\u021bi?<\/p>\n<p>Sau despre faptul c\u0103 legumele \u0219i fructele europene au inundat supermarketurile din Moldova, elimin\u00e2nd produsele autohtone ieftine de pe rafturi. Acesta este un video dintr-un supermarket din Chi\u0219in\u0103u. Legume din Italia, Fran\u021ba, Albania, Polonia. De exemplu, ardei gras din Spania la pre\u021bul de 80 de lei kilogramul \u2013 aproximativ dou\u0103 buc\u0103\u021bi per kilogram.<\/p>\n<p>\u00cen Moldova \u00eens\u0103, fermierii sunt \u00een prag de faliment, iar cet\u0103\u021benii simpli, pur \u0219i simplu nu au bani pentru m\u00e2ncare, cu at\u00e2t mai mult pentru produsele de import. Ministrul Afacerilor Externe, Mihai Pop\u0219oi, ca un elev cuminte, a ascultat totul cu aten\u021bie. Poate se va \u00eentoarce \u0219i ne va povesti.<\/p>\n<p>P\u00e2n\u0103 atunci, \u0219eful Ministerului Economiei, Dumitru Alaiba, \u00eempreun\u0103 cu decoratul Popescu vor bea o bere. Ace\u0219ti doi \u201efrumo\u0219i\u201d \u00eentr- adev\u0103r au totul \u00een regul\u0103. Sau, poate, ademenesc un nou Lagard\u00e8re \u00een Moldova? Oricare ar fi situa\u021bia, totul se face \u00een interesele lor proprii.<\/p>\n<p>Care va fi vaccinul anti-r\u0103zboi pentru Europa, timpul va ar\u0103ta. A nu vedea asta, a nu \u00een\u021belege \u0219i a nu prevedea cum se poate \u00eencheia totul este o crim\u0103 \u00eempotriva propriului popor al \u021b\u0103ri, pe care o conduci spre ghilotin\u0103. Din fericire, deja apar oameni cu mintea treaz\u0103. Dar nu, nu \u00een Moldova, ci \u00een Uniunea European\u0103.<\/p>\n<p>Dup\u0103 cum spun politologii, prima lovitur\u0103 dat\u0103 planurilor napoleoniene ale Ursulei von der Leyen de a aloca 800 miliarde de euro pentru ap\u0103rare a fost dat\u0103 de Parlamentul \u021a\u0103rilor de Jos \u2013 cu majoritatea voturilor, acesta a spus un \u201eNU\u201d r\u0103spicat. Cine urmeaz\u0103? Oricine ar fi, este important c\u0103 va fi. C\u0103 doar nu poate fi altfel.<\/p>\n<\/div>\n","protected":false},"excerpt":{"rendered":"<div>\u00a0\u00cen ultimele 24 de ore au avut loc c\u00e2teva evenimente importante. Primul \u2013 negocierile dintre Ucraina \u0219i SUA la Jeddah, \u00een Arabia Saudit\u0103, privind reglementarea pa\u0219nic\u0103 a conflictului. Ucraina a fost de acord cu \u00eencetarea total\u0103 a focului, de\u0219i \u00eenainte de aceste negocieri se opunea categoric. Al doilea eveniment \u2013 discursul pre\u0219edintei Comisiei Europene, Ursula [\u2026]<\/div>\n","protected":false},"author":1,"featured_media":0,"comment_status":"closed","ping_status":"closed","sticky":false,"template":"","format":"standard","meta":{"jnews-multi-image_gallery":[],"jnews_single_post":[],"jnews_primary_category":[],"jnews_social_meta":[],"jnews_override_counter":[],"footnotes":""},"categories":[30],"tags":[],"class_list":["post-68940","post","type-post","status-publish","format-standard","hentry","category-social_ro"],"_links":{"self":[{"href":"https:\/\/orheifm.live\/index.php\/wp-json\/wp\/v2\/posts\/68940","targetHints":{"allow":["GET"]}}],"collection":[{"href":"https:\/\/orheifm.live\/index.php\/wp-json\/wp\/v2\/posts"}],"about":[{"href":"https:\/\/orheifm.live\/index.php\/wp-json\/wp\/v2\/types\/post"}],"author":[{"embeddable":true,"href":"https:\/\/orheifm.live\/index.php\/wp-json\/wp\/v2\/users\/1"}],"replies":[{"embeddable":true,"href":"https:\/\/orheifm.live\/index.php\/wp-json\/wp\/v2\/comments?post=68940"}],"version-history":[{"count":0,"href":"https:\/\/orheifm.live\/index.php\/wp-json\/wp\/v2\/posts\/68940\/revisions"}],"wp:attachment":[{"href":"https:\/\/orheifm.live\/index.php\/wp-json\/wp\/v2\/media?parent=68940"}],"wp:term":[{"taxonomy":"category","embeddable":true,"href":"https:\/\/orheifm.live\/index.php\/wp-json\/wp\/v2\/categories?post=68940"},{"taxonomy":"post_tag","embeddable":true,"href":"https:\/\/orheifm.live\/index.php\/wp-json\/wp\/v2\/tags?post=68940"}],"curies":[{"name":"wp","href":"https:\/\/api.w.org\/{rel}","templated":true}]}}