{"id":68938,"date":"2025-03-12T22:06:06","date_gmt":"2025-03-12T20:06:06","guid":{"rendered":"https:\/\/orheifm.live\/index.php\/2025\/03\/12\/luptatorul-cu-fake-news-urile-valeriu-pasa-obligat-de-instanta-sa-ceara-scuze-pentru-dezinformare\/"},"modified":"2025-03-12T22:06:06","modified_gmt":"2025-03-12T20:06:06","slug":"luptatorul-cu-fake-news-urile-valeriu-pasa-obligat-de-instanta-sa-ceara-scuze-pentru-dezinformare","status":"publish","type":"post","link":"https:\/\/orheifm.live\/index.php\/2025\/03\/12\/luptatorul-cu-fake-news-urile-valeriu-pasa-obligat-de-instanta-sa-ceara-scuze-pentru-dezinformare\/","title":{"rendered":"Lupt\u0103torul cu Fake News-urile, Valeriu Pa\u0219a, obligat de instan\u021b\u0103 s\u0103 cear\u0103 scuze pentru dezinformare"},"content":{"rendered":"<div>\n<p><strong>Un membru al Consiliului Centrului pentru Comunica\u021bii Strategice \u0219i Combaterea Dezinformarii r\u0103sp\u00e2nde\u0219te minciuni. Judec\u0103toria Centru i-a ordonat pre\u0219edintelui comunit\u0103\u021bii Watch Dog.MD Valeriu Pa\u0219a s\u0103-i cear\u0103 scuze publice fostului viceministru al Afacerilor Externe al Republicii Moldova, analistul politic Valeriu Ostalep pentru informa\u021bii false. Pa\u0219a nu recunoa\u0219te vinov\u0103\u021bia \u0219i inten\u021bioneaz\u0103 s\u0103 conteste decizia instan\u021bei<\/strong>.<br \/>\n<iframe loading=\"lazy\" title=\"YouTube video player\" src=\"https:\/\/www.youtube.com\/embed\/yExa9sUgfk4?si=Wm5EbznNAeZgg_3c\" width=\"560\" height=\"315\" frameborder=\"0\" allowfullscreen=\"allowfullscreen\"><\/iframe><br \/>\n\u00centre timp, Valeriu Ostalep consider\u0103 c\u0103 justi\u021bia a stat deja de dou\u0103 ori de partea sa \u00een acest caz \u0219i inten\u021bioneaz\u0103 s\u0103 ob\u021bin\u0103 o pedeaps\u0103 definitiv\u0103 pentru adversarul s\u0103u, chiar dac\u0103 va trebui s\u0103 se adreseze Cur\u021bii Europene a Drepturilor Omului.<\/p>\n<p>Valeriu Pa\u0219a, membru al Consiliului Centrului de Comunicare Strategic\u0103 \u0219i Combatere a Dezinformarii, \u0219ef al unui ONG specializat pe aceast\u0103 tem\u0103, este obligat s\u0103 prezinte scuze lui Valeriu Ostalep \u0219i s\u0103 infirme public informa\u021biile false prezentate \u00een emisiunea \u201eOra Expertizei\u201d de la Jurnal TV din 5 aprilie 2021. Acest verdict a fost pronun\u021bat de judec\u0103toria Centru sub aspectul de a proteja onoarea, demnitatea \u0219i reputa\u021bia profesional\u0103 a fostului ministru de Externe fa\u021b\u0103 de expert.<\/p>\n<p>Autoritatea a recunoscut c\u0103 afirma\u021biile lui Pa\u0219a conform c\u0103rora Ostalep ar fi \u00een mod oficial proprietarul companiei Argus pe h\u00e2rtie, dar \u0219i intermediar \u0219i s-ar subordona lui Vladimir Plahotniuc, sunt false \u0219i nu au nicio dovad\u0103 factologic\u0103.<\/p>\n<p>Valeriu Pa\u0219a a declarat pentru Canal 5 c\u0103 nu inten\u021bioneaz\u0103 s\u0103 prezinte scuze \u0219i c\u0103 va contesta decizia instan\u021bei. De asemenea, el a promis s\u0103 ofere mai multe detalii pe aceast\u0103 tem\u0103 \u00eentr-o interven\u021bie ulterioar\u0103.<\/p>\n<p>Din punct de vedere moral \u0219i etic, Pa\u0219a nu consider\u0103 c\u0103 exist\u0103 vreo problem\u0103 \u00een a continua activitatea sa \u00een organiza\u021biile care lupt\u0103 \u00eempotriva dezinform\u0103rii, chiar dac\u0103 va fi emis\u0103 o decizie final\u0103, irevocabil\u0103, care s\u0103 confirme c\u0103 a r\u0103sp\u00e2ndit minciuni.<\/p>\n<p>VALERIU PA\u0218A, pre\u0219edintele organiza\u021biei neguvernamentale Watch Dog.MD<\/p>\n<p>Aceasta este o decizie complet nefondat\u0103, aflat\u0103 deja \u00een turul al treilea. Acest lucru nu m\u0103 surprinde, av\u00e2nd \u00een vedere tipul de justi\u021bie din Moldova. Ei bine, aceasta, apropo, este despre controlul ONG-ului asupra sistemului de justi\u021bie\u00a0 Voi face o declara\u021bie mai t\u00e2rziu.<\/p>\n<p>Valeriu Ostalep a remarcat c\u0103 Valeriu Pa\u0219a a avut patru ani pentru a furniza dovezi \u00een sus\u021binerea cuvintelor sale, lucru pe care nu l-a f\u0103cut. Totodat\u0103, Ostalep a subliniat c\u0103 inculpatul a fost deja g\u0103sit vinovat \u00eentr-o prim\u0103 instan\u021b\u0103 \u00een acest dosar, \u00eens\u0103, din cauza deciziei Cur\u021bii de Apel, cazul a fost trimis din nou la instan\u021ba de fond.<\/p>\n<p>VALERIU OSTALEP, analist politic, fost viceministru de Externe<\/p>\n<p>Cert este c\u0103 Pa\u0219a primise deja o hot\u0103r\u00e2re judec\u0103toreasc\u0103 pe aceea\u0219i tem\u0103 \u00een 2021, asupra c\u0103reia a fost g\u0103sit vinovat de r\u0103sp\u00e2ndire de dezinformare. Dup\u0103 care Curtea de Apel, \u00eentr-un format foarte ciudat pentru mine, din moment ce nu am primit cita\u021bie sau nimic, nici nu \u0219tiam de aceast\u0103 \u00eent\u00e2lnire, acest lucru nu este important pentru mine, a considerat c\u0103 el \u0219i-ar fi exprimat pur \u0219i simplu opinia.<\/p>\n<p>Cert este c\u0103 Curtea Suprem\u0103 a vorbit deja pe aceast\u0103 tem\u0103, recunosc\u00e2nd c\u0103 am avut dreptate \u0219i \u2013 aten\u021bie! \u2013 ar\u0103t\u00e2nd Cur\u021bii de Apel c\u0103 \u00eenc\u0103lcarea drepturilor mele este inacceptabil\u0103.<\/p>\n<p>Acum, Curtea de Apel, pentru a transforma toate acestea \u00een absurd, ei repet\u0103 aceea\u0219i serie, adic\u0103 am ajuns din nou \u00een prim\u0103 instan\u021b\u0103, Pa\u0219a a fost deja g\u0103sit vinovat de instan\u021b\u0103 pentru a doua oar\u0103 de r\u0103sp\u00e2ndire dezinformare \u0219i calomnie despre mine.<\/p>\n<p>Valeriu Ostalep afirm\u0103 c\u0103, \u00een acest ritm, procesul ar putea dura \u0219ase sau \u0219apte ani, de\u0219i termenul limit\u0103 pentru analizarea unor astfel de cazuri este de cinci ani. El consider\u0103 c\u0103 i se \u00eencalc\u0103 drepturile fundamentale la un proces echitabil \u0219i inten\u021bioneaz\u0103 s\u0103 fac\u0103 recurs la CEDO.<\/p>\n<p>De asemenea, trebuie men\u021bionat c\u0103 Centrul de Comunicare Strategic\u0103 \u0219i Combatere a Dezinform\u0103rii, unde Valeriu Pa\u0219a este membru al Consiliului, a fost creat la ini\u021biativa pre\u0219edintelui Maia Sandu.<\/p>\n<p>Cu toate acestea, nimeni nu \u0219tie ce face, de fapt, aceast\u0103 structur\u0103, \u00een ciuda faptului c\u0103 este finan\u021bat\u0103 din bugetul de stat \u0219i lucreaz\u0103 \u00een favoarea PAS, av\u00e2nd un buget anual de 20 de milioane de lei. Toamna trecut\u0103, dup\u0103 un an de activitate al Centrului, deputa\u021bii opozi\u021biei au solicitat s\u0103 o asculte pe, Ana Revenco, cea care conduce institu\u021bia, \u00eens\u0103 majoritatea PAS a respins propunerea.<\/p>\n<p>\u00centre timp, ONG-ul Watch Dog, condus de Pa\u0219a, este foarte activ \u00een lupta \u00eempotriva a\u0219a-zisei dezinform\u0103ri \u0219i propagandei \u00een mediul online. Potrivit reclama\u021biilor, inclusiv din partea acestei organiza\u021bii, \u00een ultimul an \u0219i jum\u0103tate, autorit\u0103\u021bile moldovene\u0219ti au suspendat sau revocat licen\u021bele a 14 posturi de televiziune \u0219i au \u00eenchis peste 50 de site-uri de \u0219tiri.<\/p>\n<p>De asemenea, trebuie men\u021bionat c\u0103 una dintre sursele de finan\u021bare ale ONG-ului Watch Dog este USAID, o organiza\u021bie pe care fostul pre\u0219edinte american Donald Trump a numit-o \u201ecriminal\u0103\u201d \u0219i activitatea c\u0103reia este, \u00een prezent, investigat\u0103.<\/p>\n<\/div>\n","protected":false},"excerpt":{"rendered":"<div><img loading=\"lazy\" decoding=\"async\" width=\"480\" height=\"320\" src=\"https:\/\/canal5.md\/wp-content\/uploads\/2025\/03\/i-4-1-optimized.webp\" class=\"attachment-large size-large wp-post-image\" alt=\"\" srcset=\"https:\/\/canal5.md\/wp-content\/uploads\/2025\/03\/i-4-1-optimized.webp 480w, https:\/\/canal5.md\/wp-content\/uploads\/2025\/03\/i-4-1-300x200-optimized.webp 300w\">Un membru al Consiliului Centrului pentru Comunica\u021bii Strategice \u0219i Combaterea Dezinformarii r\u0103sp\u00e2nde\u0219te minciuni. Judec\u0103toria Centru i-a ordonat pre\u0219edintelui comunit\u0103\u021bii Watch Dog.MD Valeriu Pa\u0219a s\u0103-i cear\u0103 scuze publice fostului viceministru al Afacerilor Externe al Republicii Moldova, analistul politic Valeriu Ostalep pentru informa\u021bii false. Pa\u0219a nu recunoa\u0219te vinov\u0103\u021bia \u0219i inten\u021bioneaz\u0103 s\u0103 conteste decizia instan\u021bei. \u00centre timp, Valeriu [\u2026]<\/div>\n","protected":false},"author":1,"featured_media":68939,"comment_status":"closed","ping_status":"closed","sticky":false,"template":"","format":"standard","meta":{"jnews-multi-image_gallery":[],"jnews_single_post":[],"jnews_primary_category":[],"jnews_social_meta":[],"jnews_override_counter":[],"footnotes":""},"categories":[30],"tags":[],"class_list":["post-68938","post","type-post","status-publish","format-standard","has-post-thumbnail","hentry","category-social_ro"],"_links":{"self":[{"href":"https:\/\/orheifm.live\/index.php\/wp-json\/wp\/v2\/posts\/68938","targetHints":{"allow":["GET"]}}],"collection":[{"href":"https:\/\/orheifm.live\/index.php\/wp-json\/wp\/v2\/posts"}],"about":[{"href":"https:\/\/orheifm.live\/index.php\/wp-json\/wp\/v2\/types\/post"}],"author":[{"embeddable":true,"href":"https:\/\/orheifm.live\/index.php\/wp-json\/wp\/v2\/users\/1"}],"replies":[{"embeddable":true,"href":"https:\/\/orheifm.live\/index.php\/wp-json\/wp\/v2\/comments?post=68938"}],"version-history":[{"count":0,"href":"https:\/\/orheifm.live\/index.php\/wp-json\/wp\/v2\/posts\/68938\/revisions"}],"wp:featuredmedia":[{"embeddable":true,"href":"https:\/\/orheifm.live\/index.php\/wp-json\/wp\/v2\/media\/68939"}],"wp:attachment":[{"href":"https:\/\/orheifm.live\/index.php\/wp-json\/wp\/v2\/media?parent=68938"}],"wp:term":[{"taxonomy":"category","embeddable":true,"href":"https:\/\/orheifm.live\/index.php\/wp-json\/wp\/v2\/categories?post=68938"},{"taxonomy":"post_tag","embeddable":true,"href":"https:\/\/orheifm.live\/index.php\/wp-json\/wp\/v2\/tags?post=68938"}],"curies":[{"name":"wp","href":"https:\/\/api.w.org\/{rel}","templated":true}]}}