{"id":68936,"date":"2025-03-12T22:04:08","date_gmt":"2025-03-12T20:04:08","guid":{"rendered":"https:\/\/orheifm.live\/index.php\/2025\/03\/12\/irina-lozovan-dosarul-meu-este-unul-politic-fabricat-pentru-a-face-presiuni-asupra-opozitiei-video\/"},"modified":"2025-03-12T22:04:08","modified_gmt":"2025-03-12T20:04:08","slug":"irina-lozovan-dosarul-meu-este-unul-politic-fabricat-pentru-a-face-presiuni-asupra-opozitiei-video","status":"publish","type":"post","link":"https:\/\/orheifm.live\/index.php\/2025\/03\/12\/irina-lozovan-dosarul-meu-este-unul-politic-fabricat-pentru-a-face-presiuni-asupra-opozitiei-video\/","title":{"rendered":"Irina Lozovan: \u2018Dosarul meu este unul politic, fabricat pentru a face presiuni asupra opozi\u021biei |VIDEO"},"content":{"rendered":"<div>\n<p><strong>\u00cen\u021belegem c\u0103 tr\u0103im \u00eentr-un stat capturat, unde dictatura a fost instaurat\u0103 la toate nivelurile, dar, \u00een ciuda acestui fapt, \u00eenc\u0103 mai credem \u00een dreptate. <\/strong><br \/>\n<iframe loading=\"lazy\" title=\"YouTube video player\" src=\"https:\/\/www.youtube.com\/embed\/H5wBC98RJMg?si=7rNq4WgDt92S5KvF\" width=\"560\" height=\"315\" frameborder=\"0\" allowfullscreen=\"allowfullscreen\"><\/iframe><br \/>\nAsta a declarat deputatul grupului parlamentar Victorie, Irina Lozovan \u00eenainte de \u00eenceperea \u0219edin\u021bei de judecat\u0103, care a avut loc ast\u0103zi \u00een aceea\u0219i instan\u021b\u0103 \u0219i aproape \u00een acela\u0219i timp cu Evghenia Gu\u021bul \u0219i Svetlana Popan. Lozovan afirm\u0103 c\u0103 acuza\u021biile care i se aduc sunt false.<\/p>\n<p>V\u0103 reamintim c\u0103, \u00een iunie 2023, Procuratura a trimis \u00een judecat\u0103 un dosar penal \u00eempotriva deputatului Irina Lozovan \u0219i a so\u021bului acesteia, Pavel G\u00e2rleanu, fiind acuza\u021bi de finan\u021barea unui partid politic de c\u0103tre un grup criminal organizat \u0219i complicitate la aceasta.<\/p>\n<p>Cei doi so\u021bi nu-\u0219i recunosc vinov\u0103\u021bia \u0219i sus\u021bin c\u0103 dosarul este unul politic, fabricat la indica\u021bia partidului de guvern\u0103m\u00e2nt pentru a face presiuni asupra opozi\u021biei.<\/p>\n<p>IRINA LOZOVAN deputat grupul parlamentar \u201eVictorie\u201d<\/p>\n<p>Toat\u0103 lumea \u0219tie c\u0103 eu, so\u021bul meu \u0219i membrii familiei mele \u00ee\u0219i exprim\u0103 punctul de vedere deschis \u0219i peste tot. \u00centotdeauna am spus \u0219i vom continua s\u0103 spunem c\u0103 Republica Moldova trebuie s\u0103 fie un stat independent \u0219i neutru, c\u0103 trebuie s\u0103 fim prieteni cu Federa\u021bia Rus\u0103 \u0219i s\u0103 cooper\u0103m cu Uniunea Eurasiatic\u0103.<\/p>\n<p>\u0218i tocmai din acest punct de vedere autorit\u0103\u021bile au decis s\u0103 fac\u0103 presiuni asupra noastr\u0103. Vreau s\u0103 cred \u00eentr-o justi\u021bie corect\u0103. Vremurile se vor schimba \u00een Moldova \u0219i toate cazurile politice fabricate se vor duce pe apa s\u00e2mbetei.<\/p>\n<\/div>\n","protected":false},"excerpt":{"rendered":"<div><img loading=\"lazy\" decoding=\"async\" width=\"696\" height=\"392\" src=\"https:\/\/canal5.md\/wp-content\/uploads\/2025\/03\/i-3-2-1024x576-optimized.webp\" class=\"attachment-large size-large wp-post-image\" alt=\"\" srcset=\"https:\/\/canal5.md\/wp-content\/uploads\/2025\/03\/i-3-2-1024x576-optimized.webp 1024w, https:\/\/canal5.md\/wp-content\/uploads\/2025\/03\/i-3-2-300x169-optimized.webp 300w, https:\/\/canal5.md\/wp-content\/uploads\/2025\/03\/i-3-2-768x432-optimized.webp 768w, https:\/\/canal5.md\/wp-content\/uploads\/2025\/03\/i-3-2-696x392-optimized.webp 696w, https:\/\/canal5.md\/wp-content\/uploads\/2025\/03\/i-3-2-1068x601-optimized.webp 1068w, https:\/\/canal5.md\/wp-content\/uploads\/2025\/03\/i-3-2-optimized.webp 1280w\">\u00cen\u021belegem c\u0103 tr\u0103im \u00eentr-un stat capturat, unde dictatura a fost instaurat\u0103 la toate nivelurile, dar, \u00een ciuda acestui fapt, \u00eenc\u0103 mai credem \u00een dreptate. Asta a declarat deputatul grupului parlamentar Victorie, Irina Lozovan \u00eenainte de \u00eenceperea \u0219edin\u021bei de judecat\u0103, care a avut loc ast\u0103zi \u00een aceea\u0219i instan\u021b\u0103 \u0219i aproape \u00een acela\u0219i timp cu Evghenia Gu\u021bul [\u2026]<\/div>\n","protected":false},"author":1,"featured_media":68937,"comment_status":"closed","ping_status":"closed","sticky":false,"template":"","format":"standard","meta":{"jnews-multi-image_gallery":[],"jnews_single_post":[],"jnews_primary_category":[],"jnews_social_meta":[],"jnews_override_counter":[],"footnotes":""},"categories":[23],"tags":[],"class_list":["post-68936","post","type-post","status-publish","format-standard","has-post-thumbnail","hentry","category-politica_ro"],"_links":{"self":[{"href":"https:\/\/orheifm.live\/index.php\/wp-json\/wp\/v2\/posts\/68936","targetHints":{"allow":["GET"]}}],"collection":[{"href":"https:\/\/orheifm.live\/index.php\/wp-json\/wp\/v2\/posts"}],"about":[{"href":"https:\/\/orheifm.live\/index.php\/wp-json\/wp\/v2\/types\/post"}],"author":[{"embeddable":true,"href":"https:\/\/orheifm.live\/index.php\/wp-json\/wp\/v2\/users\/1"}],"replies":[{"embeddable":true,"href":"https:\/\/orheifm.live\/index.php\/wp-json\/wp\/v2\/comments?post=68936"}],"version-history":[{"count":0,"href":"https:\/\/orheifm.live\/index.php\/wp-json\/wp\/v2\/posts\/68936\/revisions"}],"wp:featuredmedia":[{"embeddable":true,"href":"https:\/\/orheifm.live\/index.php\/wp-json\/wp\/v2\/media\/68937"}],"wp:attachment":[{"href":"https:\/\/orheifm.live\/index.php\/wp-json\/wp\/v2\/media?parent=68936"}],"wp:term":[{"taxonomy":"category","embeddable":true,"href":"https:\/\/orheifm.live\/index.php\/wp-json\/wp\/v2\/categories?post=68936"},{"taxonomy":"post_tag","embeddable":true,"href":"https:\/\/orheifm.live\/index.php\/wp-json\/wp\/v2\/tags?post=68936"}],"curies":[{"name":"wp","href":"https:\/\/api.w.org\/{rel}","templated":true}]}}