{"id":68934,"date":"2025-03-12T22:00:56","date_gmt":"2025-03-12T20:00:56","guid":{"rendered":"https:\/\/orheifm.live\/index.php\/2025\/03\/12\/evghenia-gutul-autoritatile-intentioneaza-sa-ne-lipseasca-de-posibilitatea-de-a-ne-apara-in-dosarul-politic-video\/"},"modified":"2025-03-12T22:00:56","modified_gmt":"2025-03-12T20:00:56","slug":"evghenia-gutul-autoritatile-intentioneaza-sa-ne-lipseasca-de-posibilitatea-de-a-ne-apara-in-dosarul-politic-video","status":"publish","type":"post","link":"https:\/\/orheifm.live\/index.php\/2025\/03\/12\/evghenia-gutul-autoritatile-intentioneaza-sa-ne-lipseasca-de-posibilitatea-de-a-ne-apara-in-dosarul-politic-video\/","title":{"rendered":"Evghenia Gu\u021bul: Autorit\u0103\u021bile inten\u021bioneaz\u0103 s\u0103 ne lipseasc\u0103 de posibilitatea de a ne ap\u0103ra \u00een dosarul politic |VIDEO"},"content":{"rendered":"<div>\n<p><strong>\u00cencearc\u0103 s\u0103 ne lipseasc\u0103 de posibilitatea de a ne ap\u0103ra. Despre aceasta a declarat Ba\u0219canul G\u0103g\u0103uziei, Evghenia Gu\u021bul, coment\u00e2nd cererea procurorului de a nu lua \u00een considerare dovezile prezentate de avocatul lor. <\/strong><br \/>\n<iframe loading=\"lazy\" title=\"YouTube video player\" src=\"https:\/\/www.youtube.com\/embed\/YZ9X91kLEPs?si=tBkHKvlveeVgGXXT\" width=\"560\" height=\"315\" frameborder=\"0\" allowfullscreen=\"allowfullscreen\"><\/iframe><br \/>\nLa finalul unei noi \u0219edin\u021be, liderul autonomiei a men\u021bionat c\u0103 procurorul nu a venit la proces, iar argumentele acuza\u021biei, \u00een opinia sa, s-au dovedit a fi din nou nefondate.<\/p>\n<p>\u0218edin\u021ba de miercuri a \u00een cazul Evgheniei Gu\u021bul \u0219i Svetlanei Popan a durat mult mai mult ca de obicei \u2013 peste trei ore. Mai \u00eent\u00e2i au fost examinate materialele dosarului, preg\u0103tite de acuzare.<\/p>\n<p>Apoi avocatul a prezentat dovezi ale nevinov\u0103\u021biei celor dou\u0103. Dup\u0103 \u0219edin\u021b\u0103, Evghenia Gu\u021bul a subliniat c\u0103 audierile de acum au confirmat \u00eenc\u0103 o dat\u0103 c\u0103 procurorul nu are argumente solide \u0219i nici m\u0103car nu s-a obosit s\u0103 vin\u0103 la proces, iar scopul autorit\u0103\u021bilor este unul singur \u2013 s\u0103 o destituie din func\u021bia de Ba\u0219can al G\u0103g\u0103uziei.<\/p>\n<p>EVGHENIA GU\u021aUL, ba\u0219canul G\u0103g\u0103uziei<\/p>\n<p>Ast\u0103zi, \u00een primele dou\u0103 ore, am ascultat din nou \u00eenregistr\u0103ri audio care demonstreaz\u0103 \u00eenc\u0103 o dat\u0103 c\u0103 acest dosar penal este fabricat \u0219i nu are nicio leg\u0103tur\u0103 nici cu mine, nici cu Svetlana Popan.<\/p>\n<p>Vreau s\u0103 spun c\u0103, \u00een cea de-a treia or\u0103, am primit lista de dovezi din partea ap\u0103r\u0103rii, adic\u0103 a noastr\u0103. Domnul Epure, procurorul anticorup\u021bie, deja \u00een mai multe \u0219edin\u021be nu consider\u0103 necesar s\u0103 se prezinte.<\/p>\n<p>Dar a considerat necesar s\u0103 demonstreze \u00een scris instan\u021bei c\u0103 dovezile noastre nu trebuie acceptate. Practic, nu ar trebui s\u0103 avem nicio posibilitate de a ne ap\u0103ra \u0219i de a demonstra cu adev\u0103rat nevinov\u0103\u021bia noastr\u0103. Acest dosar este unul politic, comandat pentru a m\u0103 lipsi de statutul de Ba\u0219can al Autonomiei G\u0103g\u0103uzia.<\/p>\n<p>Evgenia Gu\u021bul a declarat, de asemenea, c\u0103, \u00een loc s\u0103 rezolve problemele reale ale \u021b\u0103rii, autorit\u0103\u021bile se ocup\u0103 de persecutarea celor care nu \u00eemp\u0103rt\u0103\u0219esc politica lor. \u00cen acest sens, Ba\u0219canul a adus \u00een discu\u021bie situa\u021bia din sistemul de \u00eenv\u0103\u021b\u0103m\u00e2nt al G\u0103g\u0103uziei.<\/p>\n<p>EVGHENIA GU\u021aUL, ba\u0219canul G\u0103g\u0103uziei<\/p>\n<p>Ministerul Educa\u021biei, \u0219i anume Perciun \u0219i Maia Sandu, pretind c\u0103 ap\u0103r\u0103 copiii no\u0219tri, \u00een acela\u0219i timp \u00eens\u0103 \u00eei priveaz\u0103 pe copiii no\u0219tri de posibilitatea de a \u00eenv\u0103\u021ba limba gagauz\u0103 \u00eenc\u0103 din gr\u0103dini\u021b\u0103.<\/p>\n<p>Ast\u0103zi, c\u00e2nd am citit la \u0219tiri c\u0103 pre\u0219edintele nelegitim al Republicii Moldova, aflat \u00een str\u0103in\u0103tate, probabil \u00een Fran\u021ba, s-a \u00eent\u00e2lnit cu directorul general al UNESCO \u0219i au discutat despre dezvoltarea limbii gagauze, despre protejarea limbii gagauze, deoarece \u0219tim cu to\u021bii c\u0103 limba gagauz\u0103 este inclus\u0103 pe lista UNESCO \u0219i este \u00een pericol de dispari\u021bie. \u0218i m\u0103 \u0219ocheaz\u0103 minciuna aceasta din partea Maiei Sandu.<\/p>\n<p>Cum ne-a promis acum dou\u0103 s\u0103pt\u0103m\u00e2ni dezvoltarea limbii gagauze, dar acum ne priveaz\u0103 de profesori, care \u00ee\u0219i iubeau meseria, \u0219i care ar fi trebuit s\u0103 \u00eembun\u0103t\u0103\u021beasc\u0103 limba noastr\u0103 matern\u0103 \u00eenc\u0103 de la o v\u00e2rst\u0103 fraged\u0103. Astfel, mai mult de 70 de profesori r\u0103m\u00e2n f\u0103r\u0103 locuri de munc\u0103, f\u0103r\u0103 salarii. Toate acestea sunt puse pe umerii prim\u0103riei.<\/p>\n<p>De asemenea, Ba\u0219canul a comentat cazul tragic care a avut loc \u00een autonomie, \u00een care o feti\u021b\u0103 a fost lovit\u0103 de o ma\u0219in\u0103, promi\u021b\u00e2nd ajutor familiei.<\/p>\n<p>EVGHENIA GU\u021aUL, ba\u0219canul G\u0103g\u0103uziei<\/p>\n<p>\u00cen cadrul urm\u0103toarei \u0219edin\u021be a Comitetului Executiv, vom sus\u021bine din punct de vedere material aceast\u0103 familie. Nu-mi pot \u00eenchipui durerea \u0219i ce se \u00eent\u00e2mpl\u0103 \u00een familia aceasta, cu rudele lor, cu adev\u0103rat pl\u00e2nge \u00eentreaga G\u0103g\u0103uzie.<\/p>\n<p>\u0218i \u00een loc s\u0103 se ocupe autorit\u0103\u021bile de aplicarea legii, de protejarea copiilor no\u0219tri, de protec\u021bia cet\u0103\u021benii no\u0219tri, astfel \u00eenc\u00e2t criminalitatea s\u0103 nu fie la un nivel at\u00e2t de ridicat\u2026 Este cu adev\u0103rat o situa\u021bie istoric\u0103, deoarece acum, \u00een condi\u021biile \u00een care tr\u0103ie\u0219te \u00eentregul popor moldovenesc, nu a fost niciodat\u0103 a\u0219a. Copiii no\u0219tri nu sunt proteja\u021bi. \u0218i probabil c\u0103 trebuie revizuit\u0103 legisla\u021bia, astfel \u00eenc\u00e2t, persoanele mai \u00een v\u00e2rst\u0103 s\u0103 treac\u0103 printr-o comisie medical\u0103 suplimentar\u0103.<\/p>\n<p>Men\u021bion\u0103m c\u0103, conform deciziei judec\u0103torului, \u0219edin\u021bele \u00een procesul Evgheniei Gu\u021bul \u0219i Svetlanei Popan au loc de patru ori pe s\u0103pt\u0103m\u00e2n\u0103. Acestea sunt acuzate de complicitate \u00een finan\u021barea ilegal\u0103 a unui partid politic.<\/p>\n<p>Ambele neag\u0103 categoric toate acuza\u021biile aduse \u00eempotriva lor, calific\u00e2nd dosarul penal drept unul politic, deschis la ordinul Maiei Sandu \u0219i PAS. Procurorii refuz\u0103 s\u0103 ofere comentarii.<\/p>\n<\/div>\n","protected":false},"excerpt":{"rendered":"<div><img decoding=\"async\" width=\"696\" height=\"504\" src=\"https:\/\/canal5.md\/wp-content\/uploads\/2024\/03\/gutul--1024x742-optimized.png\" class=\"attachment-large size-large wp-post-image\" alt=\"\" loading=\"lazy\" srcset=\"https:\/\/canal5.md\/wp-content\/uploads\/2024\/03\/gutul--1024x742-optimized.png 1024w, https:\/\/canal5.md\/wp-content\/uploads\/2024\/03\/gutul--300x217-optimized.png 300w, https:\/\/canal5.md\/wp-content\/uploads\/2024\/03\/gutul--768x557-optimized.png 768w, https:\/\/canal5.md\/wp-content\/uploads\/2024\/03\/gutul--696x504-optimized.png 696w, https:\/\/canal5.md\/wp-content\/uploads\/2024\/03\/gutul--324x235-optimized.png 324w, https:\/\/canal5.md\/wp-content\/uploads\/2024\/03\/gutul--648x470-optimized.png 648w, https:\/\/canal5.md\/wp-content\/uploads\/2024\/03\/gutul--optimized.png 1032w\">\u00cencearc\u0103 s\u0103 ne lipseasc\u0103 de posibilitatea de a ne ap\u0103ra. Despre aceasta a declarat Ba\u0219canul G\u0103g\u0103uziei, Evghenia Gu\u021bul, coment\u00e2nd cererea procurorului de a nu lua \u00een considerare dovezile prezentate de avocatul lor. La finalul unei noi \u0219edin\u021be, liderul autonomiei a men\u021bionat c\u0103 procurorul nu a venit la proces, iar argumentele acuza\u021biei, \u00een opinia sa, s-au [\u2026]<\/div>\n","protected":false},"author":1,"featured_media":68935,"comment_status":"closed","ping_status":"closed","sticky":false,"template":"","format":"standard","meta":{"jnews-multi-image_gallery":[],"jnews_single_post":[],"jnews_primary_category":[],"jnews_social_meta":[],"jnews_override_counter":[],"footnotes":""},"categories":[23],"tags":[],"class_list":["post-68934","post","type-post","status-publish","format-standard","has-post-thumbnail","hentry","category-politica_ro"],"_links":{"self":[{"href":"https:\/\/orheifm.live\/index.php\/wp-json\/wp\/v2\/posts\/68934","targetHints":{"allow":["GET"]}}],"collection":[{"href":"https:\/\/orheifm.live\/index.php\/wp-json\/wp\/v2\/posts"}],"about":[{"href":"https:\/\/orheifm.live\/index.php\/wp-json\/wp\/v2\/types\/post"}],"author":[{"embeddable":true,"href":"https:\/\/orheifm.live\/index.php\/wp-json\/wp\/v2\/users\/1"}],"replies":[{"embeddable":true,"href":"https:\/\/orheifm.live\/index.php\/wp-json\/wp\/v2\/comments?post=68934"}],"version-history":[{"count":0,"href":"https:\/\/orheifm.live\/index.php\/wp-json\/wp\/v2\/posts\/68934\/revisions"}],"wp:featuredmedia":[{"embeddable":true,"href":"https:\/\/orheifm.live\/index.php\/wp-json\/wp\/v2\/media\/68935"}],"wp:attachment":[{"href":"https:\/\/orheifm.live\/index.php\/wp-json\/wp\/v2\/media?parent=68934"}],"wp:term":[{"taxonomy":"category","embeddable":true,"href":"https:\/\/orheifm.live\/index.php\/wp-json\/wp\/v2\/categories?post=68934"},{"taxonomy":"post_tag","embeddable":true,"href":"https:\/\/orheifm.live\/index.php\/wp-json\/wp\/v2\/tags?post=68934"}],"curies":[{"name":"wp","href":"https:\/\/api.w.org\/{rel}","templated":true}]}}