{"id":68932,"date":"2025-03-12T21:58:03","date_gmt":"2025-03-12T19:58:03","guid":{"rendered":"https:\/\/orheifm.live\/index.php\/2025\/03\/12\/guvernul-pas-infranti-ministrul-agriculturii-ludmila-catlabuga-a-fugit-de-intrebarile-jurnalistilor-de-la-canal-5-privind-criza-fermierilor-video\/"},"modified":"2025-03-12T21:58:03","modified_gmt":"2025-03-12T19:58:03","slug":"guvernul-pas-infranti-ministrul-agriculturii-ludmila-catlabuga-a-fugit-de-intrebarile-jurnalistilor-de-la-canal-5-privind-criza-fermierilor-video","status":"publish","type":"post","link":"https:\/\/orheifm.live\/index.php\/2025\/03\/12\/guvernul-pas-infranti-ministrul-agriculturii-ludmila-catlabuga-a-fugit-de-intrebarile-jurnalistilor-de-la-canal-5-privind-criza-fermierilor-video\/","title":{"rendered":"Guvernul PAS \u2013 \u00eenfr\u00e2n\u021bi? Ministrul Agriculturii Ludmila Catlabuga a fugit de \u00eentreb\u0103rile jurnali\u0219tilor de la CANAL 5 privind criza fermierilor |VIDEO"},"content":{"rendered":"<div>\n<p><strong>\u00cenc\u0103 un demnitar PAS evit\u0103 \u00eentreb\u0103rile jurnali\u0219tilor CANAL 5. De aceast\u0103 dat\u0103, ministrul Agriculturii, Ludmila Catlabuga, aflat\u0103 la o expozi\u021bie dedicat\u0103 agricultorilor, a refuzat s\u0103 ne spun\u0103 ce m\u0103suri va lua pentru a sprijini fermierii care \u00eent\u00e2mpin\u0103 dificult\u0103\u021bi \u00een a \u00eencepe lucr\u0103rile de prim\u0103var\u0103 \u0219i risc\u0103 falimentul. <\/strong><br \/>\n<iframe loading=\"lazy\" title=\"YouTube video player\" src=\"https:\/\/www.youtube.com\/embed\/_dwi6pmkp4s?si=A9jd9pp7amvQujNq\" width=\"560\" height=\"315\" frameborder=\"0\" allowfullscreen=\"allowfullscreen\"><\/iframe><br \/>\nMinistra a t\u0103cut \u0219i a p\u0103r\u0103sit rapid locul, fugind prin pavilionul Moldexpo. Purt\u0103torul de cuv\u00e2nt a acesteia a explicat c\u0103 Ludmila Catlabuga nu va r\u0103spunde \u00eentreb\u0103rilor CANAL 5.<\/p>\n<p>De cur\u00e2nd, \u00een institu\u021biile statului au acces doar jurnali\u0219tii care fac imagine puterii. Prin urmare, \u00eencerc\u0103m s\u0103 abord\u0103m reprezentan\u021bii puterii, la evenimentele publice, pentru a le cere socoteal\u0103 cu privire la o problem\u0103 sau alta. CANAL5 nu este de acord cu restric\u021biile impuse \u0219i le va contesta prin toate mijloacele legale disponibile.<\/p>\n<p>Amintim c\u0103 agricultorii amenin\u021b\u0103 din nou cu proteste. Ace\u0219tia spun c\u0103 noul an agricol risc\u0103 s\u0103 fie compromis nu doar de calamit\u0103\u021bi naturale, dar mai ales de lipsa unei interven\u021bii eficiente a statului \u00een sectorul de cereale \u0219i oleaginoase.<\/p>\n<p>Fermierii afirm\u0103 c\u0103, \u00een noul sezon agricol, foarte mul\u021bi dintre ei au intrat f\u0103r\u0103 mijloace financiare \u0219i resurse ca s\u0103-\u0219i continue activitatea, fiind refuza\u021bi s\u0103 fie credita\u021bi de institu\u021bii financiare sau de furnizorii de \u00eemprumuturi.<\/p>\n<p>Ministrului nu-i sunt \u00eens\u0103 interesante at\u00e2t de importante pentru fermieri, pentru ea este mai important s\u0103 fac\u0103 declara\u021bii ticluite din timp pentru mass-media loiale guvernului.<\/p>\n<p>ministra agriculturii fuge de intrebari<\/p>\n<p>\u2013 \u00cen contextul lucr\u0103rilor de prim\u0103var\u0103, mul\u021bi fermieri spun c\u0103 risc\u0103 s\u0103 falimenteze, nu le ajung bani, b\u0103ncile spun c\u0103 nu le ofer\u0103 credite\u2026<\/p>\n<p>\u2013 Nu se ofer\u0103 interviu la Canal 5.<\/p>\n<p>\u2013 Din ce cauz\u0103 nu se ofer\u0103?<\/p>\n<p>\u2013 C\u00e2nd o s\u0103 intra\u021bi \u00een cadrul legal, atunci o s\u0103 se ofere interviu.<\/p>\n<p>\u2013 Noi suntem liberi profesioni\u0219ti \u0219i activ\u0103m, adic\u0103 nu se ofer\u0103? \u2026<\/p>\n<\/div>\n","protected":false},"excerpt":{"rendered":"<div><img decoding=\"async\" width=\"696\" height=\"392\" src=\"https:\/\/canal5.md\/wp-content\/uploads\/2025\/03\/photo_2025-03-12_20-43-23-1024x577-optimized.jpg\" class=\"attachment-large size-large wp-post-image\" alt=\"\" loading=\"lazy\" srcset=\"https:\/\/canal5.md\/wp-content\/uploads\/2025\/03\/photo_2025-03-12_20-43-23-1024x577-optimized.jpg 1024w, https:\/\/canal5.md\/wp-content\/uploads\/2025\/03\/photo_2025-03-12_20-43-23-300x169-optimized.jpg 300w, https:\/\/canal5.md\/wp-content\/uploads\/2025\/03\/photo_2025-03-12_20-43-23-768x433-optimized.jpg 768w, https:\/\/canal5.md\/wp-content\/uploads\/2025\/03\/photo_2025-03-12_20-43-23-696x392-optimized.jpg 696w, https:\/\/canal5.md\/wp-content\/uploads\/2025\/03\/photo_2025-03-12_20-43-23-1068x602-optimized.jpg 1068w, https:\/\/canal5.md\/wp-content\/uploads\/2025\/03\/photo_2025-03-12_20-43-23-optimized.jpg 1170w\">\u00cenc\u0103 un demnitar PAS evit\u0103 \u00eentreb\u0103rile jurnali\u0219tilor CANAL 5. De aceast\u0103 dat\u0103, ministrul Agriculturii, Ludmila Catlabuga, aflat\u0103 la o expozi\u021bie dedicat\u0103 agricultorilor, a refuzat s\u0103 ne spun\u0103 ce m\u0103suri va lua pentru a sprijini fermierii care \u00eent\u00e2mpin\u0103 dificult\u0103\u021bi \u00een a \u00eencepe lucr\u0103rile de prim\u0103var\u0103 \u0219i risc\u0103 falimentul. Ministra a t\u0103cut \u0219i a p\u0103r\u0103sit rapid locul, [\u2026]<\/div>\n","protected":false},"author":1,"featured_media":68933,"comment_status":"closed","ping_status":"closed","sticky":false,"template":"","format":"standard","meta":{"jnews-multi-image_gallery":[],"jnews_single_post":[],"jnews_primary_category":[],"jnews_social_meta":[],"jnews_override_counter":[],"footnotes":""},"categories":[23],"tags":[],"class_list":["post-68932","post","type-post","status-publish","format-standard","has-post-thumbnail","hentry","category-politica_ro"],"_links":{"self":[{"href":"https:\/\/orheifm.live\/index.php\/wp-json\/wp\/v2\/posts\/68932","targetHints":{"allow":["GET"]}}],"collection":[{"href":"https:\/\/orheifm.live\/index.php\/wp-json\/wp\/v2\/posts"}],"about":[{"href":"https:\/\/orheifm.live\/index.php\/wp-json\/wp\/v2\/types\/post"}],"author":[{"embeddable":true,"href":"https:\/\/orheifm.live\/index.php\/wp-json\/wp\/v2\/users\/1"}],"replies":[{"embeddable":true,"href":"https:\/\/orheifm.live\/index.php\/wp-json\/wp\/v2\/comments?post=68932"}],"version-history":[{"count":0,"href":"https:\/\/orheifm.live\/index.php\/wp-json\/wp\/v2\/posts\/68932\/revisions"}],"wp:featuredmedia":[{"embeddable":true,"href":"https:\/\/orheifm.live\/index.php\/wp-json\/wp\/v2\/media\/68933"}],"wp:attachment":[{"href":"https:\/\/orheifm.live\/index.php\/wp-json\/wp\/v2\/media?parent=68932"}],"wp:term":[{"taxonomy":"category","embeddable":true,"href":"https:\/\/orheifm.live\/index.php\/wp-json\/wp\/v2\/categories?post=68932"},{"taxonomy":"post_tag","embeddable":true,"href":"https:\/\/orheifm.live\/index.php\/wp-json\/wp\/v2\/tags?post=68932"}],"curies":[{"name":"wp","href":"https:\/\/api.w.org\/{rel}","templated":true}]}}