{"id":68930,"date":"2025-03-12T21:55:05","date_gmt":"2025-03-12T19:55:05","guid":{"rendered":"https:\/\/orheifm.live\/index.php\/2025\/03\/12\/drumul-spre-scoala-a-fost-ultimul-pentru-o-fetita-de-11-ani-lovita-mortal-de-un-automobil-pe-marginea-drumului-video\/"},"modified":"2025-03-12T21:55:05","modified_gmt":"2025-03-12T19:55:05","slug":"drumul-spre-scoala-a-fost-ultimul-pentru-o-fetita-de-11-ani-lovita-mortal-de-un-automobil-pe-marginea-drumului-video","status":"publish","type":"post","link":"https:\/\/orheifm.live\/index.php\/2025\/03\/12\/drumul-spre-scoala-a-fost-ultimul-pentru-o-fetita-de-11-ani-lovita-mortal-de-un-automobil-pe-marginea-drumului-video\/","title":{"rendered":"Drumul spre \u0219coal\u0103 a fost ultimul pentru o feti\u021b\u0103 de 11 ani, lovit\u0103 mortal de un automobil pe marginea drumului |VIDEO"},"content":{"rendered":"<div>\n<p><strong>Tragedie \u00een satul Baurci, raionul Cead\u00eer-Lunga. O feti\u021b\u0103 de 11 ani care mergea pe marginea drumului spre \u0219coal\u0103 a fost lovit\u0103 mortal de un automobil. Nenorocirea a avut loc \u00een aceast\u0103 diminea\u021b\u0103. <\/strong><br \/>\n<iframe loading=\"lazy\" title=\"YouTube video player\" src=\"https:\/\/www.youtube.com\/embed\/f3hz1j1Zcb8?si=Q16ejsjfa6J6fkpg\" width=\"560\" height=\"315\" frameborder=\"0\" allowfullscreen=\"allowfullscreen\"><\/iframe><br \/>\nLa fa\u021ba locului s-a deplasat un echipaj de poli\u021bie care a stabilit c\u0103, un b\u0103rbat de 74 de ani, care conducea un automobil Renault, din motive necunoscute, deocamdat\u01ce, a pierdut controlul ma\u0219inii \u0219i a tamponat un copil care se deplasa pe marginea carosabilului. Fiind testat cu aparatul Drager s-a constatat c\u0103 \u0219oferul nu era \u00een stare de ebrietate.<\/p>\n<p>Potrivit Inspectoratului Na\u021bional al Poli\u021biei, administra\u021bia liceului la care \u00eenv\u0103\u021ba feti\u021ba a declarat c\u0103 aceasta era o elev\u0103 silitoare \u0219i singurul copil din familie. Accidentul s-a produs pe un segment de drum unde nu exista trecere de pietoni.<\/p>\n<p>Purt\u0103torul de cuv\u00e2nt al Inspectoratului de Poli\u021bie din G\u0103g\u0103uzia, Elena Ca\u0219u, a men\u021bionat c\u0103 anchetatorii iau \u00een calcul posibilitatea unei defec\u021biuni tehnice la vehicul. Poli\u021bia a deschis un dosar penal pentru a stabili toate circumstan\u021bele tragediei.<\/p>\n<\/div>\n","protected":false},"excerpt":{"rendered":"<div><img loading=\"lazy\" decoding=\"async\" width=\"696\" height=\"392\" src=\"https:\/\/canal5.md\/wp-content\/uploads\/2024\/12\/politia-nu-treceti-1-1280x720-1-1024x576-optimized.jpg\" class=\"attachment-large size-large wp-post-image\" alt=\"\" srcset=\"https:\/\/canal5.md\/wp-content\/uploads\/2024\/12\/politia-nu-treceti-1-1280x720-1-1024x576-optimized.jpg 1024w, https:\/\/canal5.md\/wp-content\/uploads\/2024\/12\/politia-nu-treceti-1-1280x720-1-300x169-optimized.jpg 300w, https:\/\/canal5.md\/wp-content\/uploads\/2024\/12\/politia-nu-treceti-1-1280x720-1-768x432-optimized.jpg 768w, https:\/\/canal5.md\/wp-content\/uploads\/2024\/12\/politia-nu-treceti-1-1280x720-1-696x392-optimized.jpg 696w, https:\/\/canal5.md\/wp-content\/uploads\/2024\/12\/politia-nu-treceti-1-1280x720-1-1068x601-optimized.jpg 1068w, https:\/\/canal5.md\/wp-content\/uploads\/2024\/12\/politia-nu-treceti-1-1280x720-1-optimized.jpg 1280w\">Tragedie \u00een satul Baurci, raionul Cead\u00eer-Lunga. O feti\u021b\u0103 de 11 ani care mergea pe marginea drumului spre \u0219coal\u0103 a fost lovit\u0103 mortal de un automobil. Nenorocirea a avut loc \u00een aceast\u0103 diminea\u021b\u0103. La fa\u021ba locului s-a deplasat un echipaj de poli\u021bie care a stabilit c\u0103, un b\u0103rbat de 74 de ani, care conducea un automobil [\u2026]<\/div>\n","protected":false},"author":1,"featured_media":68931,"comment_status":"closed","ping_status":"closed","sticky":false,"template":"","format":"standard","meta":{"jnews-multi-image_gallery":[],"jnews_single_post":[],"jnews_primary_category":[],"jnews_social_meta":[],"jnews_override_counter":[],"footnotes":""},"categories":[30],"tags":[],"class_list":["post-68930","post","type-post","status-publish","format-standard","has-post-thumbnail","hentry","category-social_ro"],"_links":{"self":[{"href":"https:\/\/orheifm.live\/index.php\/wp-json\/wp\/v2\/posts\/68930","targetHints":{"allow":["GET"]}}],"collection":[{"href":"https:\/\/orheifm.live\/index.php\/wp-json\/wp\/v2\/posts"}],"about":[{"href":"https:\/\/orheifm.live\/index.php\/wp-json\/wp\/v2\/types\/post"}],"author":[{"embeddable":true,"href":"https:\/\/orheifm.live\/index.php\/wp-json\/wp\/v2\/users\/1"}],"replies":[{"embeddable":true,"href":"https:\/\/orheifm.live\/index.php\/wp-json\/wp\/v2\/comments?post=68930"}],"version-history":[{"count":0,"href":"https:\/\/orheifm.live\/index.php\/wp-json\/wp\/v2\/posts\/68930\/revisions"}],"wp:featuredmedia":[{"embeddable":true,"href":"https:\/\/orheifm.live\/index.php\/wp-json\/wp\/v2\/media\/68931"}],"wp:attachment":[{"href":"https:\/\/orheifm.live\/index.php\/wp-json\/wp\/v2\/media?parent=68930"}],"wp:term":[{"taxonomy":"category","embeddable":true,"href":"https:\/\/orheifm.live\/index.php\/wp-json\/wp\/v2\/categories?post=68930"},{"taxonomy":"post_tag","embeddable":true,"href":"https:\/\/orheifm.live\/index.php\/wp-json\/wp\/v2\/tags?post=68930"}],"curies":[{"name":"wp","href":"https:\/\/api.w.org\/{rel}","templated":true}]}}