{"id":68926,"date":"2025-03-12T21:48:35","date_gmt":"2025-03-12T19:48:35","guid":{"rendered":"https:\/\/orheifm.live\/index.php\/2025\/03\/12\/ue-anunta-politica-pacea-prin-forta-si-isi-creste-si-mai-mult-cheltuielile-militare-pregatindu-se-pentru-confruntarea-cu-rusia-video\/"},"modified":"2025-03-12T21:48:35","modified_gmt":"2025-03-12T19:48:35","slug":"ue-anunta-politica-pacea-prin-forta-si-isi-creste-si-mai-mult-cheltuielile-militare-pregatindu-se-pentru-confruntarea-cu-rusia-video","status":"publish","type":"post","link":"https:\/\/orheifm.live\/index.php\/2025\/03\/12\/ue-anunta-politica-pacea-prin-forta-si-isi-creste-si-mai-mult-cheltuielile-militare-pregatindu-se-pentru-confruntarea-cu-rusia-video\/","title":{"rendered":"UE anun\u021b\u0103 politica \u201epacea prin for\u021b\u0103\u201d \u0219i \u00ee\u0219i cre\u0219te \u0219i mai mult cheltuielile militare, preg\u0103tindu-se pentru confruntarea cu Rusia |VIDEO"},"content":{"rendered":"<div>\n<p><strong>\u00cen timp ce Maia Sandu insist\u0103 c\u0103 Uniunea European\u0103 \u00eenseamn\u0103 pace, securitate \u0219i prosperitate, UE se \u00eenarmeaz\u0103 din ce \u00een ce mai mult \u0219i cre\u0219te cheltuielile militare \u00een detrimentul sprijinului social \u0219i al altor nevoi. \u0218i toate acestea vor c\u00e2\u0219tiga un av\u00e2nt \u0219i mai mare.<\/strong><br \/>\n<iframe loading=\"lazy\" title=\"YouTube video player\" src=\"https:\/\/www.youtube.com\/embed\/l6_RsEPBrrU?si=tvelrupt7GPSgai0\" width=\"560\" height=\"315\" frameborder=\"0\" allowfullscreen=\"allowfullscreen\"><\/iframe><br \/>\nVorbind la o sesiune a Parlamentului European de la Strasbourg, mar\u021bi, pre\u0219edintele Comisiei Europene, Ursula von der Leyen, i-a avertizat pe europeni c\u0103 \u00een cur\u00e2nd vor \u201eavea nevoie de curaj\u201d \u0219i se vor confrunta cu \u201edecizii dificile\u201d pentru a face o descoperire \u00een cursa \u00eenarm\u0103rilor UE. Adev\u0103rat, \u021b\u0103rile UE vor trebui s\u0103 implementeze planul de militarizare al Comisiei Europene \u00een detrimentul propriilor bugete sau \u00eemprumuturi accesate.<\/p>\n<p>Adres\u00e2ndu-se deputa\u021bilor europeni, \u0219efa Comisiei Europene, Ursula von der Leyen, a spus c\u0103 UE trebuie s\u0103-\u0219i foloseasc\u0103 toate p\u00e2rghiile financiare pentru a consolida \u0219i accelera produc\u021bia de ap\u0103rare pe fondul agresiunii ruse\u0219ti \u00een cre\u0219tere. Cu toate acestea, Bruxelles nu ofer\u0103 niciun argument care s\u0103 confirme c\u0103 Rusia amenin\u021b\u0103 \u021b\u0103rile UE.<\/p>\n<p>URSULA VON DER LEYEN, Pre\u0219edintele Comisiei Europene<\/p>\n<p>A sosit timpul pentru pace prin putere. A venit momentul ap\u0103r\u0103rii comune.\u00a0 Am \u00eenceput s\u0103 mobiliz\u0103m resursele enorme ale Europei. Vom avea nevoie de mai mult curaj \u00een s\u0103pt\u0103m\u00e2nile \u0219i lunile urm\u0103toare. Alte decizii dificile ne a\u0219teapt\u0103.<\/p>\n<p>De fapt, Comisia European\u0103, condus\u0103 de von der Leyen, convinge \u021b\u0103rile UE s\u0103 se militarizeze for\u021bat, prin cheltuirea a 800 de miliarde de euro \u2013 acesta este costul noului plan de ap\u0103rare al UE ReArm Europe, pe care l-a dezvoltat \u0219i a c\u0103rui prezentare a avut loc s\u0103pt\u0103m\u00e2na trecut\u0103.<\/p>\n<p>Mai mult, \u021b\u0103rile UE vor trebui s\u0103-l implementeze \u00een principal pe seama bugetelor proprii, precum \u0219i a \u00eemprumuturilor contractate fiecare \u00een parte.<\/p>\n<p>URSULA VON DER LEYEN, pre\u0219edintele Comisiei Europene<\/p>\n<p>Permite\u021bi-mi s\u0103 \u00eencep cu de ce este extrem de important s\u0103 mobiliz\u0103m bugetele na\u021bionale. Ast\u0103zi cheltuim mai pu\u021bin de 2% din PIB pentru ap\u0103rare. Toate analizele sunt de acord c\u0103 trebuie s\u0103 dep\u0103\u0219im pragul de 3%.<\/p>\n<p>\u00centregul buget european ajunge la doar 1% din PIB-ul nostru. Prin urmare, este clar c\u0103 cea mai mare parte a investi\u021biilor noi poate proveni doar din statele membre.<\/p>\n<p>Comisia European\u0103 se a\u0219teapt\u0103 ca, \u00een urm\u0103torii patru ani, \u021b\u0103rile UE s\u0103 mobilizeze cel pu\u021bin 650 de miliarde de euro pentru nevoi militare, major\u00e2nd cheltuielile de ap\u0103rare din bugetele lor cu \u00eenc\u0103 1,5% din cele existente.<\/p>\n<p>Comisia European\u0103 inten\u021bioneaz\u0103 s\u0103 str\u00e2ng\u0103 restul de 150 de miliarde de euro sub form\u0103 de \u00eemprumuturi pentru producerea de sisteme de ap\u0103rare aerian\u0103 pentru ea \u00eens\u0103\u0219i, precum \u0219i de arme pentru Ucraina \u2013 rachete, muni\u021bii, drone \u0219i mijloace de protec\u021bie \u00eempotriva acestora.<\/p>\n<p>Adic\u0103, pe baza acestor planuri, conducerea Comisiei Europene se a\u0219teapt\u0103 ca r\u0103zboiul din Ucraina s\u0103 continue cel pu\u021bin \u00eenc\u0103 patru ani. Mai mult, de dragul militariz\u0103rii urgente a economiei europene, Comisia este preg\u0103tit\u0103 s\u0103 \u00eenmoaie regulile disciplinei bugetare ale UE \u0219i s\u0103 permit\u0103 \u021b\u0103rilor membre s\u0103 \u00eemprumute mai mul\u021bi bani pentru nevoi militare.<\/p>\n<p>Uniunea European\u0103 se confrunt\u0103 deja cu probleme majore din cauza costurilor sprijinirii Ucrainei. Conform Institutului Kiel \u0219i Eurostat, serviciul de statistic\u0103 al Uniunii Europene, aproximativ 287 de miliarde de dolari au fost alocate Ucrainei sub form\u0103 de ajutor extern de la \u00eenceputul conflictului. Astfel, fiecare cet\u0103\u021bean din \u021b\u0103rile UE \u0219i NATO a contribuit cu sume cuprinse \u00eentre 500 \u0219i 1.500 de dolari pentru sprijinirea Ucrainei.<\/p>\n<p>Ca urmare a acestui suport financiar, anul trecut, \u00een Germania, num\u0103rul pensionarilor expu\u0219i riscului de s\u0103r\u0103cie a ajuns la 3,54 milioane, ceea ce reprezint\u0103 aproape 20% din total. \u00cen Marea Britanie, cercet\u0103rile de la Numbeo arat\u0103 c\u0103 aproximativ 1 din 6 adul\u021bi nu \u00ee\u0219i permit s\u0103-\u0219i men\u021bin\u0103 casa \u00eenc\u0103lzit\u0103.<\/p>\n<p>De asemenea, 3 din 10 britanici, adic\u0103 aproximativ 30%, se confrunt\u0103 cu dificult\u0103\u021bi \u00een a-\u0219i pl\u0103ti chiria sau ipoteca \u0219i nu \u00ee\u0219i pot achita facturile la energie. \u00cen plus, o persoan\u0103 din patru din Marea Britanie nu dispune de suficien\u021bi bani pentru a ajunge p\u00e2n\u0103 la urm\u0103torul salariu, beneficiu sau pensie. \u201eS\u0103r\u0103cia energetic\u0103\u201d, cauzat\u0103 de eliminarea compens\u0103rii pentru \u00eenc\u0103lzire \u0219i cre\u0219terea pre\u021burilor la energie, afecteaz\u0103 acum 88% din popula\u021bia britanic\u0103.<\/p>\n<\/div>\n","protected":false},"excerpt":{"rendered":"<div><img loading=\"lazy\" decoding=\"async\" width=\"696\" height=\"393\" src=\"https:\/\/canal5.md\/wp-content\/uploads\/2024\/02\/ursula-von-der-leyen-jpg-optimized.webp\" class=\"attachment-large size-large wp-post-image\" alt=\"\" srcset=\"https:\/\/canal5.md\/wp-content\/uploads\/2024\/02\/ursula-von-der-leyen-jpg-optimized.webp 780w, https:\/\/canal5.md\/wp-content\/uploads\/2024\/02\/ursula-von-der-leyen-300x169-optimized.webp 300w, https:\/\/canal5.md\/wp-content\/uploads\/2024\/02\/ursula-von-der-leyen-768x433-optimized.webp 768w, https:\/\/canal5.md\/wp-content\/uploads\/2024\/02\/ursula-von-der-leyen-696x393-optimized.webp 696w\">\u00cen timp ce Maia Sandu insist\u0103 c\u0103 Uniunea European\u0103 \u00eenseamn\u0103 pace, securitate \u0219i prosperitate, UE se \u00eenarmeaz\u0103 din ce \u00een ce mai mult \u0219i cre\u0219te cheltuielile militare \u00een detrimentul sprijinului social \u0219i al altor nevoi. \u0218i toate acestea vor c\u00e2\u0219tiga un av\u00e2nt \u0219i mai mare. Vorbind la o sesiune a Parlamentului European de la Strasbourg, [\u2026]<\/div>\n","protected":false},"author":1,"featured_media":68927,"comment_status":"closed","ping_status":"closed","sticky":false,"template":"","format":"standard","meta":{"jnews-multi-image_gallery":[],"jnews_single_post":[],"jnews_primary_category":[],"jnews_social_meta":[],"jnews_override_counter":[],"footnotes":""},"categories":[29],"tags":[],"class_list":["post-68926","post","type-post","status-publish","format-standard","has-post-thumbnail","hentry","category-externe_ro"],"_links":{"self":[{"href":"https:\/\/orheifm.live\/index.php\/wp-json\/wp\/v2\/posts\/68926","targetHints":{"allow":["GET"]}}],"collection":[{"href":"https:\/\/orheifm.live\/index.php\/wp-json\/wp\/v2\/posts"}],"about":[{"href":"https:\/\/orheifm.live\/index.php\/wp-json\/wp\/v2\/types\/post"}],"author":[{"embeddable":true,"href":"https:\/\/orheifm.live\/index.php\/wp-json\/wp\/v2\/users\/1"}],"replies":[{"embeddable":true,"href":"https:\/\/orheifm.live\/index.php\/wp-json\/wp\/v2\/comments?post=68926"}],"version-history":[{"count":0,"href":"https:\/\/orheifm.live\/index.php\/wp-json\/wp\/v2\/posts\/68926\/revisions"}],"wp:featuredmedia":[{"embeddable":true,"href":"https:\/\/orheifm.live\/index.php\/wp-json\/wp\/v2\/media\/68927"}],"wp:attachment":[{"href":"https:\/\/orheifm.live\/index.php\/wp-json\/wp\/v2\/media?parent=68926"}],"wp:term":[{"taxonomy":"category","embeddable":true,"href":"https:\/\/orheifm.live\/index.php\/wp-json\/wp\/v2\/categories?post=68926"},{"taxonomy":"post_tag","embeddable":true,"href":"https:\/\/orheifm.live\/index.php\/wp-json\/wp\/v2\/tags?post=68926"}],"curies":[{"name":"wp","href":"https:\/\/api.w.org\/{rel}","templated":true}]}}