{"id":68924,"date":"2025-03-12T21:46:19","date_gmt":"2025-03-12T19:46:19","guid":{"rendered":"https:\/\/orheifm.live\/index.php\/2025\/03\/12\/armistitiul-temporar-in-ucraina-propus-de-sua-decizia-finala-depinde-de-acordul-rusiei\/"},"modified":"2025-03-12T21:46:19","modified_gmt":"2025-03-12T19:46:19","slug":"armistitiul-temporar-in-ucraina-propus-de-sua-decizia-finala-depinde-de-acordul-rusiei","status":"publish","type":"post","link":"https:\/\/orheifm.live\/index.php\/2025\/03\/12\/armistitiul-temporar-in-ucraina-propus-de-sua-decizia-finala-depinde-de-acordul-rusiei\/","title":{"rendered":"Armisti\u021biul temporar \u00een Ucraina propus de SUA: Decizia final\u0103 depinde de acordul Rusiei"},"content":{"rendered":"<div>\n<p><strong>Pre\u0219edintele SUA, Donald Trump, inten\u021bioneaz\u0103 s\u0103 ia leg\u0103tura cu Vladimir Putin \u00een urm\u0103toarele zile \u0219i sper\u0103 c\u0103 acesta va accepta propunerea de armisti\u021biu, pentru 30 de zile, \u00een Ucraina. Liderul de la Casa Alb\u0103 a f\u0103cut aceast\u0103 declara\u021bie coment\u00e2nd negocierile dintre delega\u021biile SUA \u0219i Ucrainei care au avut loc miercuri la Jeddah. <\/strong><br \/>\n<iframe loading=\"lazy\" title=\"YouTube video player\" src=\"https:\/\/www.youtube.com\/embed\/0vMfLrGpZWs?si=7fWuiaU75i320MRT\" width=\"560\" height=\"315\" frameborder=\"0\" allowfullscreen=\"allowfullscreen\"><\/iframe><br \/>\nLa r\u00e2ndul s\u0103u, purt\u0103torul de cuv\u00e2nt al lui Vladimir Putin, Dmitri Peskov, a \u00eendemnat s\u0103 nu se trag\u0103 concluzii pripite, afirm\u00e2nd c\u0103 Moscova analizeaz\u0103 atent declara\u021biile f\u0103cute \u00een urma negocierilor.<\/p>\n<p>Volodimir Zelenschi a declarat, dup\u0103 discu\u021biile din Arabia Saudit\u0103, c\u0103 Ucraina a \u00eenaintat propuneri: \u201elini\u0219te \u00een aer\u201d, \u201elini\u0219te pe mare\u201d \u0219i \u201eeliberarea prizonierilor\u201d iar Statele Unite \u2013 s\u0103 conving\u0103 Rusia s\u0103 accepte aceste condi\u021bii. Adic\u0103, suntem de acord, iar dac\u0103 \u0219i ru\u0219ii sunt de acord, doar din acel moment va fi lini\u0219te\u201d, a ad\u0103ugat pre\u0219edintele Ucrainei.<\/p>\n<p>Pre\u0219edintele SUA, Donald Trump, coment\u00e2nd negocierile dintre delega\u021biile SUA \u0219i Ucrainei la Jeddah, a declarat miercuri, 12 martie, c\u0103 salut\u0103 rezultatele acestei \u00eent\u00e2lniri \u0219i inten\u021bioneaz\u0103 s\u0103 le discute cu pre\u0219edintele Federa\u021biei Ruse, Vladimir Putin, \u201e\u00een urm\u0103toarele c\u00e2teva zile\u201d.<\/p>\n<p>\u201eSper c\u0103 pre\u0219edintele Putin va fi, de asemenea, de acord cu instituirea unui regim de \u00eencetare a focului \u00eentre Rusia \u0219i Ucraina pentru 30 de zile, a\u0219a cum a propus Washingtonul \u0219i c\u0103 vom putea lansa procesul de pace\u201d, a transmis pe site-ul s\u0103u canalul CNN, cit\u00e2ndu-l pe pre\u0219edintele american.<\/p>\n<p>\u201eUcraina a acceptat acest lucru \u0219i sper c\u0103 Rusia va fi de acord. Ne vom \u00eent\u00e2lni cu reprezentan\u021bii Federa\u021biei Ruse mai t\u00e2rziu, ast\u0103zi \u0219i m\u00e2ine, \u0219i sper c\u0103 vom reu\u0219i s\u0103 ajungem la un acord\u201d, a ad\u0103ugat liderul de la Casa Alb\u0103.<\/p>\n<p>La r\u00e2ndul s\u0103u, Volodimir Zelenchi, coment\u00e2nd rezultatele negocierilor de la Jeddah, a declarat c\u0103 \u00eencetarea focului pentru 30 de zile va \u00eencepe atunci c\u00e2nd Rusia va fi de acord cu aceasta. \u201eAdic\u0103, noi suntem de acord, iar dac\u0103 \u0219i ru\u0219ii vor fi de acord \u2013 din acel moment va fi lini\u0219te\u201d, a spus liderul de la Kiev. Potrivit lui Zelenschi, Statele Unite trebuie s\u0103 conving\u0103 Rusia s\u0103 accepte \u00eencetarea focului.<\/p>\n<p>El a men\u021bionat c\u0103, ini\u021bial, Kievul inten\u021biona s\u0103 propun\u0103 un \u201earmisti\u021biu aerian \u0219i maritim\u201d, ceea ce \u00eensemna renun\u021barea la atacuri cu rachete, bombe, drone cu raz\u0103 lung\u0103 de ac\u021biune \u0219i opera\u021biuni pe mare.<\/p>\n<p>\u00cens\u0103, \u00een timpul negocierilor, SUA au propus \u201es\u0103 se fac\u0103 un pas \u00eenaint imediat \u0219i s\u0103 se \u00eencerce instituirea unei \u00eencet\u0103ri complete a focului timp de 30 de zile, nu doar pentru rachete, drone \u0219i bombe, nu doar \u00een Marea Neagr\u0103, ci \u0219i pe \u00eentreaga linie a frontului\u201d.<\/p>\n<p>Purt\u0103torul de cuv\u00e2nt al pre\u0219edintelui rus, Dmitri Peskov, a declarat c\u0103 Moscova analizeaz\u0103 cu aten\u021bie declara\u021biile f\u0103cute \u00een urma negocierilor dintre SUA \u0219i Ucraina. Reprezentantul Kremlinului a \u00eendemnat s\u0103 nu se trag\u0103 concluzii pripite \u00een ceea ce prive\u0219te \u00eencetarea focului pentru 30 de zile, pe care Kievul a acceptat-o.<\/p>\n<p>\u201eV\u0103 gr\u0103bi\u021bi pu\u021bin, iar noi nu vrem s\u0103 facem acest lucru. Ieri, \u00een timpul discu\u021biilor cu presa, at\u00e2t Rubio, c\u00e2t \u0219i Waltz au declarat c\u0103 prin diverse canale diplomatice ne vor transmite informa\u021bii detaliate despre esen\u021ba discu\u021biilor care au avut loc la Jeddah. Mai \u00eent\u00e2i trebuie s\u0103 primim aceste informa\u021bii.<\/p>\n<p>De asemenea, avem programate \u00een aceste zile \u00eent\u00e2lniri cu americanii, \u00een cadrul c\u0103rora ne a\u0219tept\u0103m s\u0103 ob\u021binem o imagine complet\u0103 a situa\u021biei\u201d, a declarat Dmitri Peskov pentru mass-media.<br \/>\nAmintim c\u0103, \u00een urma negocierilor dintre delega\u021bia american\u0103 \u0219i cea ucrainean\u0103, care au avut loc cu o zi \u00eenainte \u00een Arabia Saudit\u0103,<\/p>\n<p>Kievul a fost de acord s\u0103 instituie un regim de \u00eencetare total\u0103 a focului pentru 30 de zile, cu posibilitatea de prelungire. Washingtonul a promis s\u0103 transmit\u0103 aceast\u0103 propunere Moscovei prin \u201ediverse canale\u201d.<\/p>\n<\/div>\n","protected":false},"excerpt":{"rendered":"<div><img decoding=\"async\" width=\"696\" height=\"335\" src=\"https:\/\/canal5.md\/wp-content\/uploads\/2025\/03\/blob-9-optimized.jpg\" class=\"attachment-large size-large wp-post-image\" alt=\"\" loading=\"lazy\" srcset=\"https:\/\/canal5.md\/wp-content\/uploads\/2025\/03\/blob-9-optimized.jpg 991w, https:\/\/canal5.md\/wp-content\/uploads\/2025\/03\/blob-9-300x144-optimized.jpg 300w, https:\/\/canal5.md\/wp-content\/uploads\/2025\/03\/blob-9-768x370-optimized.jpg 768w, https:\/\/canal5.md\/wp-content\/uploads\/2025\/03\/blob-9-696x335-optimized.jpg 696w\">Pre\u0219edintele SUA, Donald Trump, inten\u021bioneaz\u0103 s\u0103 ia leg\u0103tura cu Vladimir Putin \u00een urm\u0103toarele zile \u0219i sper\u0103 c\u0103 acesta va accepta propunerea de armisti\u021biu, pentru 30 de zile, \u00een Ucraina. Liderul de la Casa Alb\u0103 a f\u0103cut aceast\u0103 declara\u021bie coment\u00e2nd negocierile dintre delega\u021biile SUA \u0219i Ucrainei care au avut loc miercuri la Jeddah. La r\u00e2ndul s\u0103u, [\u2026]<\/div>\n","protected":false},"author":1,"featured_media":68925,"comment_status":"closed","ping_status":"closed","sticky":false,"template":"","format":"standard","meta":{"jnews-multi-image_gallery":[],"jnews_single_post":[],"jnews_primary_category":[],"jnews_social_meta":[],"jnews_override_counter":[],"footnotes":""},"categories":[29],"tags":[],"class_list":["post-68924","post","type-post","status-publish","format-standard","has-post-thumbnail","hentry","category-externe_ro"],"_links":{"self":[{"href":"https:\/\/orheifm.live\/index.php\/wp-json\/wp\/v2\/posts\/68924","targetHints":{"allow":["GET"]}}],"collection":[{"href":"https:\/\/orheifm.live\/index.php\/wp-json\/wp\/v2\/posts"}],"about":[{"href":"https:\/\/orheifm.live\/index.php\/wp-json\/wp\/v2\/types\/post"}],"author":[{"embeddable":true,"href":"https:\/\/orheifm.live\/index.php\/wp-json\/wp\/v2\/users\/1"}],"replies":[{"embeddable":true,"href":"https:\/\/orheifm.live\/index.php\/wp-json\/wp\/v2\/comments?post=68924"}],"version-history":[{"count":0,"href":"https:\/\/orheifm.live\/index.php\/wp-json\/wp\/v2\/posts\/68924\/revisions"}],"wp:featuredmedia":[{"embeddable":true,"href":"https:\/\/orheifm.live\/index.php\/wp-json\/wp\/v2\/media\/68925"}],"wp:attachment":[{"href":"https:\/\/orheifm.live\/index.php\/wp-json\/wp\/v2\/media?parent=68924"}],"wp:term":[{"taxonomy":"category","embeddable":true,"href":"https:\/\/orheifm.live\/index.php\/wp-json\/wp\/v2\/categories?post=68924"},{"taxonomy":"post_tag","embeddable":true,"href":"https:\/\/orheifm.live\/index.php\/wp-json\/wp\/v2\/tags?post=68924"}],"curies":[{"name":"wp","href":"https:\/\/api.w.org\/{rel}","templated":true}]}}