{"id":68922,"date":"2025-03-12T21:39:23","date_gmt":"2025-03-12T19:39:23","guid":{"rendered":"https:\/\/orheifm.live\/index.php\/2025\/03\/12\/partidele-suveraniste-din-romania-strategie-comuna-care-este-aceasta-video\/"},"modified":"2025-03-12T21:39:23","modified_gmt":"2025-03-12T19:39:23","slug":"partidele-suveraniste-din-romania-strategie-comuna-care-este-aceasta-video","status":"publish","type":"post","link":"https:\/\/orheifm.live\/index.php\/2025\/03\/12\/partidele-suveraniste-din-romania-strategie-comuna-care-este-aceasta-video\/","title":{"rendered":"Partidele suveraniste din Rom\u00e2nia, strategie comun\u0103. Care este aceasta? |VIDEO"},"content":{"rendered":"<div>\n<p><strong>Dup\u0103 decizia Cur\u021bii Constitu\u021bionale, conform c\u0103reia Georgescu nu poate candida la preziden\u021biale, \u00een tab\u0103ra partidelor suveraniste din Rom\u00e2nia a fost luat\u0103 o decizie de alternativ\u0103. Liderul Alian\u021bei pentru Unirea Rom\u00e2nilor, George Simion \u0219i pre\u0219edinta Partidului oamenilor Tineri, Anamaria Gavril\u0103, vor candida la alegerile preziden\u021biale.<\/strong><br \/>\n<iframe loading=\"lazy\" title=\"YouTube video player\" src=\"https:\/\/www.youtube.com\/embed\/w6950srquog?si=vdwaDD6nIlv4Mhlc\" width=\"560\" height=\"315\" frameborder=\"0\" allowfullscreen=\"allowfullscreen\"><\/iframe><br \/>\nAnun\u021bul a fost f\u0103cut de cei doi, dup\u0103 o \u00eent\u00e2lnire cu fostul candidat C\u0103lin Georgescu. Explica\u021bia este urm\u0103toarea \u2013 dac\u0103 ambele candidaturi vor fi validate, unul dintre ei se va retrage. Termenul limit\u0103 pentru depunerea candidaturilor este 15 martie.<br \/>\nP\u00e2n\u0103 atunci, fiecare dintre cei doi trebuie s\u0103 str\u00e2ng\u0103 c\u00e2te 200.000 de semn\u0103turi.<\/p>\n<p>Preciz\u0103m, \u00een context c\u0103, Parchetul General s-a sesizat din oficiu \u0219i a deschis un dosar penal pentru instigare public\u0103, dup\u0103 ce George Simion a postat un clip video prin care ar fi incitat la violen\u021b\u0103 \u00een timpul protestelor de duminic\u0103 sear\u0103.<\/p>\n<p>GEORGE SIMION, pre\u0219edintele AUR<\/p>\n<p>Cadrul din care transmitem acest mesaj nu este unul constitu\u021bional \u0219i democratic. Trebuie s\u0103 revenim la normalitate \u0219i la turul II Dup\u0103 ce noi, pre\u0219edin\u021bii celor dou\u0103 partide suveraniste, \u00eempreun\u0103 cu domnul C\u0103lin Georgescu ne-am \u00eent\u00e2lnit, v\u0103 putem spune care este planul. Toat\u0103 presiunea pe revenirea pe turul II noi, ca tineri, vom continua aceast\u0103 mi\u0219care suveranist\u0103 cu acceptul domnului C\u0103lin Georgescu \u0219i vom face pa\u0219ii necesari mai departe.<\/p>\n<p>GAVRIL\u0102, pre\u0219edinta POT<\/p>\n<p>At\u00e2t George Simeon, c\u00e2t \u0219i eu, Anamaria Gavril\u0103, ne vom depune candidaturile. Avem nevoie de voi s\u0103 fi\u021bi al\u0103turi de noi. ca urmare a valid\u0103rii definitive a acestor candidaturi, unul dintre noi se v retrage. Trebuie s\u0103 d\u0103m acestei mi\u0219c\u0103ri suveraniste toate \u0219ansele. Noi f\u0103r\u0103 voi nu putem. Noi doar reprezent\u0103m ceea ce sunte\u021bi voi.<\/p>\n<\/div>\n","protected":false},"excerpt":{"rendered":"<div><img loading=\"lazy\" decoding=\"async\" width=\"696\" height=\"380\" src=\"https:\/\/canal5.md\/wp-content\/uploads\/2025\/03\/blob-8-1-optimized.jpg\" class=\"attachment-large size-large wp-post-image\" alt=\"\" srcset=\"https:\/\/canal5.md\/wp-content\/uploads\/2025\/03\/blob-8-1-optimized.jpg 986w, https:\/\/canal5.md\/wp-content\/uploads\/2025\/03\/blob-8-1-300x164-optimized.jpg 300w, https:\/\/canal5.md\/wp-content\/uploads\/2025\/03\/blob-8-1-768x420-optimized.jpg 768w, https:\/\/canal5.md\/wp-content\/uploads\/2025\/03\/blob-8-1-696x380-optimized.jpg 696w\">Dup\u0103 decizia Cur\u021bii Constitu\u021bionale, conform c\u0103reia Georgescu nu poate candida la preziden\u021biale, \u00een tab\u0103ra partidelor suveraniste din Rom\u00e2nia a fost luat\u0103 o decizie de alternativ\u0103. Liderul Alian\u021bei pentru Unirea Rom\u00e2nilor, George Simion \u0219i pre\u0219edinta Partidului oamenilor Tineri, Anamaria Gavril\u0103, vor candida la alegerile preziden\u021biale. Anun\u021bul a fost f\u0103cut de cei doi, dup\u0103 o \u00eent\u00e2lnire cu [\u2026]<\/div>\n","protected":false},"author":1,"featured_media":68923,"comment_status":"closed","ping_status":"closed","sticky":false,"template":"","format":"standard","meta":{"jnews-multi-image_gallery":[],"jnews_single_post":[],"jnews_primary_category":[],"jnews_social_meta":[],"jnews_override_counter":[],"footnotes":""},"categories":[29],"tags":[],"class_list":["post-68922","post","type-post","status-publish","format-standard","has-post-thumbnail","hentry","category-externe_ro"],"_links":{"self":[{"href":"https:\/\/orheifm.live\/index.php\/wp-json\/wp\/v2\/posts\/68922","targetHints":{"allow":["GET"]}}],"collection":[{"href":"https:\/\/orheifm.live\/index.php\/wp-json\/wp\/v2\/posts"}],"about":[{"href":"https:\/\/orheifm.live\/index.php\/wp-json\/wp\/v2\/types\/post"}],"author":[{"embeddable":true,"href":"https:\/\/orheifm.live\/index.php\/wp-json\/wp\/v2\/users\/1"}],"replies":[{"embeddable":true,"href":"https:\/\/orheifm.live\/index.php\/wp-json\/wp\/v2\/comments?post=68922"}],"version-history":[{"count":0,"href":"https:\/\/orheifm.live\/index.php\/wp-json\/wp\/v2\/posts\/68922\/revisions"}],"wp:featuredmedia":[{"embeddable":true,"href":"https:\/\/orheifm.live\/index.php\/wp-json\/wp\/v2\/media\/68923"}],"wp:attachment":[{"href":"https:\/\/orheifm.live\/index.php\/wp-json\/wp\/v2\/media?parent=68922"}],"wp:term":[{"taxonomy":"category","embeddable":true,"href":"https:\/\/orheifm.live\/index.php\/wp-json\/wp\/v2\/categories?post=68922"},{"taxonomy":"post_tag","embeddable":true,"href":"https:\/\/orheifm.live\/index.php\/wp-json\/wp\/v2\/tags?post=68922"}],"curies":[{"name":"wp","href":"https:\/\/api.w.org\/{rel}","templated":true}]}}