{"id":68908,"date":"2025-03-12T17:20:01","date_gmt":"2025-03-12T15:20:01","guid":{"rendered":"https:\/\/orheifm.live\/index.php\/2025\/03\/12\/avertizare-meteo-vant-puternic-in-toata-tara-pe-13-martie\/"},"modified":"2025-03-12T17:20:01","modified_gmt":"2025-03-12T15:20:01","slug":"avertizare-meteo-vant-puternic-in-toata-tara-pe-13-martie","status":"publish","type":"post","link":"https:\/\/orheifm.live\/index.php\/2025\/03\/12\/avertizare-meteo-vant-puternic-in-toata-tara-pe-13-martie\/","title":{"rendered":"Avertizare meteo: V\u00e2nt puternic \u00een toat\u0103 \u021bara pe 13 martie"},"content":{"rendered":"<div>\n<p><strong>Poli\u021bia Na\u021bional\u0103 avertizeaz\u0103 cet\u0103\u021benii s\u0103 fie aten\u021bi la prognoza Serviciului Hidrometeorologic de Stat pentru m\u00e2ine, 13 martie. <\/strong><\/p>\n<p>Potrivit avertiz\u0103rii, \u00eentre orele 08:00 \u0219i 22:00, pe \u00eentreg teritoriul \u021b\u0103rii se vor \u00eenregistra v\u00e2nturi puternice. Autorit\u0103\u021bile recomand\u0103 pruden\u021b\u0103 \u0219i sugereaz\u0103 s\u0103 fie monitoriza\u021bi copiii. \u0218oferii sunt sf\u0103tui\u021bi s\u0103 evite oprirea sau parcarea sub copaci, piloni electrici sau structuri instabile.<\/p>\n<p>De asemenea, locuitorii trebuie s\u0103 verifice dac\u0103 u\u0219ile \u0219i feroneriile sunt bine \u00eenchise \u0219i s\u0103 adune obiectele u\u0219oare din cur\u021bi \u0219i de la balcoane. Deplas\u0103rile \u00een apropierea copacilor trebuie evitate. \u00cen caz de urgen\u021b\u0103, cet\u0103\u021benii pot apela num\u0103rul 112.<\/p>\n<\/div>\n","protected":false},"excerpt":{"rendered":"<div><img loading=\"lazy\" decoding=\"async\" width=\"696\" height=\"458\" src=\"https:\/\/canal5.md\/wp-content\/uploads\/2025\/03\/802894-optimized.webp\" class=\"attachment-large size-large wp-post-image\" alt=\"\" srcset=\"https:\/\/canal5.md\/wp-content\/uploads\/2025\/03\/802894-optimized.webp 760w, https:\/\/canal5.md\/wp-content\/uploads\/2025\/03\/802894-300x197-optimized.webp 300w, https:\/\/canal5.md\/wp-content\/uploads\/2025\/03\/802894-696x458-optimized.webp 696w\">Poli\u021bia Na\u021bional\u0103 avertizeaz\u0103 cet\u0103\u021benii s\u0103 fie aten\u021bi la prognoza Serviciului Hidrometeorologic de Stat pentru m\u00e2ine, 13 martie. Potrivit avertiz\u0103rii, \u00eentre orele 08:00 \u0219i 22:00, pe \u00eentreg teritoriul \u021b\u0103rii se vor \u00eenregistra v\u00e2nturi puternice. Autorit\u0103\u021bile recomand\u0103 pruden\u021b\u0103 \u0219i sugereaz\u0103 s\u0103 fie monitoriza\u021bi copiii. \u0218oferii sunt sf\u0103tui\u021bi s\u0103 evite oprirea sau parcarea sub copaci, piloni electrici sau [\u2026]<\/div>\n","protected":false},"author":1,"featured_media":68909,"comment_status":"closed","ping_status":"closed","sticky":false,"template":"","format":"standard","meta":{"jnews-multi-image_gallery":[],"jnews_single_post":[],"jnews_primary_category":[],"jnews_social_meta":[],"jnews_override_counter":[],"footnotes":""},"categories":[30],"tags":[],"class_list":["post-68908","post","type-post","status-publish","format-standard","has-post-thumbnail","hentry","category-social_ro"],"_links":{"self":[{"href":"https:\/\/orheifm.live\/index.php\/wp-json\/wp\/v2\/posts\/68908","targetHints":{"allow":["GET"]}}],"collection":[{"href":"https:\/\/orheifm.live\/index.php\/wp-json\/wp\/v2\/posts"}],"about":[{"href":"https:\/\/orheifm.live\/index.php\/wp-json\/wp\/v2\/types\/post"}],"author":[{"embeddable":true,"href":"https:\/\/orheifm.live\/index.php\/wp-json\/wp\/v2\/users\/1"}],"replies":[{"embeddable":true,"href":"https:\/\/orheifm.live\/index.php\/wp-json\/wp\/v2\/comments?post=68908"}],"version-history":[{"count":0,"href":"https:\/\/orheifm.live\/index.php\/wp-json\/wp\/v2\/posts\/68908\/revisions"}],"wp:featuredmedia":[{"embeddable":true,"href":"https:\/\/orheifm.live\/index.php\/wp-json\/wp\/v2\/media\/68909"}],"wp:attachment":[{"href":"https:\/\/orheifm.live\/index.php\/wp-json\/wp\/v2\/media?parent=68908"}],"wp:term":[{"taxonomy":"category","embeddable":true,"href":"https:\/\/orheifm.live\/index.php\/wp-json\/wp\/v2\/categories?post=68908"},{"taxonomy":"post_tag","embeddable":true,"href":"https:\/\/orheifm.live\/index.php\/wp-json\/wp\/v2\/tags?post=68908"}],"curies":[{"name":"wp","href":"https:\/\/api.w.org\/{rel}","templated":true}]}}