{"id":68906,"date":"2025-03-12T16:45:05","date_gmt":"2025-03-12T14:45:05","guid":{"rendered":"https:\/\/orheifm.live\/index.php\/2025\/03\/12\/tanara-disparuta-din-22-februarie-a-fost-gasita-nevatamata-la-balti\/"},"modified":"2025-03-12T16:45:05","modified_gmt":"2025-03-12T14:45:05","slug":"tanara-disparuta-din-22-februarie-a-fost-gasita-nevatamata-la-balti","status":"publish","type":"post","link":"https:\/\/orheifm.live\/index.php\/2025\/03\/12\/tanara-disparuta-din-22-februarie-a-fost-gasita-nevatamata-la-balti\/","title":{"rendered":"T\u00e2n\u0103ra disp\u0103rut\u0103 din 22 februarie a fost g\u0103sit\u0103 nev\u0103t\u0103mat\u0103 la B\u0103l\u021bi"},"content":{"rendered":"<div>\n<p><strong>O fat\u0103 de 15 ani care disp\u0103ruse \u00een urm\u0103 cu trei s\u0103pt\u0103m\u00e2ni a fost g\u0103sit\u0103 la B\u0103l\u021bi. Potrivit Poli\u021biei, aceasta este \u00een via\u021b\u0103 \u0219i nu a suferit nicio v\u0103t\u0103mare, iar starea ei de s\u0103n\u0103tate nu prezint\u0103 pericol.<\/strong><\/p>\n<p>T\u00e2n\u0103ra, care a disp\u0103rut pe 22 februarie din localitatea sa natal\u0103, plec\u00e2nd \u00eentr-o direc\u021bie necunoscut\u0103 \u0219i \u00eencet\u00e2nd s\u0103 r\u0103spund\u0103 la telefon, a fost dat\u0103 disp\u0103rut\u0103 de familia sa. Dup\u0103 trei s\u0103pt\u0103m\u00e2ni, fata s-a \u00eentors acas\u0103 de bun\u0103voie. \u00cen prezent, autorit\u0103\u021bile poart\u0103 discu\u021bii cu aceasta \u0219i cu p\u0103rin\u021bii s\u0103i.<\/p>\n<p>Aceasta nu este pentru prima dat\u0103 c\u00e2nd fata pleac\u0103 de acas\u0103.<\/p>\n<\/div>\n","protected":false},"excerpt":{"rendered":"<div><img loading=\"lazy\" decoding=\"async\" width=\"345\" height=\"547\" src=\"https:\/\/canal5.md\/wp-content\/uploads\/2025\/03\/snimok-ekrana_12-3-2025_16020_point.md_-optimized.jpeg\" class=\"attachment-large size-large wp-post-image\" alt=\"\" srcset=\"https:\/\/canal5.md\/wp-content\/uploads\/2025\/03\/snimok-ekrana_12-3-2025_16020_point.md_-optimized.jpeg 345w, https:\/\/canal5.md\/wp-content\/uploads\/2025\/03\/snimok-ekrana_12-3-2025_16020_point.md_-189x300-optimized.jpeg 189w\">O fat\u0103 de 15 ani care disp\u0103ruse \u00een urm\u0103 cu trei s\u0103pt\u0103m\u00e2ni a fost g\u0103sit\u0103 la B\u0103l\u021bi. Potrivit Poli\u021biei, aceasta este \u00een via\u021b\u0103 \u0219i nu a suferit nicio v\u0103t\u0103mare, iar starea ei de s\u0103n\u0103tate nu prezint\u0103 pericol. T\u00e2n\u0103ra, care a disp\u0103rut pe 22 februarie din localitatea sa natal\u0103, plec\u00e2nd \u00eentr-o direc\u021bie necunoscut\u0103 \u0219i \u00eencet\u00e2nd s\u0103 [\u2026]<\/div>\n","protected":false},"author":1,"featured_media":68907,"comment_status":"closed","ping_status":"closed","sticky":false,"template":"","format":"standard","meta":{"jnews-multi-image_gallery":[],"jnews_single_post":[],"jnews_primary_category":[],"jnews_social_meta":[],"jnews_override_counter":[],"footnotes":""},"categories":[23],"tags":[],"class_list":["post-68906","post","type-post","status-publish","format-standard","has-post-thumbnail","hentry","category-politica_ro"],"_links":{"self":[{"href":"https:\/\/orheifm.live\/index.php\/wp-json\/wp\/v2\/posts\/68906","targetHints":{"allow":["GET"]}}],"collection":[{"href":"https:\/\/orheifm.live\/index.php\/wp-json\/wp\/v2\/posts"}],"about":[{"href":"https:\/\/orheifm.live\/index.php\/wp-json\/wp\/v2\/types\/post"}],"author":[{"embeddable":true,"href":"https:\/\/orheifm.live\/index.php\/wp-json\/wp\/v2\/users\/1"}],"replies":[{"embeddable":true,"href":"https:\/\/orheifm.live\/index.php\/wp-json\/wp\/v2\/comments?post=68906"}],"version-history":[{"count":0,"href":"https:\/\/orheifm.live\/index.php\/wp-json\/wp\/v2\/posts\/68906\/revisions"}],"wp:featuredmedia":[{"embeddable":true,"href":"https:\/\/orheifm.live\/index.php\/wp-json\/wp\/v2\/media\/68907"}],"wp:attachment":[{"href":"https:\/\/orheifm.live\/index.php\/wp-json\/wp\/v2\/media?parent=68906"}],"wp:term":[{"taxonomy":"category","embeddable":true,"href":"https:\/\/orheifm.live\/index.php\/wp-json\/wp\/v2\/categories?post=68906"},{"taxonomy":"post_tag","embeddable":true,"href":"https:\/\/orheifm.live\/index.php\/wp-json\/wp\/v2\/tags?post=68906"}],"curies":[{"name":"wp","href":"https:\/\/api.w.org\/{rel}","templated":true}]}}