{"id":68902,"date":"2025-03-12T15:40:51","date_gmt":"2025-03-12T13:40:51","guid":{"rendered":"https:\/\/orheifm.live\/index.php\/2025\/03\/12\/peste-100-de-cranii-de-bovine-descoperite-pe-malul-nistrului-in-apropiere-de-criuleni\/"},"modified":"2025-03-12T15:40:51","modified_gmt":"2025-03-12T13:40:51","slug":"peste-100-de-cranii-de-bovine-descoperite-pe-malul-nistrului-in-apropiere-de-criuleni","status":"publish","type":"post","link":"https:\/\/orheifm.live\/index.php\/2025\/03\/12\/peste-100-de-cranii-de-bovine-descoperite-pe-malul-nistrului-in-apropiere-de-criuleni\/","title":{"rendered":"Peste 100 de cranii de bovine descoperite pe malul Nistrului, \u00een apropiere de Criuleni"},"content":{"rendered":"<div>\n<p><strong>Peste 100 de cranii de bovine au fost descoperite pe 9 martie la 30 de metri de malul r\u00e2ului Nistru, \u00een apropiere de ora\u0219ul Criuleni. <\/strong><\/p>\n<p>Descoperirea a fost f\u0103cut\u0103 de jurnali\u0219tii locali, iar \u0219eful Inspectoratului pentru Protec\u021bia Mediului din Chi\u0219in\u0103u, Ion Bulmaga, s-a deplasat imediat la fa\u021ba locului, al\u0103turi de reprezentan\u021bi ai Inspec\u021biei pentru Protec\u021bia Mediului din Criuleni \u0219i ANSA. Craniile au fost colectate \u0219i \u00eengropate corespunz\u0103tor. Inspectorii suspecteaz\u0103 c\u0103 acestea ar fi fost aduse din Chi\u0219in\u0103u, av\u00e2nd \u00een vedere c\u0103 \u00een Criuleni nu exist\u0103 abatoare autorizate.<\/p>\n<p>Autorit\u0103\u021bile cerceteaz\u0103 cazul \u0219i au depus o sesizare la Inspectoratul de Poli\u021bie pentru a identifica persoanele responsabile. Persoanele fizice risc\u0103 amenzi de cel pu\u021bin 1200 de lei sau munc\u0103 \u00een folosul comunit\u0103\u021bii, iar persoanele juridice amenda\u021bi cu p\u00e2n\u0103 la 15.000 de lei.<\/p>\n<\/div>\n","protected":false},"excerpt":{"rendered":"<div><img loading=\"lazy\" decoding=\"async\" width=\"696\" height=\"458\" src=\"https:\/\/canal5.md\/wp-content\/uploads\/2025\/03\/802772-optimized.webp\" class=\"attachment-large size-large wp-post-image\" alt=\"\" srcset=\"https:\/\/canal5.md\/wp-content\/uploads\/2025\/03\/802772-optimized.webp 760w, https:\/\/canal5.md\/wp-content\/uploads\/2025\/03\/802772-300x197-optimized.webp 300w, https:\/\/canal5.md\/wp-content\/uploads\/2025\/03\/802772-696x458-optimized.webp 696w\">Peste 100 de cranii de bovine au fost descoperite pe 9 martie la 30 de metri de malul r\u00e2ului Nistru, \u00een apropiere de ora\u0219ul Criuleni. Descoperirea a fost f\u0103cut\u0103 de jurnali\u0219tii locali, iar \u0219eful Inspectoratului pentru Protec\u021bia Mediului din Chi\u0219in\u0103u, Ion Bulmaga, s-a deplasat imediat la fa\u021ba locului, al\u0103turi de reprezentan\u021bi ai Inspec\u021biei pentru Protec\u021bia [\u2026]<\/div>\n","protected":false},"author":1,"featured_media":68903,"comment_status":"closed","ping_status":"closed","sticky":false,"template":"","format":"standard","meta":{"jnews-multi-image_gallery":[],"jnews_single_post":[],"jnews_primary_category":[],"jnews_social_meta":[],"jnews_override_counter":[],"footnotes":""},"categories":[30],"tags":[],"class_list":["post-68902","post","type-post","status-publish","format-standard","has-post-thumbnail","hentry","category-social_ro"],"_links":{"self":[{"href":"https:\/\/orheifm.live\/index.php\/wp-json\/wp\/v2\/posts\/68902","targetHints":{"allow":["GET"]}}],"collection":[{"href":"https:\/\/orheifm.live\/index.php\/wp-json\/wp\/v2\/posts"}],"about":[{"href":"https:\/\/orheifm.live\/index.php\/wp-json\/wp\/v2\/types\/post"}],"author":[{"embeddable":true,"href":"https:\/\/orheifm.live\/index.php\/wp-json\/wp\/v2\/users\/1"}],"replies":[{"embeddable":true,"href":"https:\/\/orheifm.live\/index.php\/wp-json\/wp\/v2\/comments?post=68902"}],"version-history":[{"count":0,"href":"https:\/\/orheifm.live\/index.php\/wp-json\/wp\/v2\/posts\/68902\/revisions"}],"wp:featuredmedia":[{"embeddable":true,"href":"https:\/\/orheifm.live\/index.php\/wp-json\/wp\/v2\/media\/68903"}],"wp:attachment":[{"href":"https:\/\/orheifm.live\/index.php\/wp-json\/wp\/v2\/media?parent=68902"}],"wp:term":[{"taxonomy":"category","embeddable":true,"href":"https:\/\/orheifm.live\/index.php\/wp-json\/wp\/v2\/categories?post=68902"},{"taxonomy":"post_tag","embeddable":true,"href":"https:\/\/orheifm.live\/index.php\/wp-json\/wp\/v2\/tags?post=68902"}],"curies":[{"name":"wp","href":"https:\/\/api.w.org\/{rel}","templated":true}]}}