{"id":68900,"date":"2025-03-12T15:20:14","date_gmt":"2025-03-12T13:20:14","guid":{"rendered":"https:\/\/orheifm.live\/index.php\/2025\/03\/12\/produse-alimentare-si-de-igiena-transportate-ilegal-depistate-de-vamesi-pe-traseul-chisinau-leuseni\/"},"modified":"2025-03-12T15:20:14","modified_gmt":"2025-03-12T13:20:14","slug":"produse-alimentare-si-de-igiena-transportate-ilegal-depistate-de-vamesi-pe-traseul-chisinau-leuseni","status":"publish","type":"post","link":"https:\/\/orheifm.live\/index.php\/2025\/03\/12\/produse-alimentare-si-de-igiena-transportate-ilegal-depistate-de-vamesi-pe-traseul-chisinau-leuseni\/","title":{"rendered":"Produse alimentare \u0219i de igien\u0103 transportate ilegal, depistate de vame\u0219i pe traseul Chi\u0219in\u0103u-Leu\u0219eni"},"content":{"rendered":"<div>\n<p><strong>Ofi\u021berii echipelor mobile ale Serviciului Vamal au depistat un lot de peste 1.500 de produse alimentare \u0219i de igien\u0103 transportate ilegal pe traseul Chi\u0219in\u0103u-Leu\u0219eni. <\/strong><\/p>\n<p>Bunurile, de origine str\u0103in\u0103, erau ascunse \u00eentr-un autocamion \u201eVolvo\u201d condus de un moldovean de 35 de ani. Valoarea acestora dep\u0103\u0219e\u0219te 100.000 de lei. M\u0103rfurile au fost ridicate \u0219i risc\u0103 s\u0103 fie confiscate, iar persoana implicat\u0103 va suporta sanc\u021biuni conform legisla\u021biei vamale.<\/p>\n<p>Investiga\u021biile continu\u0103 pentru a stabili toate circumstan\u021bele.<\/p>\n<\/div>\n","protected":false},"excerpt":{"rendered":"<div><img loading=\"lazy\" decoding=\"async\" width=\"696\" height=\"928\" src=\"https:\/\/canal5.md\/wp-content\/uploads\/2025\/03\/5b6a99c912b2673ef2c180a8f1b9a3f0-768x1024-optimized.jpg\" class=\"attachment-large size-large wp-post-image\" alt=\"\" srcset=\"https:\/\/canal5.md\/wp-content\/uploads\/2025\/03\/5b6a99c912b2673ef2c180a8f1b9a3f0-768x1024-optimized.jpg 768w, https:\/\/canal5.md\/wp-content\/uploads\/2025\/03\/5b6a99c912b2673ef2c180a8f1b9a3f0-225x300-optimized.jpg 225w, https:\/\/canal5.md\/wp-content\/uploads\/2025\/03\/5b6a99c912b2673ef2c180a8f1b9a3f0-696x928-optimized.jpg 696w, https:\/\/canal5.md\/wp-content\/uploads\/2025\/03\/5b6a99c912b2673ef2c180a8f1b9a3f0-optimized.jpg 960w\">Ofi\u021berii echipelor mobile ale Serviciului Vamal au depistat un lot de peste 1.500 de produse alimentare \u0219i de igien\u0103 transportate ilegal pe traseul Chi\u0219in\u0103u-Leu\u0219eni. Bunurile, de origine str\u0103in\u0103, erau ascunse \u00eentr-un autocamion \u201eVolvo\u201d condus de un moldovean de 35 de ani. Valoarea acestora dep\u0103\u0219e\u0219te 100.000 de lei. M\u0103rfurile au fost ridicate \u0219i risc\u0103 s\u0103 fie [\u2026]<\/div>\n","protected":false},"author":1,"featured_media":68901,"comment_status":"closed","ping_status":"closed","sticky":false,"template":"","format":"standard","meta":{"jnews-multi-image_gallery":[],"jnews_single_post":[],"jnews_primary_category":[],"jnews_social_meta":[],"jnews_override_counter":[],"footnotes":""},"categories":[30],"tags":[],"class_list":["post-68900","post","type-post","status-publish","format-standard","has-post-thumbnail","hentry","category-social_ro"],"_links":{"self":[{"href":"https:\/\/orheifm.live\/index.php\/wp-json\/wp\/v2\/posts\/68900","targetHints":{"allow":["GET"]}}],"collection":[{"href":"https:\/\/orheifm.live\/index.php\/wp-json\/wp\/v2\/posts"}],"about":[{"href":"https:\/\/orheifm.live\/index.php\/wp-json\/wp\/v2\/types\/post"}],"author":[{"embeddable":true,"href":"https:\/\/orheifm.live\/index.php\/wp-json\/wp\/v2\/users\/1"}],"replies":[{"embeddable":true,"href":"https:\/\/orheifm.live\/index.php\/wp-json\/wp\/v2\/comments?post=68900"}],"version-history":[{"count":0,"href":"https:\/\/orheifm.live\/index.php\/wp-json\/wp\/v2\/posts\/68900\/revisions"}],"wp:featuredmedia":[{"embeddable":true,"href":"https:\/\/orheifm.live\/index.php\/wp-json\/wp\/v2\/media\/68901"}],"wp:attachment":[{"href":"https:\/\/orheifm.live\/index.php\/wp-json\/wp\/v2\/media?parent=68900"}],"wp:term":[{"taxonomy":"category","embeddable":true,"href":"https:\/\/orheifm.live\/index.php\/wp-json\/wp\/v2\/categories?post=68900"},{"taxonomy":"post_tag","embeddable":true,"href":"https:\/\/orheifm.live\/index.php\/wp-json\/wp\/v2\/tags?post=68900"}],"curies":[{"name":"wp","href":"https:\/\/api.w.org\/{rel}","templated":true}]}}