{"id":68898,"date":"2025-03-12T15:06:25","date_gmt":"2025-03-12T13:06:25","guid":{"rendered":"https:\/\/orheifm.live\/index.php\/2025\/03\/12\/calin-georgescu-acuza-franta-si-ue-de-influentarea-alegerilor-din-romania-oamenii-anunta-proteste-fata-de-ingerintele-externe\/"},"modified":"2025-03-12T15:06:25","modified_gmt":"2025-03-12T13:06:25","slug":"calin-georgescu-acuza-franta-si-ue-de-influentarea-alegerilor-din-romania-oamenii-anunta-proteste-fata-de-ingerintele-externe","status":"publish","type":"post","link":"https:\/\/orheifm.live\/index.php\/2025\/03\/12\/calin-georgescu-acuza-franta-si-ue-de-influentarea-alegerilor-din-romania-oamenii-anunta-proteste-fata-de-ingerintele-externe\/","title":{"rendered":"C\u0103lin Georgescu acuz\u0103 Fran\u021ba \u0219i UE de influen\u021barea alegerilor din Rom\u00e2nia. Oamenii anun\u021b\u0103 proteste fa\u021b\u0103 de ingerin\u021bele externe"},"content":{"rendered":"<div>\n<p><strong>Fostul candidat la alegerile preziden\u021biale C\u0103lin Georgescu a revenit, mar\u021bi sear\u0103, cu un mesaj dur dup\u0103 ce a fost eliminat definitiv din competi\u021bia electoral\u0103 prin decizia Cur\u021bii Constitu\u021bionale, acuz\u00e2nd influen\u021be externe \u0219i o \u201edictatur\u0103\u201d care ar controla Rom\u00e2nia \u0219i Europa. \u201eTr\u0103iasc\u0103 Fran\u021ba \u0219i Bruxelul, Tr\u0103iasc\u0103 colonia lor numit\u0103 Rom\u00e2nia!\u201d, a scris ironic Georgescu pe canalul s\u0103u oficial de X, ad\u0103ug\u00e2nd, totodat\u0103 c\u0103 \u201e R\u0103ul sistemului nu va \u00eenvinge\u201d. Tot de ingerin\u021be grave \u00een procesul electoral rom\u00e2n din partea pre\u0219edintelui francez Emanuel Macron \u0219i a Bruxelles-ului \u00een general, vorbesc \u0219i unii anali\u0219ti. \u00centre timp, aleg\u0103torii rom\u00e2ni, revolta\u021bi, preg\u0103tesc noi proteste pentru weekendul urm\u0103tor. <\/strong><br \/>\n<iframe loading=\"lazy\" title=\"YouTube video player\" src=\"https:\/\/www.youtube.com\/embed\/171oAe4evuw?si=5i26cekkatx1q0zK\" width=\"560\" height=\"315\" frameborder=\"0\" allowfullscreen=\"allowfullscreen\"><\/iframe><\/p>\n<p>Fostul candidat la alegerile preziden\u021biale C\u0103lin Georgescu a revenit, mar\u021bi sear\u0103, cu un mesaj dur, dup\u0103 ce a fost eliminat din competi\u021bia electoral\u0103, acuz\u00e2nd influen\u021be externe \u0219i o \u201edictatur\u0103\u201d care ar controla Rom\u00e2nia \u0219i Europa. Mesajul postat pe contul s\u0103u de X este redactat \u00een limbile rom\u00e2n\u0103, francez\u0103 \u0219i englez\u0103.<\/p>\n<p>\u2013 Azi, st\u0103p\u00e2nii au decis: f\u0103r\u0103 egalitate, f\u0103r\u0103 libertate, f\u0103r\u0103 fraternitate pentru Rom\u00e2ni. Tr\u0103iasc\u0103 Fran\u021ba \u0219i Bruxelul, Tr\u0103iasc\u0103 colonia lor numit\u0103 Rom\u00e2nia! \u00cen timp ce America devine m\u0103rea\u021b\u0103 din nou, Europa \u0219i Rom\u00e2nia \u2013 aflate \u00een dictatur\u0103, au devenit m\u0103runte \u0219i corupte. Indiferen\u021ba noastr\u0103 \u0219i a partenerilor no\u0219tri se va pl\u0103ti cu sufletul poporului acesta zdrobit \u00een aceste momente, dar v\u0103 asigur c\u0103 lucrurile nu vor r\u0103m\u00e2ne a\u0219a! R\u0103ul sistemului nu va \u00eenvinge, r\u0103ul lor nu ne va \u00eenvinge! Noi suntem poporul! Noi suntem Rom\u00e2nia! V\u0103 mul\u021bumesc\u201d, a scris Georgescu.<\/p>\n<p>\u201eAlegerile preziden\u021biale din Rom\u00e2nia par s\u0103 fie tot mai pu\u021bin despre voin\u021ba poporului \u0219i tot mai mult despre interesele externe\u201d, scrie portalul ortodoxinfo.ro, \u00eentr-un comentariu. Jurnali\u0219tii puncteaz\u0103 c\u0103 Fran\u021ba, un juc\u0103tor important pe scena european\u0103, pare hot\u0103r\u00e2t\u0103 s\u0103 \u00ee\u0219i impun\u0103 candidatul favorit, indiferent de voin\u021ba rom\u00e2nilor. Nu mai vorbim despre alegeri libere, ci despre o opera\u021biune de preluare a puterii, orchestrat cu metode care ar face invidios orice regim autoritar. Dac\u0103 un candidat devine incomod, este eliminat prin decizii birocratice, nu prin vot. \u00cen acest joc, rom\u00e2nii sunt doar spectatori, iar rezultatul este preg\u0103tit dinainte \u00een cancelariile occidentale. \u00cen loc s\u0103 sus\u021bin\u0103 democra\u021bia \u0219i dreptul rom\u00e2nilor de a-\u0219i alege liderul, Fran\u021ba ac\u021bioneaz\u0103 exact invers: preseaz\u0103, influen\u021beaz\u0103 \u0219i for\u021beaz\u0103 lucrurile pentru a ob\u021bine un pre\u0219edinte care s\u0103 le serveasc\u0103 interesele. Dac\u0103 acest model continu\u0103, Rom\u00e2nia risc\u0103 s\u0103 devin\u0103 doar o colonie obedient\u0103, f\u0103r\u0103 suveranitate<br \/>\nreal\u0103. \u201eVotul poporului rom\u00e2n trebuie s\u0103 decid\u0103 viitorul \u021b\u0103rii, nu directivele venite din afar\u0103!\u201d, mai scrie sursa citat\u0103.<\/p>\n<p>Amintim c\u0103 recent, pre\u0219edintele francez Emmanuel Macron a comentat, \u00eentr-un live transmis pe conturile sale de pe re\u021belele de socializare, alegerile preziden\u021biale din Rom\u00e2nia desf\u0103\u0219urate \u00een noiembrie anul trecut, afirm\u00e2nd c\u0103 decizia anul\u0103rii lor este una \u2013 cit\u0103m \u2013 \u201einedit\u0103, foarte grav\u0103, care a bulversat Rom\u00e2nia, decizie luat\u0103 de Curtea lor Suprem\u0103, judec\u0103tori care au luat aceast\u0103 decizie. Este extrem de grav \u0219i inedit, \u00een Uniunea European\u0103. Este dur c\u0103 instan\u021ba suprem\u0103 a identificat faptul c\u0103 Rusia, prin intermediari, conturi fake, rela\u021bii, a manipulat aceste alegeri. Cu utilizarea masiv\u0103 a anumitor re\u021bele sociale a influen\u021bat, chiar a pl\u0103tit voturi, a modificat sinceritatea scrutinului\u201d, a spus, la acel moment, pre\u0219edintele francez.<\/p>\n<p>\u00cen urma deciziei de mar\u021bi prin care CCR a invalidat candidatura lui Georgescu la preziden\u021biale, grupurile parlamentare AUR au decis s\u0103 intre \u00een grev\u0103 parlamentar\u0103. \u201eAlian\u021ba pentru Unirea Rom\u00e2nilor , \u00eempreun\u0103 cu celelalte forma\u021biuni suveraniste din Parlament, a ales s\u0103 protesteze \u00eentr-un mod democratic \u0219i constitu\u021bional printr-o grev\u0103 parlamentar\u0103. Nu putem gira ceea ce consider\u0103m a fi o lovitur\u0103 de stat, \u00eentruc\u00e2t elemente ale acestei grup\u0103ri se afl\u0103 \u00een Curtea Constitu\u021bional\u0103, Biroul Electoral Central, Camera Deputa\u021bilor \u0219i Senat\u201d, a declarat purt\u0103torul de cuv\u00e2nt AUR, Dan Tanas\u0103.<\/p>\n<p>\u00centre timp, rom\u00e2nii, indigna\u021bi de ingerin\u021bele \u00een alegeri, anun\u021b\u0103 c\u0103 vor protesta Duminic\u0103, 16 Martie, la Ambasada Fran\u021bei din Bucure\u0219ti, cer\u00e2nd expulzarea ambasadorului francez \u0219i avertizarea lui Macron de a nu se mai implica peste votul rom\u00e2nilor!<br \/>\nJudec\u0103torii Cur\u021bii Constitu\u021bionale au respins mar\u021bi contesta\u021bia depus\u0103 de C\u0103lin Georgescu, fiind men\u021binut\u0103 decizia Biroului Electoral Central de invalidare a candidaturii acestuia la alegerile preziden\u021biale din luna mai.<\/p>\n<\/div>\n","protected":false},"excerpt":{"rendered":"<div><img loading=\"lazy\" decoding=\"async\" width=\"696\" height=\"464\" src=\"https:\/\/canal5.md\/wp-content\/uploads\/2024\/11\/calin-georgescu-2-optimized.webp\" class=\"attachment-large size-large wp-post-image\" alt=\"\" srcset=\"https:\/\/canal5.md\/wp-content\/uploads\/2024\/11\/calin-georgescu-2-optimized.webp 799w, https:\/\/canal5.md\/wp-content\/uploads\/2024\/11\/calin-georgescu-2-300x200-optimized.webp 300w, https:\/\/canal5.md\/wp-content\/uploads\/2024\/11\/calin-georgescu-2-768x512-optimized.webp 768w, https:\/\/canal5.md\/wp-content\/uploads\/2024\/11\/calin-georgescu-2-696x464-optimized.webp 696w\">Fostul candidat la alegerile preziden\u021biale C\u0103lin Georgescu a revenit, mar\u021bi sear\u0103, cu un mesaj dur dup\u0103 ce a fost eliminat definitiv din competi\u021bia electoral\u0103 prin decizia Cur\u021bii Constitu\u021bionale, acuz\u00e2nd influen\u021be externe \u0219i o \u201edictatur\u0103\u201d care ar controla Rom\u00e2nia \u0219i Europa. \u201eTr\u0103iasc\u0103 Fran\u021ba \u0219i Bruxelul, Tr\u0103iasc\u0103 colonia lor numit\u0103 Rom\u00e2nia!\u201d, a scris ironic Georgescu pe canalul [\u2026]<\/div>\n","protected":false},"author":1,"featured_media":68899,"comment_status":"closed","ping_status":"closed","sticky":false,"template":"","format":"standard","meta":{"jnews-multi-image_gallery":[],"jnews_single_post":[],"jnews_primary_category":[],"jnews_social_meta":[],"jnews_override_counter":[],"footnotes":""},"categories":[23],"tags":[],"class_list":["post-68898","post","type-post","status-publish","format-standard","has-post-thumbnail","hentry","category-politica_ro"],"_links":{"self":[{"href":"https:\/\/orheifm.live\/index.php\/wp-json\/wp\/v2\/posts\/68898","targetHints":{"allow":["GET"]}}],"collection":[{"href":"https:\/\/orheifm.live\/index.php\/wp-json\/wp\/v2\/posts"}],"about":[{"href":"https:\/\/orheifm.live\/index.php\/wp-json\/wp\/v2\/types\/post"}],"author":[{"embeddable":true,"href":"https:\/\/orheifm.live\/index.php\/wp-json\/wp\/v2\/users\/1"}],"replies":[{"embeddable":true,"href":"https:\/\/orheifm.live\/index.php\/wp-json\/wp\/v2\/comments?post=68898"}],"version-history":[{"count":0,"href":"https:\/\/orheifm.live\/index.php\/wp-json\/wp\/v2\/posts\/68898\/revisions"}],"wp:featuredmedia":[{"embeddable":true,"href":"https:\/\/orheifm.live\/index.php\/wp-json\/wp\/v2\/media\/68899"}],"wp:attachment":[{"href":"https:\/\/orheifm.live\/index.php\/wp-json\/wp\/v2\/media?parent=68898"}],"wp:term":[{"taxonomy":"category","embeddable":true,"href":"https:\/\/orheifm.live\/index.php\/wp-json\/wp\/v2\/categories?post=68898"},{"taxonomy":"post_tag","embeddable":true,"href":"https:\/\/orheifm.live\/index.php\/wp-json\/wp\/v2\/tags?post=68898"}],"curies":[{"name":"wp","href":"https:\/\/api.w.org\/{rel}","templated":true}]}}